{"id":19601,"date":"2025-12-20T13:37:07","date_gmt":"2025-12-20T13:37:07","guid":{"rendered":"https:\/\/swiat24.pl.ua\/?p=19601"},"modified":"2025-12-20T13:37:07","modified_gmt":"2025-12-20T13:37:07","slug":"tradzik-luszczyca-egzema-kiedy-problemy-skorne-oslabiaja-nasze-zdrowie-psychiczne-i-przyczyniaja-sie-do-depresji","status":"publish","type":"post","link":"https:\/\/swiat24.pl.ua\/?p=19601","title":{"rendered":"Tr\u0105dzik, \u0142uszczyca, egzema\u2026 kiedy problemy sk\u00f3rne os\u0142abiaj\u0105 nasze zdrowie psychiczne i przyczyniaj\u0105 si\u0119 do depresji"},"content":{"rendered":"\n<p>Tr\u0105dzik, egzema, blizny\u2026 Te widoczne \u015blady na sk\u00f3rze cz\u0119sto skrywaj\u0105 g\u0142\u0119bsze rany.<\/p>\n\n\n\n<p>Za problemami sk\u00f3rnymi czasami kryje si\u0119 l\u0119k, utrata pewno\u015bci siebie, a nawet depresja.<\/p>\n\n\n\n<p>Przyjrzyjmy si\u0119 bli\u017cej temu cz\u0119sto pomijanemu zjawisku w \u015awiatowy Dzie\u0144 Depresji.<\/p>\n\n\n\n<p>Tr\u0105dzik,&nbsp;<a href=\"https:\/\/www.elle.fr\/Beaute\/Soins\/Questions\/Eczema-3579239\">egzema<\/a>&nbsp;, \u0142uszczyca czy atopowe zapalenie sk\u00f3ry\u2026 Prawie 2 miliardy ludzi na ca\u0142ym \u015bwiecie \u017cyje z&nbsp;<a href=\"https:\/\/www.elle.fr\/Beaute\/News-beaute\/Soins\/Eczema-psoriasis-acne-comment-nos-maladies-de-peau-impactent-notre-sommeil-4174675\">chorobami sk\u00f3ry<\/a>&nbsp;.<\/p>\n\n\n\n<p>Poza negatywnym wp\u0142ywem na estetyk\u0119 i dyskomfortem, jakie powoduj\u0105, te schorzenia sk\u00f3ry mog\u0105 prowadzi\u0107 do prawdziwego cierpienia, znacz\u0105co wp\u0142ywaj\u0105c na wizerunek w\u0142asny i pewno\u015b\u0107 siebie. U niekt\u00f3rych pacjent\u00f3w mo\u017ce to nawet prowadzi\u0107 do depresji.<\/p>\n\n\n\n<p>W filmie dokumentalnym La Roche-Posay \u201eBlizny \u017cycia\u201d dr Anthony Bewley, psychodermatolog, posuwa si\u0119 nawet do stwierdzenia, \u017ce \u200b\u200b\u201e5% naszych pacjent\u00f3w ma my\u015bli samob\u00f3jcze. To alarmuj\u0105ce\u201d.&nbsp;<\/p>\n\n\n\n<h2 class=\"wp-block-heading\">Nasz przewodnik zakupowy dla czystej, nieskazitelnej sk\u00f3ry<\/h2>\n\n\n\n<p>Odkryj niezb\u0119dne produkty od zespo\u0142u redakcyjnego ELLE w&nbsp; limitowanej edycji&nbsp;<a href=\"https:\/\/box.elle.fr\/#at_medium=Internal&amp;at_campaign=Box_by_ELLE&amp;at_format=Lien%20edito&amp;at_creation=Lancement%20&amp;at_variant=Factbox\">pude\u0142ka kosmetycznego<\/a>&nbsp;&nbsp;, bez zobowi\u0105za\u0144, ju\u017c od 29 \u20ac.<\/p>\n\n\n\n<h2 class=\"wp-block-heading\">B\u0142\u0119dne ko\u0142o, kt\u00f3re jest niebezpieczne dla zdrowia psychicznego&nbsp;<\/h2>\n\n\n\n<p>W filmie dokumentalnym Angie, studentka, zdradza, \u017ce \u200b\u200brozwa\u017ca\u0142a samob\u00f3jstwo z powodu egzemy i zwi\u0105zanej z ni\u0105 izolacji. Wp\u0142yn\u0119\u0142o to negatywnie na jej marzenia o karierze makija\u017cystki, poniewa\u017c jej sk\u00f3ra nie tolerowa\u0142a tego produktu, a tak\u017ce na jej \u017cycie osobiste. Czu\u0142a si\u0119 ci\u0119\u017carem dla rodzic\u00f3w, kt\u00f3rzy ponosili finansow\u0105 odpowiedzialno\u015b\u0107 za jej leczenie. \u201eNie chcia\u0142am ju\u017c mie\u0107 dzieci, bo ba\u0142am si\u0119, \u017ce zachoruj\u0105 na t\u0119 sam\u0105 chorob\u0119 co ja i przejd\u0105 przez to samo\u201d \u2013 zwierza si\u0119.&nbsp;<\/p>\n\n\n\n<p>Ta m\u0142oda kobieta nie jest odosobnionym przypadkiem. Europejskie badanie \u201ePsychologiczne obci\u0105\u017cenie chorobami sk\u00f3ry\u201d, opublikowane w czasopi\u015bmie \u201eJournal of Investigative Dermatology\u201d i przeprowadzone w 13 krajach, wykaza\u0142o, \u017ce 10,1% pacjent\u00f3w dermatologicznych cierpia\u0142o na depresj\u0119 kliniczn\u0105, w por\u00f3wnaniu z 4,3% w populacji og\u00f3lnej. Co wi\u0119cej, 12,7% pacjent\u00f3w dermatologicznych mia\u0142o my\u015bli samob\u00f3jcze, co stanowi odsetek wy\u017cszy ni\u017c obserwowany u pacjent\u00f3w og\u00f3lnych. To szokuj\u0105ce odkrycia, bior\u0105c pod uwag\u0119, \u017ce sytuacje te wzmacniaj\u0105 b\u0142\u0119dne ko\u0142o: im wi\u0119kszy stres i l\u0119k, tym bardziej nasilaj\u0105 si\u0119&nbsp;<a href=\"https:\/\/www.elle.fr\/Beaute\/La-peau-cle-de-notre-bien-etre\/Votre-peau-vous-parle-4023573\">objawy sk\u00f3rne<\/a>&nbsp;i odwrotnie.&nbsp;<\/p>\n\n\n\n<p>Aby zwalcza\u0107 te sytuacje, niezb\u0119dne jest holistyczne podej\u015bcie do problem\u00f3w dermatologicznych: po\u0142\u0105czenie wizyt u dermatologa (i p\u00f3\u017aniejszych zabieg\u00f3w) ze wsparciem psychologicznym. Innymi s\u0142owy, dbanie o sk\u00f3r\u0119, ale tak\u017ce o zdrowie psychiczne, mo\u017ce pom\u00f3c przerwa\u0107 b\u0142\u0119dne ko\u0142o mi\u0119dzy objawami sk\u00f3rnymi a g\u0142\u0119bokim poczuciem niepokoju.&nbsp;<\/p>\n","protected":false},"excerpt":{"rendered":"Tr\u0105dzik, egzema, blizny\u2026 Te widoczne \u015blady na sk\u00f3rze cz\u0119sto skrywaj\u0105 g\u0142\u0119bsze rany. Za problemami sk\u00f3rnymi czasami kryje si\u0119 l\u0119k, utrata pewno\u015bci siebie, a \n<a class=\"moretag\" href=\"https:\/\/swiat24.pl.ua\/?p=19601\"> [...]<\/a>","protected":false},"author":1,"featured_media":19602,"comment_status":"open","ping_status":"open","sticky":false,"template":"","format":"standard","meta":{"footnotes":""},"categories":[1],"tags":[],"class_list":["post-19601","post","type-post","status-publish","format-standard","has-post-thumbnail","hentry","category-blog"],"_links":{"self":[{"href":"https:\/\/swiat24.pl.ua\/index.php?rest_route=\/wp\/v2\/posts\/19601","targetHints":{"allow":["GET"]}}],"collection":[{"href":"https:\/\/swiat24.pl.ua\/index.php?rest_route=\/wp\/v2\/posts"}],"about":[{"href":"https:\/\/swiat24.pl.ua\/index.php?rest_route=\/wp\/v2\/types\/post"}],"author":[{"embeddable":true,"href":"https:\/\/swiat24.pl.ua\/index.php?rest_route=\/wp\/v2\/users\/1"}],"replies":[{"embeddable":true,"href":"https:\/\/swiat24.pl.ua\/index.php?rest_route=%2Fwp%2Fv2%2Fcomments&post=19601"}],"version-history":[{"count":1,"href":"https:\/\/swiat24.pl.ua\/index.php?rest_route=\/wp\/v2\/posts\/19601\/revisions"}],"predecessor-version":[{"id":19603,"href":"https:\/\/swiat24.pl.ua\/index.php?rest_route=\/wp\/v2\/posts\/19601\/revisions\/19603"}],"wp:featuredmedia":[{"embeddable":true,"href":"https:\/\/swiat24.pl.ua\/index.php?rest_route=\/wp\/v2\/media\/19602"}],"wp:attachment":[{"href":"https:\/\/swiat24.pl.ua\/index.php?rest_route=%2Fwp%2Fv2%2Fmedia&parent=19601"}],"wp:term":[{"taxonomy":"category","embeddable":true,"href":"https:\/\/swiat24.pl.ua\/index.php?rest_route=%2Fwp%2Fv2%2Fcategories&post=19601"},{"taxonomy":"post_tag","embeddable":true,"href":"https:\/\/swiat24.pl.ua\/index.php?rest_route=%2Fwp%2Fv2%2Ftags&post=19601"}],"curies":[{"name":"wp","href":"https:\/\/api.w.org\/{rel}","templated":true}]}}