{"id":19559,"date":"2025-12-19T13:58:32","date_gmt":"2025-12-19T13:58:32","guid":{"rendered":"https:\/\/swiat24.pl.ua\/?p=19559"},"modified":"2025-12-19T13:58:32","modified_gmt":"2025-12-19T13:58:32","slug":"ostry-konflikt-miedzy-premierem-a-prezydentem-tusk-odpowiada-na-decyzje-nawrockiego-o-odmowie-nominacji-sedziow-2","status":"publish","type":"post","link":"https:\/\/swiat24.pl.ua\/?p=19559","title":{"rendered":"Ostry konflikt mi\u0119dzy premierem a prezydentem. Tusk odpowiada na decyzj\u0119 Nawrockiego o odmowie nominacji s\u0119dzi\u00f3w"},"content":{"rendered":"\n<p>W \u015brod\u0119, 12 listopada 2025 roku, dosz\u0142o do zaostrzenia napi\u0119\u0107 mi\u0119dzy premierem Donaldem Tuskiem a prezydentem Karolem Nawrockim. <\/p>\n\n\n\n<p>Konflikt wybuch\u0142 w odpowiedzi na decyzj\u0119 prezydenta o odmowie podpisania nominacji dla 46 s\u0119dzi\u00f3w. Kwestia ta szybko zyska\u0142a rozg\u0142os w mediach spo\u0142eczno\u015bciowych i sta\u0142a si\u0119 symbolem g\u0142\u0119bszego sporu o podzia\u0142 w\u0142adzy w Polsce.<\/p>\n\n\n\n<h2 class=\"wp-block-heading\">Decyzja prezydenta o odmowie nominacji s\u0119dzi\u00f3w<\/h2>\n\n\n\n<p>Prezydent Karol Nawrocki og\u0142osi\u0142 w \u015brod\u0119, \u017ce odmawia nominacji dla 46 s\u0119dzi\u00f3w[1][2]. Powo\u0142uj\u0105c si\u0119 na orzeczenie Trybuna\u0142u Konstytucyjnego z 2012 roku, prezydent wskaza\u0142, \u017ce ma prawo do odmowy nominacji[1][2]. W swoim o\u015bwiadczeniu Nawrocki podkre\u015bli\u0142, \u017ce nie b\u0119dzie r\u00f3wnie\u017c udziela\u0107 awans\u00f3w s\u0119dziom, kt\u00f3rzy \u201ekwestionuj\u0105 porz\u0105dek konstytucyjno-prawny Rzeczypospolitej\u201d[1][2]. Zapowiedzia\u0142 r\u00f3wnie\u017c, \u017ce przez kolejne pi\u0119\u0107 lat \u017caden s\u0119dzia, kt\u00f3ry podwa\u017ca konstytucyjne uprawnienia prezydenta lub polski system prawny, nie b\u0119dzie m\u00f3g\u0142 liczy\u0107 na nominacj\u0119 lub awans[2].<\/p>\n\n\n\n<p>Prezydent zaznaczy\u0142, \u017ce jego decyzja nie jest jedynie gestem symbolicznym, lecz konkretnym dzia\u0142aniem[1][4]. Nawrocki zaatakowa\u0142 r\u00f3wnie\u017c ministra sprawiedliwo\u015bci Waldemara \u017burka, twierdz\u0105c, \u017ce \u201es\u0142ucha z\u0142ych podszept\u00f3w\u201d i zach\u0119ca s\u0119dzi\u00f3w do kwestionowania porz\u0105dku konstytucyjno-prawnego[1][3].<\/p>\n\n\n\n<figure class=\"wp-block-image\"><img decoding=\"async\" src=\"https:\/\/bystragrazyna.pl\/wp-content\/uploads\/2025\/11\/2171.jpg\" alt=\"obrazek\"\/><\/figure>\n\n\n\n<h2 class=\"wp-block-heading\">Krytyczna odpowied\u017a premiera Tuska<\/h2>\n\n\n\n<p>Premier Donald Tusk b\u0142yskawicznie zareagowa\u0142 na decyzj\u0119 prezydenta. W mediach spo\u0142eczno\u015bciowych napisa\u0142: \u201e\u017beby nie by\u0142o niczego \u2014 czyli doktryna Kononowicza w Pa\u0142acu Prezydenckim\u201d[1][3]. Wpis szybko zyska\u0142 popularno\u015b\u0107 i zacz\u0105\u0142 by\u0107 postrzegany jako zdecydowany kontratak na dzia\u0142ania Nawrockiego. Metafora do \u201edoktryny Kononowicza\u201d odnosi si\u0119 do negatywnej oceny sposobu sprawowania w\u0142adzy przez prezydenta[3].<\/p>\n\n\n\n<h2 class=\"wp-block-heading\">Szerszy kontekst konfliktu<\/h2>\n\n\n\n<p>Sp\u00f3r mi\u0119dzy premierem a prezydentem dotyczy fundamentalnego pytania o podzia\u0142 kompetencji mi\u0119dzy w\u0142adz\u0105 wykonawcz\u0105 a prezydentem. Tusk i jego rz\u0105d zapowiadali wcze\u015bniej reformy systemu nominacji s\u0119dziowskich oraz weryfikacj\u0119 powo\u0142a\u0144 dokonanych przez poprzednie w\u0142adze[5]. Decyzja Nawrockiego mo\u017ce znacz\u0105co wp\u0142yn\u0105\u0107 na relacje mi\u0119dzy Pa\u0142acem Prezydenckim a resortem sprawiedliwo\u015bci[5].<\/p>\n\n\n\n<p>Konflikt ma r\u00f3wnie\u017c g\u0142\u0119bsze korzenie \u2014 si\u0119ga sporu o reform\u0119 wymiaru sprawiedliwo\u015bci i niezawis\u0142o\u015b\u0107 s\u0105d\u00f3w. Rz\u0105d, kt\u00f3ry d\u0105\u017cy do zmian w systemie s\u0105downictwa, napotyka op\u00f3r ze strony prezydenta, kt\u00f3ry blokuje nominacje dla s\u0119dzi\u00f3w wspieraj\u0105cych jego wizj\u0119 reform.<\/p>\n\n\n\n<h2 class=\"wp-block-heading\">Polityczne implikacje decyzji<\/h2>\n\n\n\n<p>Wpis premiera Tuska na platformie X (dawniej Twitter) okaza\u0142 si\u0119 form\u0105 bezpo\u015bredniego przekazu, kt\u00f3ry natychmiast rozprzestrzeni\u0142 si\u0119 w mediach i internecie. Zamiast formalnego o\u015bwiadczenia, premier wybra\u0142 sarkazm i metafor\u0119, co wskazuje na eskalacj\u0119 konfliktu poza tradycyjne kana\u0142y komunikacji[3].<\/p>\n\n\n\n<p>Decyzja Nawrockiego wywo\u0142a\u0142a r\u00f3wnie\u017c dyskusj\u0119 w obozie koalicji rz\u0105dowej. Politycy komentowali, \u017ce dzia\u0142ania prezydenta stanowi\u0105 sabota\u017c dla funkcjonowania pa\u0144stwa i utrudniaj\u0105 realizacj\u0119 programu rz\u0105du[12]. Z drugiej strony, zwolennicy prezydenta argumentuj\u0105, \u017ce chroni on niezawis\u0142o\u015b\u0107 i porz\u0105dek konstytucyjny przed naciskami ministerstwa sprawiedliwo\u015bci.<\/p>\n","protected":false},"excerpt":{"rendered":"W \u015brod\u0119, 12 listopada 2025 roku, dosz\u0142o do zaostrzenia napi\u0119\u0107 mi\u0119dzy premierem Donaldem Tuskiem a prezydentem Karolem Nawrockim. Konflikt wybuch\u0142 w odpowiedzi na \n<a class=\"moretag\" href=\"https:\/\/swiat24.pl.ua\/?p=19559\"> [...]<\/a>","protected":false},"author":1,"featured_media":19560,"comment_status":"open","ping_status":"open","sticky":false,"template":"","format":"standard","meta":{"footnotes":""},"categories":[1],"tags":[],"class_list":["post-19559","post","type-post","status-publish","format-standard","has-post-thumbnail","hentry","category-blog"],"_links":{"self":[{"href":"https:\/\/swiat24.pl.ua\/index.php?rest_route=\/wp\/v2\/posts\/19559","targetHints":{"allow":["GET"]}}],"collection":[{"href":"https:\/\/swiat24.pl.ua\/index.php?rest_route=\/wp\/v2\/posts"}],"about":[{"href":"https:\/\/swiat24.pl.ua\/index.php?rest_route=\/wp\/v2\/types\/post"}],"author":[{"embeddable":true,"href":"https:\/\/swiat24.pl.ua\/index.php?rest_route=\/wp\/v2\/users\/1"}],"replies":[{"embeddable":true,"href":"https:\/\/swiat24.pl.ua\/index.php?rest_route=%2Fwp%2Fv2%2Fcomments&post=19559"}],"version-history":[{"count":1,"href":"https:\/\/swiat24.pl.ua\/index.php?rest_route=\/wp\/v2\/posts\/19559\/revisions"}],"predecessor-version":[{"id":19561,"href":"https:\/\/swiat24.pl.ua\/index.php?rest_route=\/wp\/v2\/posts\/19559\/revisions\/19561"}],"wp:featuredmedia":[{"embeddable":true,"href":"https:\/\/swiat24.pl.ua\/index.php?rest_route=\/wp\/v2\/media\/19560"}],"wp:attachment":[{"href":"https:\/\/swiat24.pl.ua\/index.php?rest_route=%2Fwp%2Fv2%2Fmedia&parent=19559"}],"wp:term":[{"taxonomy":"category","embeddable":true,"href":"https:\/\/swiat24.pl.ua\/index.php?rest_route=%2Fwp%2Fv2%2Fcategories&post=19559"},{"taxonomy":"post_tag","embeddable":true,"href":"https:\/\/swiat24.pl.ua\/index.php?rest_route=%2Fwp%2Fv2%2Ftags&post=19559"}],"curies":[{"name":"wp","href":"https:\/\/api.w.org\/{rel}","templated":true}]}}