{"id":19483,"date":"2025-12-18T13:24:18","date_gmt":"2025-12-18T13:24:18","guid":{"rendered":"https:\/\/swiat24.pl.ua\/?p=19483"},"modified":"2025-12-18T13:24:18","modified_gmt":"2025-12-18T13:24:18","slug":"jestem-chora-justyna-steczkowska-ze-sceny-ujawnila-swoje-klopoty-zdrowotne","status":"publish","type":"post","link":"https:\/\/swiat24.pl.ua\/?p=19483","title":{"rendered":"\u201eJestem chora\u201d. Justyna Steczkowska ze sceny ujawni\u0142a swoje k\u0142opoty zdrowotne"},"content":{"rendered":"\n<p>Podczas jednego z ostatnich koncert\u00f3w w warszawskim Amfiteatrze Bemowo, Justyna Steczkowska postanowi\u0142a szczerze porozmawia\u0107 z fanami o stanie swojego zdrowia. <\/p>\n\n\n\n<p>Mimo \u017ce boryka si\u0119 z chorob\u0105 i musi przyjmowa\u0107 antybiotyki, nie zdecydowa\u0142a si\u0119 odwo\u0142a\u0107 wyst\u0119pu, chc\u0105c podzi\u0119kowa\u0107 publiczno\u015bci swoj\u0105 obecno\u015bci\u0105. <\/p>\n\n\n\n<p>Jej g\u0142os brzmia\u0142 intryguj\u0105co \u2013 by\u0142 matowy i odbiega\u0142 od zwyk\u0142ej formy, co artystka sama skomentowa\u0142a na scenie.<\/p>\n\n\n\n<blockquote class=\"wp-block-quote is-layout-flow wp-block-quote-is-layout-flow\">\n<p>\u201eZanim zn\u00f3w zaczn\u0119 \u015bpiewa\u0107 tylko drobna prywata, poniewa\u017c s\u0142yszycie, \u017ce m\u00f3j g\u0142os jest taki matowy, nie m\u00f3j. Jestem chora, bior\u0119 antybiotyki, ale nie chcia\u0142am nie przyjecha\u0107 na ten koncert i odwo\u0142ywa\u0107 spotkania z wami. Je\u015bli nie b\u0119dzie to takie dobre, jak zwykle bywa, ja si\u0119 bardzo staram, bardzo was szanuj\u0119 i siebie sam\u0105, wi\u0119c nie wychodz\u0119 nieprzygotowana na scen\u0119. <\/p>\n\n\n\n<p>Zawsze staram si\u0119 by\u0107 zdrowa, pe\u0142na energii, mi\u0142o\u015bci do was przede wszystkim. Dzisiaj zosta\u0142a mi energia, mi\u0142o\u015b\u0107, g\u0142osu troch\u0119 mniej, wi\u0119c je\u015bli b\u0119d\u0105 jakie\u015b niedogodno\u015bci g\u0142osowe po prostu mi wybaczcie. To jest poza mn\u0105\u201d \u2013 wyzna\u0142a Steczkowska.<\/p>\n<\/blockquote>\n\n\n\n<p>Ta szczero\u015b\u0107 artystki poruszy\u0142a wielu jej fan\u00f3w, kt\u00f3rzy od razu zacz\u0119li \u017cyczy\u0107 jej szybkiego powrotu do zdrowia. Mimo trudno\u015bci, Justyna wykaza\u0142a si\u0119 wielkim profesjonalizmem i pasj\u0105 do muzyki, pokazuj\u0105c, \u017ce obecno\u015b\u0107 na scenie i kontakt z publiczno\u015bci\u0105 jest dla niej niezwykle wa\u017cny.<\/p>\n\n\n\n<h2 class=\"wp-block-heading\">Trwa koncertowa trasa \u201eEra Czarodoro Witch Tour\u201d<\/h2>\n\n\n\n<p>Aktualnie Justyna Steczkowska promuje sw\u00f3j najnowszy album \u201eWitch Tarohoro\u201d w ramach trasy koncertowej pod nazw\u0105&nbsp;<strong>\u201eEra Czarodoro Witch Tour\u201d<\/strong>. Wyst\u0119py obfituj\u0105 w niesamowite efekty wizualne oraz muzyczne, kt\u00f3re \u0142\u0105cz\u0105 elementy s\u0142owia\u0144skiej mitologii z przywo\u0142uj\u0105c\u0105 mistyczn\u0105 atmosfer\u0119 form\u0105 muzyki. Fani mog\u0105 spodziewa\u0107 si\u0119 po\u0142\u0105czenia brzmie\u0144 etnicznych z nowoczesn\u0105 elektronik\u0105, dzi\u0119ki czemu ka\u017cdy koncert jest prawdziwym widowiskiem.<\/p>\n\n\n\n<p>Trasa obejmuje 13 miast, m.in. Krak\u00f3w (6 wrze\u015bnia), Warszaw\u0119 (4 pa\u017adziernika) czy Wroc\u0142aw (15 listopada). Wykonawczyni wykorzystuje scen\u0119 nie tylko do prezentacji muzyki, lecz te\u017c do stworzenia spektaklu pe\u0142nego symboliki i unikalnego klimatu, wzbogaconego multimedialnymi projektami oraz oryginalnymi kostiumami.<\/p>\n\n\n\n<figure class=\"wp-block-image\"><img decoding=\"async\" src=\"https:\/\/www.zdrowienapoziomie.pl\/wp-content\/uploads\/2025\/10\/1694.jpg\" alt=\"\" class=\"wp-image-33120\"\/><\/figure>\n\n\n\n<h2 class=\"wp-block-heading\">Kilka s\u0142\u00f3w o karierze Justyny Steczkowskiej<\/h2>\n\n\n\n<p>Kariera Justyny Steczkowskiej ruszy\u0142a w 1994 roku, kiedy zdoby\u0142a g\u0142\u00f3wn\u0105 nagrod\u0119 w programie \u201eSzansa na sukces\u201d. Od tego momentu konsekwentnie umacnia swoj\u0105 pozycj\u0119 jako jedna z najzdolniejszych i najbardziej wszechstronnych polskich artystek. Jej charakterystyczny, czterooktawowy g\u0142os sta\u0142 si\u0119 jej wizyt\u00f3wk\u0105, ale Steczkowska to nie tylko wokalistka \u2013 znakomicie odnajduje si\u0119 tak\u017ce jako skrzypaczka, kompozytorka, aktorka oraz projektantka mody.<\/p>\n\n\n\n<p>Ma na koncie wiele presti\u017cowych nagr\u00f3d, w tym liczne Fryderyki, i dwukrotnie reprezentowa\u0142a Polsk\u0119 na Konkursie Piosenki Eurowizji. Jej dorobek obejmuje 16 album\u00f3w studyjnych oraz oko\u0142o 300 utwor\u00f3w i 40 teledysk\u00f3w. Poza muzyk\u0105 rozwija\u0142a si\u0119 te\u017c w aktorstwie, a jako trenerka i jurorka w \u201eThe Voice of Poland\u201d zdoby\u0142a przydomek \u201epani profesor\u201d dzi\u0119ki swojemu profesjonalizmowi i wymagaj\u0105cej postawie. Justyna anga\u017cuje si\u0119 r\u00f3wnie\u017c spo\u0142ecznie, wspieraj\u0105c liczne inicjatywy charytatywne.<\/p>\n\n\n\n<h2 class=\"wp-block-heading\">Profesjonalizm mimo przeciwno\u015bci<\/h2>\n\n\n\n<p>Pomimo choroby i trudno\u015bci ze zdrowiem, Justyna udowadnia, \u017ce ogromne zaanga\u017cowanie w prac\u0119 artystyczn\u0105 potrafi pokona\u0107 wiele przeszk\u00f3d. Swoj\u0105 otwarto\u015bci\u0105 i pe\u0142nym oddaniem zdoby\u0142a sympati\u0119 i szacunek nie tylko fan\u00f3w, ale i koleg\u00f3w po fachu. Jej nowa trasa koncertowa pokazuje, \u017ce z ka\u017cd\u0105 przeszkod\u0105 mo\u017cna si\u0119 mierzy\u0107 z podniesion\u0105 g\u0142ow\u0105.<\/p>\n","protected":false},"excerpt":{"rendered":"Podczas jednego z ostatnich koncert\u00f3w w warszawskim Amfiteatrze Bemowo, Justyna Steczkowska postanowi\u0142a szczerze porozmawia\u0107 z fanami o stanie swojego zdrowia. Mimo \u017ce boryka \n<a class=\"moretag\" href=\"https:\/\/swiat24.pl.ua\/?p=19483\"> [...]<\/a>","protected":false},"author":1,"featured_media":19484,"comment_status":"open","ping_status":"open","sticky":false,"template":"","format":"standard","meta":{"footnotes":""},"categories":[1],"tags":[],"class_list":["post-19483","post","type-post","status-publish","format-standard","has-post-thumbnail","hentry","category-blog"],"_links":{"self":[{"href":"https:\/\/swiat24.pl.ua\/index.php?rest_route=\/wp\/v2\/posts\/19483","targetHints":{"allow":["GET"]}}],"collection":[{"href":"https:\/\/swiat24.pl.ua\/index.php?rest_route=\/wp\/v2\/posts"}],"about":[{"href":"https:\/\/swiat24.pl.ua\/index.php?rest_route=\/wp\/v2\/types\/post"}],"author":[{"embeddable":true,"href":"https:\/\/swiat24.pl.ua\/index.php?rest_route=\/wp\/v2\/users\/1"}],"replies":[{"embeddable":true,"href":"https:\/\/swiat24.pl.ua\/index.php?rest_route=%2Fwp%2Fv2%2Fcomments&post=19483"}],"version-history":[{"count":1,"href":"https:\/\/swiat24.pl.ua\/index.php?rest_route=\/wp\/v2\/posts\/19483\/revisions"}],"predecessor-version":[{"id":19485,"href":"https:\/\/swiat24.pl.ua\/index.php?rest_route=\/wp\/v2\/posts\/19483\/revisions\/19485"}],"wp:featuredmedia":[{"embeddable":true,"href":"https:\/\/swiat24.pl.ua\/index.php?rest_route=\/wp\/v2\/media\/19484"}],"wp:attachment":[{"href":"https:\/\/swiat24.pl.ua\/index.php?rest_route=%2Fwp%2Fv2%2Fmedia&parent=19483"}],"wp:term":[{"taxonomy":"category","embeddable":true,"href":"https:\/\/swiat24.pl.ua\/index.php?rest_route=%2Fwp%2Fv2%2Fcategories&post=19483"},{"taxonomy":"post_tag","embeddable":true,"href":"https:\/\/swiat24.pl.ua\/index.php?rest_route=%2Fwp%2Fv2%2Ftags&post=19483"}],"curies":[{"name":"wp","href":"https:\/\/api.w.org\/{rel}","templated":true}]}}