{"id":19479,"date":"2025-12-18T12:25:15","date_gmt":"2025-12-18T12:25:15","guid":{"rendered":"https:\/\/swiat24.pl.ua\/?p=19479"},"modified":"2025-12-18T12:25:15","modified_gmt":"2025-12-18T12:25:15","slug":"zapytano-nawrockiego-czy-wesprze-wosp-nie-uwierzycie-jak-brzmiala-odpowiedz","status":"publish","type":"post","link":"https:\/\/swiat24.pl.ua\/?p=19479","title":{"rendered":"Zapytano Nawrockiego czy wesprze WO\u015aP. Nie uwierzycie jak brzmia\u0142a odpowied\u017a"},"content":{"rendered":"\n<p>Zbli\u017caj\u0105cy si\u0119 fina\u0142 WO\u015aP ponownie rozbudza emocje.<\/p>\n\n\n\n<p>Wraz z nim wraca nazwisko Jerzego Owsiaka.<\/p>\n\n\n\n<p>Pojawia si\u0119 te\u017c pytanie o postaw\u0119 g\u0142owy pa\u0144stwa.<\/p>\n\n\n\n<p>Czy Karol Nawrocki w jakikolwiek spos\u00f3b w\u0142\u0105czy si\u0119 w og\u00f3lnopolsk\u0105 zbi\u00f3rk\u0119.<\/p>\n\n\n\n<p>To pytanie powraca co roku.<\/p>\n\n\n\n<p>I niemal zawsze wywo\u0142uje podobne napi\u0119cia.<\/p>\n\n\n\n<p>Tegoroczna odpowied\u017a z Pa\u0142acu Prezydenckiego zamiast uspokoi\u0107 sytuacj\u0119, tylko j\u0105 skomplikowa\u0142a.<\/p>\n\n\n\n<p>Zamiast jasnej deklaracji pojawi\u0142 si\u0119 formalny komunikat.<\/p>\n\n\n\n<p>Komunikat, kt\u00f3ry pozostawi\u0142 wi\u0119cej w\u0105tpliwo\u015bci ni\u017c konkret\u00f3w.<\/p>\n\n\n\n<p>Wraz ze zbli\u017caj\u0105cym si\u0119 kolejnym fina\u0142em Wielka Orkiestra \u015awi\u0105tecznej Pomocy temat zaanga\u017cowania polityk\u00f3w zn\u00f3w wr\u00f3ci\u0142 do debaty publicznej.<\/p>\n\n\n\n<p>Dla wielu obywateli to kwestia symboliczna.<\/p>\n\n\n\n<p>Dla innych test relacji w\u0142adzy z jedn\u0105 z najbardziej rozpoznawalnych inicjatyw spo\u0142ecznych w kraju.<\/p>\n\n\n\n<p>WO\u015aP od lat kojarzona jest z dzia\u0142alno\u015bci\u0105 Jerzy Owsiak.<\/p>\n\n\n\n<p>I od lat wykracza poza ramy zwyk\u0142ej zbi\u00f3rki pieni\u0119dzy.<\/p>\n\n\n\n<p>Sta\u0142a si\u0119 elementem spo\u0142ecznej i politycznej wra\u017cliwo\u015bci.<\/p>\n\n\n\n<p>W tym kontek\u015bcie nazwisko prezydenta zacz\u0119\u0142o pojawia\u0107 si\u0119 w medialnych spekulacjach.<\/p>\n\n\n\n<p>Nie pad\u0142y jednak \u017cadne oficjalne zapowiedzi.<\/p>\n\n\n\n<p>Nie by\u0142o te\u017c jednoznacznych deklaracji.<\/p>\n\n\n\n<p>Samo zadanie pytania wystarczy\u0142o, by uruchomi\u0107 lawin\u0119 komentarzy.<\/p>\n\n\n\n<p>Do Kancelarii Prezydenta RP skierowano wi\u0119c konkretne zapytanie.<\/p>\n\n\n\n<p>Dotyczy\u0142o ono ewentualnego zaanga\u017cowania Karola Nawrockiego w nadchodz\u0105cy fina\u0142 WO\u015aP.<\/p>\n\n\n\n<p>Oczekiwania by\u0142y raczej umiarkowane.<\/p>\n\n\n\n<p>Wielu spodziewa\u0142o si\u0119 kr\u00f3tkiego \u201etak\u201d albo \u201enie\u201d.<\/p>\n\n\n\n<p>Odpowied\u017a nadesz\u0142a.<\/p>\n\n\n\n<p>Formalnie zamkn\u0119\u0142a spraw\u0119.<\/p>\n\n\n\n<p>W praktyce otworzy\u0142a j\u0105 na nowo.<\/p>\n\n\n\n<p>Zamiast deklaracji pojawi\u0142o si\u0119 odwo\u0142anie do przepis\u00f3w.<\/p>\n\n\n\n<p>Wskazano, \u017ce pytanie dotyczy przysz\u0142ych dzia\u0142a\u0144.<\/p>\n\n\n\n<p>A te nie s\u0105 traktowane jako informacja publiczna.<\/p>\n\n\n\n<p>Kancelaria Prezydenta RP przekaza\u0142a jasno, \u017ce takie kwestie nie podlegaj\u0105 obowi\u0105zkowi informacyjnemu.<\/p>\n\n\n\n<p>Podkre\u015blono, \u017ce plany i zamierzenia osoby sprawuj\u0105cej urz\u0105d nie stanowi\u0105 informacji o faktach.<\/p>\n\n\n\n<p>Tym samym nie potwierdzono udzia\u0142u prezydenta w finale.<\/p>\n\n\n\n<p>Nie zaprzeczono mu r\u00f3wnie\u017c.<\/p>\n\n\n\n<p>W oficjalnym stanowisku znalaz\u0142o si\u0119 jedno zdanie, kt\u00f3re sta\u0142o si\u0119 kluczowe.<\/p>\n\n\n\n<p>\u201eNie jest informacj\u0105 publiczn\u0105 wniosek obejmuj\u0105cy pytania o zdarzenia przysz\u0142e\u201d \u2014 przekazano.<\/p>\n\n\n\n<p>Taka interpretacja przepis\u00f3w skutecznie zamkn\u0119\u0142a drog\u0119 do jednoznacznej odpowiedzi.<\/p>\n\n\n\n<p>Opinia publiczna pozosta\u0142a bez konkret\u00f3w.<\/p>\n\n\n\n<p>Tym bardziej \u017ce 34. Fina\u0142 WO\u015aP zaplanowano na 25 stycznia 2026 roku.<\/p>\n\n\n\n<p>Jego celem b\u0119dzie wsparcie diagnostyki i leczenia chor\u00f3b przewodu pokarmowego u dzieci.<\/p>\n\n\n\n<p>Has\u0142o zbi\u00f3rki brzmi: \u201eZdrowe brzuszki naszych dzieci\u201d.<\/p>\n\n\n\n<p>W tym kontek\u015bcie brak jasnego stanowiska natychmiast wywo\u0142a\u0142 spekulacje.<\/p>\n\n\n\n<p>Ka\u017cde s\u0142owo.<\/p>\n\n\n\n<p>I ka\u017cdy jego brak.<\/p>\n\n\n\n<p>Zacz\u0119\u0142y by\u0107 interpretowane jako sygna\u0142 wysy\u0142any opinii publicznej.<\/p>\n\n\n\n<p>Dla jednych to ostro\u017cno\u015b\u0107 urz\u0119dowa.<\/p>\n\n\n\n<p>Dla innych \u015bwiadoma strategia komunikacyjna.<\/p>\n\n\n\n<p>Sprawa pokazuje, jak cienka bywa granica mi\u0119dzy formaln\u0105 poprawno\u015bci\u0105 a spo\u0142ecznymi oczekiwaniami.<\/p>\n\n\n\n<p>Prawo zosta\u0142o zachowane.<\/p>\n\n\n\n<p>Emocje pozosta\u0142y.<\/p>\n\n\n\n<p>A temat \u2014 zamiast znikn\u0105\u0107 \u2014 prawdopodobnie jeszcze powr\u00f3ci.<\/p>\n","protected":false},"excerpt":{"rendered":"Zbli\u017caj\u0105cy si\u0119 fina\u0142 WO\u015aP ponownie rozbudza emocje. Wraz z nim wraca nazwisko Jerzego Owsiaka. Pojawia si\u0119 te\u017c pytanie o postaw\u0119 g\u0142owy pa\u0144stwa. Czy \n<a class=\"moretag\" href=\"https:\/\/swiat24.pl.ua\/?p=19479\"> [...]<\/a>","protected":false},"author":1,"featured_media":19480,"comment_status":"open","ping_status":"open","sticky":false,"template":"","format":"standard","meta":{"footnotes":""},"categories":[1],"tags":[],"class_list":["post-19479","post","type-post","status-publish","format-standard","has-post-thumbnail","hentry","category-blog"],"_links":{"self":[{"href":"https:\/\/swiat24.pl.ua\/index.php?rest_route=\/wp\/v2\/posts\/19479","targetHints":{"allow":["GET"]}}],"collection":[{"href":"https:\/\/swiat24.pl.ua\/index.php?rest_route=\/wp\/v2\/posts"}],"about":[{"href":"https:\/\/swiat24.pl.ua\/index.php?rest_route=\/wp\/v2\/types\/post"}],"author":[{"embeddable":true,"href":"https:\/\/swiat24.pl.ua\/index.php?rest_route=\/wp\/v2\/users\/1"}],"replies":[{"embeddable":true,"href":"https:\/\/swiat24.pl.ua\/index.php?rest_route=%2Fwp%2Fv2%2Fcomments&post=19479"}],"version-history":[{"count":1,"href":"https:\/\/swiat24.pl.ua\/index.php?rest_route=\/wp\/v2\/posts\/19479\/revisions"}],"predecessor-version":[{"id":19481,"href":"https:\/\/swiat24.pl.ua\/index.php?rest_route=\/wp\/v2\/posts\/19479\/revisions\/19481"}],"wp:featuredmedia":[{"embeddable":true,"href":"https:\/\/swiat24.pl.ua\/index.php?rest_route=\/wp\/v2\/media\/19480"}],"wp:attachment":[{"href":"https:\/\/swiat24.pl.ua\/index.php?rest_route=%2Fwp%2Fv2%2Fmedia&parent=19479"}],"wp:term":[{"taxonomy":"category","embeddable":true,"href":"https:\/\/swiat24.pl.ua\/index.php?rest_route=%2Fwp%2Fv2%2Fcategories&post=19479"},{"taxonomy":"post_tag","embeddable":true,"href":"https:\/\/swiat24.pl.ua\/index.php?rest_route=%2Fwp%2Fv2%2Ftags&post=19479"}],"curies":[{"name":"wp","href":"https:\/\/api.w.org\/{rel}","templated":true}]}}