{"id":19371,"date":"2025-12-16T12:44:55","date_gmt":"2025-12-16T12:44:55","guid":{"rendered":"https:\/\/swiat24.pl.ua\/?p=19371"},"modified":"2025-12-16T12:44:55","modified_gmt":"2025-12-16T12:44:55","slug":"tusk-zdecydowanie-przesadzil-zostal-wezwany-na-dywanik-2","status":"publish","type":"post","link":"https:\/\/swiat24.pl.ua\/?p=19371","title":{"rendered":"Tusk zdecydowanie przesadzi\u0142!? Zosta\u0142 wezwany na dywanik"},"content":{"rendered":"\n<p>Relacje mi\u0119dzy premierem Donaldem Tuskiem a prezydentem Karolem Nawrockim wesz\u0142y w najbardziej gwa\u0142town\u0105 faz\u0119 od pocz\u0105tku ich wsp\u00f3\u0142pracy, a w\u0142a\u015bciwie \u2013 od pocz\u0105tku nieustaj\u0105cych spor\u00f3w.<\/p>\n\n\n\n<p>Iskr\u0105, kt\u00f3ra wywo\u0142a\u0142a otwarty konflikt, sta\u0142o si\u0119 wstrzymanie przez prezydenta nominacji generalskich i odznacze\u0144 dla funkcjonariuszy ABW i SKW.<\/p>\n\n\n\n<p>To decyzja, kt\u00f3ra uderza w samo centrum pa\u0144stwowego bezpiecze\u0144stwa i natychmiast doprowadzi\u0142a do politycznej eksplozji.<\/p>\n\n\n\n<p>Premier Tusk zamie\u015bci\u0142 w mediach spo\u0142eczno\u015bciowych wpis, w kt\u00f3rym nie zostawi\u0142 na prezydencie suchej nitki.<\/p>\n\n\n\n<p>Napisa\u0142, \u017ce odmowa podpisania awans\u00f3w dla oficer\u00f3w walcz\u0105cych z wrog\u0105 dywersj\u0105 nie jest zwyk\u0142ym sporem kompetencyjnym.<\/p>\n\n\n\n<p>Okre\u015bli\u0142 to jako \u201esabota\u017c wymierzony w bezpiecze\u0144stwo pa\u0144stwa\u201d.<\/p>\n\n\n\n<p>Tak mocne s\u0142owa szefa rz\u0105du pod adresem urz\u0119duj\u0105cego prezydenta s\u0105 bezprecedensowe.<\/p>\n\n\n\n<p>Pokazuj\u0105, \u017ce kana\u0142y komunikacji mi\u0119dzy \u201eDu\u017cym\u201d a \u201eMa\u0142ym Pa\u0142acem\u201d po prostu przesta\u0142y istnie\u0107.<\/p>\n\n\n\n<p>Wpis premiera sugerowa\u0142 wprost, \u017ce dzia\u0142ania prezydenta os\u0142abiaj\u0105 zdolno\u015b\u0107 s\u0142u\u017cb specjalnych do reagowania na zagro\u017cenia ze Wschodu.<\/p>\n\n\n\n<p>Komentarz z Pa\u0142acu Prezydenckiego pojawi\u0142 si\u0119 r\u00f3wnie szybko.<\/p>\n\n\n\n<p>Karol Nawrocki odpowiedzia\u0142 oskar\u017ceniem, \u017ce to premier pr\u00f3buje r\u0119cznie sterowa\u0107 pa\u0144stwem i ignoruje konstytucyjne prerogatywy g\u0142owy pa\u0144stwa.<\/p>\n\n\n\n<p>Powiedzia\u0142, \u017ce Donald Tusk \u201emusi zrozumie\u0107, \u017ce nie jest kr\u00f3lem, tylko szefem rz\u0105du\u201d.<\/p>\n\n\n\n<p>Prezydent twierdzi, \u017ce wstrzymanie nominacji wynika z troski o apolityczno\u015b\u0107 s\u0142u\u017cb.<\/p>\n\n\n\n<p>Wed\u0142ug jego otoczenia rz\u0105d pr\u00f3buje wykorzysta\u0107 ABW i SKW do bie\u017c\u0105cej walki politycznej.<\/p>\n\n\n\n<p>Pa\u0142ac wskazuje te\u017c, \u017ce premier unika\u0142 spotka\u0144, na kt\u00f3rych mia\u0142y by\u0107 omawiane kluczowe kwestie bezpiecze\u0144stwa.<\/p>\n\n\n\n<p>Nawrocki argumentuje, \u017ce nie pozwoli, by interes partyjny dominowa\u0142 nad pa\u0144stwowym.<\/p>\n\n\n\n<p>Twierdzi, \u017ce cz\u0119\u015b\u0107 wniosk\u00f3w awansowych by\u0142a motywowana politycznie, a nie merytorycznie.<\/p>\n\n\n\n<p>Eksperci ds. bezpiecze\u0144stwa alarmuj\u0105, \u017ce konflikt na tak wra\u017cliwym obszarze jest najgorszym mo\u017cliwym scenariuszem.<\/p>\n\n\n\n<p>Zwracaj\u0105 uwag\u0119, \u017ce zablokowanie awans\u00f3w uderza w morale funkcjonariuszy.<\/p>\n\n\n\n<p>Wskazuj\u0105, \u017ce brak wsp\u00f3\u0142pracy mi\u0119dzy premierem i prezydentem mo\u017ce prowadzi\u0107 do chaosu decyzyjnego w sytuacjach kryzysowych.<\/p>\n\n\n\n<p>Sami oficerowie maj\u0105 poczucie, \u017ce stali si\u0119 zak\u0142adnikami politycznego starcia, kt\u00f3re nie powinno dotyczy\u0107 s\u0142u\u017cb specjalnych.<\/p>\n\n\n\n<p>Obie strony konfliktu okopa\u0142y si\u0119 na swoich pozycjach.<\/p>\n\n\n\n<p>Premier mobilizuje opini\u0119 publiczn\u0105, odwo\u0142uj\u0105c si\u0119 do argument\u00f3w o bezpiecze\u0144stwie pa\u0144stwa.<\/p>\n\n\n\n<p>Prezydent buduje wizerunek \u201estra\u017cnika konstytucji\u201d, kt\u00f3ry nie ulega presji rz\u0105du.<\/p>\n\n\n\n<p>Pytanie brzmi, czy w obliczu zagro\u017ce\u0144 hybrydowych pa\u0144stwo polskie mo\u017ce sobie pozwoli\u0107 na tak g\u0142\u0119bok\u0105 polityczn\u0105 wojn\u0119.<\/p>\n\n\n\n<p>Na razie zamiast dialogu widzimy eskalacj\u0119, a jedynymi poszkodowanymi s\u0105 funkcjonariusze, kt\u00f3rych awanse sta\u0142y si\u0119 elementem politycznego pojedynku.<\/p>\n","protected":false},"excerpt":{"rendered":"Relacje mi\u0119dzy premierem Donaldem Tuskiem a prezydentem Karolem Nawrockim wesz\u0142y w najbardziej gwa\u0142town\u0105 faz\u0119 od pocz\u0105tku ich wsp\u00f3\u0142pracy, a w\u0142a\u015bciwie \u2013 od pocz\u0105tku \n<a class=\"moretag\" href=\"https:\/\/swiat24.pl.ua\/?p=19371\"> [...]<\/a>","protected":false},"author":1,"featured_media":19372,"comment_status":"open","ping_status":"open","sticky":false,"template":"","format":"standard","meta":{"footnotes":""},"categories":[1],"tags":[],"class_list":["post-19371","post","type-post","status-publish","format-standard","has-post-thumbnail","hentry","category-blog"],"_links":{"self":[{"href":"https:\/\/swiat24.pl.ua\/index.php?rest_route=\/wp\/v2\/posts\/19371","targetHints":{"allow":["GET"]}}],"collection":[{"href":"https:\/\/swiat24.pl.ua\/index.php?rest_route=\/wp\/v2\/posts"}],"about":[{"href":"https:\/\/swiat24.pl.ua\/index.php?rest_route=\/wp\/v2\/types\/post"}],"author":[{"embeddable":true,"href":"https:\/\/swiat24.pl.ua\/index.php?rest_route=\/wp\/v2\/users\/1"}],"replies":[{"embeddable":true,"href":"https:\/\/swiat24.pl.ua\/index.php?rest_route=%2Fwp%2Fv2%2Fcomments&post=19371"}],"version-history":[{"count":1,"href":"https:\/\/swiat24.pl.ua\/index.php?rest_route=\/wp\/v2\/posts\/19371\/revisions"}],"predecessor-version":[{"id":19373,"href":"https:\/\/swiat24.pl.ua\/index.php?rest_route=\/wp\/v2\/posts\/19371\/revisions\/19373"}],"wp:featuredmedia":[{"embeddable":true,"href":"https:\/\/swiat24.pl.ua\/index.php?rest_route=\/wp\/v2\/media\/19372"}],"wp:attachment":[{"href":"https:\/\/swiat24.pl.ua\/index.php?rest_route=%2Fwp%2Fv2%2Fmedia&parent=19371"}],"wp:term":[{"taxonomy":"category","embeddable":true,"href":"https:\/\/swiat24.pl.ua\/index.php?rest_route=%2Fwp%2Fv2%2Fcategories&post=19371"},{"taxonomy":"post_tag","embeddable":true,"href":"https:\/\/swiat24.pl.ua\/index.php?rest_route=%2Fwp%2Fv2%2Ftags&post=19371"}],"curies":[{"name":"wp","href":"https:\/\/api.w.org\/{rel}","templated":true}]}}