{"id":19357,"date":"2025-12-15T18:59:17","date_gmt":"2025-12-15T18:59:17","guid":{"rendered":"https:\/\/swiat24.pl.ua\/?p=19357"},"modified":"2025-12-15T18:59:17","modified_gmt":"2025-12-15T18:59:17","slug":"morawiecki-nadepnal-kaczynskiemu-na-odcisk-wyciekly-kompromitujace-kulisy","status":"publish","type":"post","link":"https:\/\/swiat24.pl.ua\/?p=19357","title":{"rendered":"Morawiecki &#8220;nadepn\u0105\u0142&#8221; Kaczy\u0144skiemu &#8220;na odcisk&#8221;. Wyciek\u0142y kompromituj\u0105ce kulisy"},"content":{"rendered":"\n<p>W PiS narasta napi\u0119cie. Jaros\u0142aw Kaczy\u0144ski pr\u00f3buje scali\u0107 parti\u0119, ale brak kluczowych polityk\u00f3w na wa\u017cnych spotkaniach i spory mi\u0119dzy frakcjami podwa\u017caj\u0105 przekaz jedno\u015bci. <\/p>\n\n\n\n<p>Niejasna rola Mateusza Morawieckiego dodatkowo komplikuje sytuacj\u0119.<\/p>\n\n\n\n<p>Nieudana pr\u00f3ba konsolidacji na Nowogrodzkiej<br>Prezes Jaros\u0142aw Kaczy\u0144ski planowa\u0142 doprowadzi\u0107 do uspokojenia nastroj\u00f3w w partii podczas posiedzenia Prezydium Komitetu Politycznego PiS, kt\u00f3re odby\u0142o si\u0119 12 grudnia w siedzibie przy ulicy Nowogrodzkiej.<\/p>\n\n\n\n<p> Zamierza\u0142 on zorganizowa\u0107 wsp\u00f3lne zdj\u0119cie wszystkich najwa\u017cniejszych polityk\u00f3w ugrupowania, co mia\u0142o stanowi\u0107 symboliczny akt jedno\u015bci i zako\u0144czy\u0107 wewn\u0119trzne spory. <\/p>\n\n\n\n<p>Na fotografii, obok prezesa spajaj\u0105cego frakcje, mieli znale\u017a\u0107 si\u0119 m.in. Mateusz Morawiecki, Mariusz B\u0142aszczak, Przemys\u0142aw Czarnek, Jacek Sasin, Tobiasz Boche\u0144ski oraz Patryk Jaki.<\/p>\n\n\n\n<p>Realizacja tego zamierzenia nie powiod\u0142a si\u0119 z powodu nieobecno\u015bci Mateusza Morawieckiego, kt\u00f3ry w tym czasie przebywa\u0142 na Podkarpaciu. By\u0142y premier realizowa\u0142 tam zaplanowane od kilku tygodni spotkania z wyborcami oraz dzia\u0142aczami partyjnymi. W reakcji na t\u0119 sytuacj\u0119 Jaros\u0142aw Kaczy\u0144ski publicznie wezwa\u0142 Morawieckiego do okre\u015blenia terminu, w kt\u00f3rym b\u0119dzie m\u00f3g\u0142 stawi\u0107 si\u0119 na posiedzeniu \u015bcis\u0142ych w\u0142adz partii.<\/p>\n\n\n\n<p>Planowana demonstracja jedno\u015bci zako\u0144czy\u0142a si\u0119 fiaskiem w\u0142a\u015bnie przez absencj\u0119 by\u0142ego szefa rz\u0105du na spotkaniu w Warszawie. Atmosfer\u0119 dodatkowo podgrza\u0142y dzia\u0142ania samego Morawieckiego, kt\u00f3ry tu\u017c po oficjalnej wigilii klubowej zorganizowa\u0142 w\u0142asn\u0105 \u201ema\u0142\u0105 wigili\u0119\u201d, co szeroko opisywa\u0142y media. Inicjatywa ta nie spotka\u0142a si\u0119 z entuzjazmem cz\u0119\u015bci polityk\u00f3w PiS, kt\u00f3rzy odebrali j\u0105 jako celowe podsycanie emocji wewn\u0105trz ugrupowania.<br><\/p>\n\n\n\n<figure class=\"wp-block-image size-full\"><img loading=\"lazy\" decoding=\"async\" width=\"913\" height=\"510\" src=\"https:\/\/swiat24.pl.ua\/wp-content\/uploads\/2025\/12\/image-20.png\" alt=\"\" class=\"wp-image-19358\" srcset=\"https:\/\/swiat24.pl.ua\/wp-content\/uploads\/2025\/12\/image-20.png 913w, https:\/\/swiat24.pl.ua\/wp-content\/uploads\/2025\/12\/image-20-300x168.png 300w, https:\/\/swiat24.pl.ua\/wp-content\/uploads\/2025\/12\/image-20-768x429.png 768w\" sizes=\"auto, (max-width: 913px) 100vw, 913px\" \/><\/figure>\n\n\n\n<p>Frakcyjne spory i zarzuty wobec by\u0142ego premiera<br>Jaros\u0142aw Kaczy\u0144ski przyzna\u0142, \u017ce w partii istniej\u0105 sprawy wymagaj\u0105ce wyja\u015bnienia, co stanowi potwierdzenie g\u0142\u0119bokich podzia\u0142\u00f3w wewn\u0105trz ugrupowania. Prezes PiS zamierza\u0142 przekaza\u0107 zwa\u015bnionym stronom, \u017ce mimo r\u00f3\u017cnic, nadszed\u0142 czas na zako\u0144czenie konflikt\u00f3w i wsp\u00f3ln\u0105 walk\u0119 o powr\u00f3t do w\u0142adzy. Sytuacj\u0119 komentuj\u0105 tak\u017ce politycy opozycji, jak Borys Budka, kt\u00f3ry zauwa\u017cy\u0142: \u201eZnam ludzi, z kt\u00f3rymi Morawiecki wsp\u00f3\u0142pracuje. S\u0105 ludzie (z otoczenia Morawieckiego), kt\u00f3rzy do nas r\u00f3wnie\u017c puszczaj\u0105 oko. Nieformalnie m\u00f3wi\u0105, \u017ce ten PiS to wcale nie tylko Kaczy\u0144ski, ale te\u017c pragmatycy z otoczenia Morawieckiego\u201d.<\/p>\n\n\n\n<p>G\u0142\u00f3wne linie podzia\u0142u przebiegaj\u0105 mi\u0119dzy otoczeniem by\u0142ego premiera a frakcj\u0105 nazywan\u0105 z\u0142o\u015bliwie \u201ema\u015blarzami\u201d, do kt\u00f3rej zaliczani s\u0105 m.in. Jacek Sasin i Tobiasz Boche\u0144ski. To w\u0142a\u015bnie ta grupa odpowiada za wykluczenie Mateusza Morawieckiego z partyjnych zespo\u0142\u00f3w programowych. Wewn\u0119trzni oponenci zarzucaj\u0105 by\u0142emu premierowi ch\u0119\u0107 opuszczenia PiS, dokonania roz\u0142amu i za\u0142o\u017cenia nowej formacji politycznej, a organizacja konkurencyjnej \u201ema\u0142ej wigilii\u201d dla w\u0142asnego \u015brodowiska jest postrzegana jako potwierdzenie tych d\u0105\u017ce\u0144. Powr\u00f3t wsp\u00f3\u0142pracownika Morawieckiego do prac programowych wywo\u0142a\u0142 burz\u0119 i wymaga\u0142 interwencji prezesa.<\/p>\n\n\n\n<p>Mimo atak\u00f3w, Mateusz Morawiecki mo\u017ce liczy\u0107 na wsparcie niekt\u00f3rych wp\u0142ywowych polityk\u00f3w. Podczas posiedzenia w\u0142adz partii w jego obronie stan\u0119li Ryszard Terlecki oraz Piotr Gli\u0144ski. Napi\u0119cie jest jednak wyra\u017ane, a z\u0142e emocje s\u0105 podsycane przez samych cz\u0142onk\u00f3w ugrupowania rz\u0105dz\u0105cego.<br><\/p>\n\n\n\n<p>Niepewno\u015b\u0107 wok\u00f3\u0142 przyw\u00f3dztwa rz\u0105du<br>Obecna sytuacja kontrastuje z wcze\u015bniejszymi deklaracjami Jaros\u0142awa Kaczy\u0144skiego, kt\u00f3ry kilka miesi\u0119cy temu sugerowa\u0142, \u017ce kandydatem na premiera b\u0119dzie Mateusz Morawiecki, a p\u00f3\u017aniej wymienia\u0142 w tym kontek\u015bcie Przemys\u0142awa Czarnka.<\/p>\n\n\n\n<p>Teraz prezes PiS, zar\u00f3wno publicznie, jak i na zamkni\u0119tych spotkaniach, stoi na stanowisku, \u017ce jest za wcze\u015bnie na wskazywanie konkretnego nazwiska. Tymczasem frakcja \u201ema\u015blarzy\u201d w ostatnich tygodniach kolportowa\u0142a opini\u0119, \u017ce Morawiecki straci\u0142 szanse na t\u0119 funkcj\u0119 i zapowiedzia\u0142a brak zgody na jego kandydatur\u0119.<\/p>\n\n\n\n<p>Przeci\u0105gaj\u0105ce si\u0119 dywagacje personalne s\u0105 przez wielu rozm\u00f3wc\u00f3w z wewn\u0105trz partii oceniane jako ja\u0142owe i szkodliwe. Brak jasnego przyw\u00f3dztwa budzi frustracj\u0119, co obrazuje wypowied\u017a jednego z polityk\u00f3w PiS: \u201eSonda\u017ce sonda\u017cami, ale wi\u0119kszy problem jest z tym, \u017ce nikt za bardzo nie wie, jak ruszy\u0107 do przodu, co zmieni\u0107, nie ma pomys\u0142u z gwarancj\u0105, \u017ce p\u00f3jdzie to ku lepszemu\u201d.<\/p>\n\n\n\n<p>Dylematy w sprawie Konfederacji i Grzegorza Brauna<br>Kolejnym problemem jest brak sp\u00f3jnej strategii wobec Konfederacji, co wida\u0107 po zmieniaj\u0105cej si\u0119 w ci\u0105gu kilku dni linii partii w sprawie oceny Grzegorza Brauna. Jaros\u0142aw Kaczy\u0144ski oraz cz\u0119\u015b\u0107 dzia\u0142aczy dostrzegaj\u0105 w rosn\u0105cych notowaniach tego polityka i jego formacji realne zagro\u017cenie dla PiS.<\/p>\n\n\n\n<p>W tej kwestii ujawni\u0142y si\u0119 jednak istotne rozbie\u017cno\u015bci. Jacek Sasin nie wykluczy\u0142 wsp\u00f3\u0142pracy, stwierdzaj\u0105c: \u201eJe\u015bli wyborcy zdecyduj\u0105, \u017ce partia Grzegorza Brauna znajdzie si\u0119 w parlamencie, i oka\u017ce si\u0119, \u017ce bez tej partii nie da si\u0119 zrobi\u0107 wi\u0119kszo\u015bci, to pewnie wtedy trzeba b\u0119dzie powa\u017cnie si\u0119 nad tym zastanowi\u0107, a nie m\u00f3wi\u0107 &#8216;nie, bo nie&#8217;\u201d. Zgo\u0142a odmienne stanowisko prezentowali Rados\u0142aw Fogiel, m\u00f3wi\u0105cy, \u017ce \u201enie trzeba wybiera\u0107 mi\u0119dzy d\u017cum\u0105 a choler\u0105\u201d, oraz Janusz Cieszy\u0144ski, kt\u00f3ry por\u00f3wna\u0142 taki wyb\u00f3r do dylematu: \u201eczy obetnie mi pan lew\u0105 nog\u0119, czy praw\u0105 nog\u0119\u201d.<\/p>\n\n\n\n<p>Ostatecznie Jaros\u0142aw Kaczy\u0144ski zdecydowanie odci\u0105\u0142 si\u0119 od lidera Konfederacji Korony Polskiej. Prezes PiS oskar\u017cy\u0142 go o wchodzenie na pole negacjonizmu w kwestii Holokaustu i stwierdzi\u0142: \u201eZnalaz\u0142 si\u0119 on poza jak\u0105kolwiek mo\u017cliwo\u015bci\u0105 uczestniczenia w polityce, zar\u00f3wno w Polsce, i, mam nadziej\u0119, \u017ce w cywilizowanym \u015bwiecie\u201d. Jednocze\u015bnie Kaczy\u0144ski zadeklarowa\u0142 ch\u0119\u0107 \u201eodbicia cz\u0119\u015bci zdezorientowanych wyborc\u00f3w Brauna\u201d.<br><\/p>\n\n\n\n<p>Niepewno\u015b\u0107 wok\u00f3\u0142 przyw\u00f3dztwa rz\u0105du<br>Obecna sytuacja kontrastuje z wcze\u015bniejszymi deklaracjami Jaros\u0142awa Kaczy\u0144skiego, kt\u00f3ry kilka miesi\u0119cy temu sugerowa\u0142, \u017ce kandydatem na premiera b\u0119dzie Mateusz Morawiecki, a p\u00f3\u017aniej wymienia\u0142 w tym kontek\u015bcie Przemys\u0142awa Czarnka.<\/p>\n\n\n\n<p>Teraz prezes PiS, zar\u00f3wno publicznie, jak i na zamkni\u0119tych spotkaniach, stoi na stanowisku, \u017ce jest za wcze\u015bnie na wskazywanie konkretnego nazwiska. Tymczasem frakcja \u201ema\u015blarzy\u201d w ostatnich tygodniach kolportowa\u0142a opini\u0119, \u017ce Morawiecki straci\u0142 szanse na t\u0119 funkcj\u0119 i zapowiedzia\u0142a brak zgody na jego kandydatur\u0119.<\/p>\n\n\n\n<p>Przeci\u0105gaj\u0105ce si\u0119 dywagacje personalne s\u0105 przez wielu rozm\u00f3wc\u00f3w z wewn\u0105trz partii oceniane jako ja\u0142owe i szkodliwe. Brak jasnego przyw\u00f3dztwa budzi frustracj\u0119, co obrazuje wypowied\u017a jednego z polityk\u00f3w PiS: \u201eSonda\u017ce sonda\u017cami, ale wi\u0119kszy problem jest z tym, \u017ce nikt za bardzo nie wie, jak ruszy\u0107 do przodu, co zmieni\u0107, nie ma pomys\u0142u z gwarancj\u0105, \u017ce p\u00f3jdzie to ku lepszemu\u201d.<\/p>\n\n\n\n<p>Dylematy w sprawie Konfederacji i Grzegorza Brauna<br>Kolejnym problemem jest brak sp\u00f3jnej strategii wobec Konfederacji, co wida\u0107 po zmieniaj\u0105cej si\u0119 w ci\u0105gu kilku dni linii partii w sprawie oceny Grzegorza Brauna. Jaros\u0142aw Kaczy\u0144ski oraz cz\u0119\u015b\u0107 dzia\u0142aczy dostrzegaj\u0105 w rosn\u0105cych notowaniach tego polityka i jego formacji realne zagro\u017cenie dla PiS.<\/p>\n\n\n\n<p>W tej kwestii ujawni\u0142y si\u0119 jednak istotne rozbie\u017cno\u015bci. Jacek Sasin nie wykluczy\u0142 wsp\u00f3\u0142pracy, stwierdzaj\u0105c: \u201eJe\u015bli wyborcy zdecyduj\u0105, \u017ce partia Grzegorza Brauna znajdzie si\u0119 w parlamencie, i oka\u017ce si\u0119, \u017ce bez tej partii nie da si\u0119 zrobi\u0107 wi\u0119kszo\u015bci, to pewnie wtedy trzeba b\u0119dzie powa\u017cnie si\u0119 nad tym zastanowi\u0107, a nie m\u00f3wi\u0107 &#8216;nie, bo nie&#8217;\u201d. Zgo\u0142a odmienne stanowisko prezentowali Rados\u0142aw Fogiel, m\u00f3wi\u0105cy, \u017ce \u201enie trzeba wybiera\u0107 mi\u0119dzy d\u017cum\u0105 a choler\u0105\u201d, oraz Janusz Cieszy\u0144ski, kt\u00f3ry por\u00f3wna\u0142 taki wyb\u00f3r do dylematu: \u201eczy obetnie mi pan lew\u0105 nog\u0119, czy praw\u0105 nog\u0119\u201d.<\/p>\n\n\n\n<p>Ostatecznie Jaros\u0142aw Kaczy\u0144ski zdecydowanie odci\u0105\u0142 si\u0119 od lidera Konfederacji Korony Polskiej. Prezes PiS oskar\u017cy\u0142 go o wchodzenie na pole negacjonizmu w kwestii Holokaustu i stwierdzi\u0142: \u201eZnalaz\u0142 si\u0119 on poza jak\u0105kolwiek mo\u017cliwo\u015bci\u0105 uczestniczenia w polityce, zar\u00f3wno w Polsce, i, mam nadziej\u0119, \u017ce w cywilizowanym \u015bwiecie\u201d. Jednocze\u015bnie Kaczy\u0144ski zadeklarowa\u0142 ch\u0119\u0107 \u201eodbicia cz\u0119\u015bci zdezorientowanych wyborc\u00f3w Brauna\u201d.<br><\/p>\n\n\n\n<figure class=\"wp-block-image size-full\"><img loading=\"lazy\" decoding=\"async\" width=\"908\" height=\"508\" src=\"https:\/\/swiat24.pl.ua\/wp-content\/uploads\/2025\/12\/image-21.png\" alt=\"\" class=\"wp-image-19359\" srcset=\"https:\/\/swiat24.pl.ua\/wp-content\/uploads\/2025\/12\/image-21.png 908w, https:\/\/swiat24.pl.ua\/wp-content\/uploads\/2025\/12\/image-21-300x168.png 300w, https:\/\/swiat24.pl.ua\/wp-content\/uploads\/2025\/12\/image-21-768x430.png 768w\" sizes=\"auto, (max-width: 908px) 100vw, 908px\" \/><\/figure>\n\n\n\n<p><\/p>\n","protected":false},"excerpt":{"rendered":"W PiS narasta napi\u0119cie. Jaros\u0142aw Kaczy\u0144ski pr\u00f3buje scali\u0107 parti\u0119, ale brak kluczowych polityk\u00f3w na wa\u017cnych spotkaniach i spory mi\u0119dzy frakcjami podwa\u017caj\u0105 przekaz jedno\u015bci. \n<a class=\"moretag\" href=\"https:\/\/swiat24.pl.ua\/?p=19357\"> [...]<\/a>","protected":false},"author":1,"featured_media":19360,"comment_status":"open","ping_status":"open","sticky":false,"template":"","format":"standard","meta":{"footnotes":""},"categories":[1],"tags":[],"class_list":["post-19357","post","type-post","status-publish","format-standard","has-post-thumbnail","hentry","category-blog"],"_links":{"self":[{"href":"https:\/\/swiat24.pl.ua\/index.php?rest_route=\/wp\/v2\/posts\/19357","targetHints":{"allow":["GET"]}}],"collection":[{"href":"https:\/\/swiat24.pl.ua\/index.php?rest_route=\/wp\/v2\/posts"}],"about":[{"href":"https:\/\/swiat24.pl.ua\/index.php?rest_route=\/wp\/v2\/types\/post"}],"author":[{"embeddable":true,"href":"https:\/\/swiat24.pl.ua\/index.php?rest_route=\/wp\/v2\/users\/1"}],"replies":[{"embeddable":true,"href":"https:\/\/swiat24.pl.ua\/index.php?rest_route=%2Fwp%2Fv2%2Fcomments&post=19357"}],"version-history":[{"count":1,"href":"https:\/\/swiat24.pl.ua\/index.php?rest_route=\/wp\/v2\/posts\/19357\/revisions"}],"predecessor-version":[{"id":19361,"href":"https:\/\/swiat24.pl.ua\/index.php?rest_route=\/wp\/v2\/posts\/19357\/revisions\/19361"}],"wp:featuredmedia":[{"embeddable":true,"href":"https:\/\/swiat24.pl.ua\/index.php?rest_route=\/wp\/v2\/media\/19360"}],"wp:attachment":[{"href":"https:\/\/swiat24.pl.ua\/index.php?rest_route=%2Fwp%2Fv2%2Fmedia&parent=19357"}],"wp:term":[{"taxonomy":"category","embeddable":true,"href":"https:\/\/swiat24.pl.ua\/index.php?rest_route=%2Fwp%2Fv2%2Fcategories&post=19357"},{"taxonomy":"post_tag","embeddable":true,"href":"https:\/\/swiat24.pl.ua\/index.php?rest_route=%2Fwp%2Fv2%2Ftags&post=19357"}],"curies":[{"name":"wp","href":"https:\/\/api.w.org\/{rel}","templated":true}]}}