{"id":19328,"date":"2025-12-15T14:31:05","date_gmt":"2025-12-15T14:31:05","guid":{"rendered":"https:\/\/swiat24.pl.ua\/?p=19328"},"modified":"2025-12-15T14:31:05","modified_gmt":"2025-12-15T14:31:05","slug":"uwazaj-jesli-slinisz-sie-w-nocy-oto-co-probuje-ci-powiedziec-twoje-cialo-2","status":"publish","type":"post","link":"https:\/\/swiat24.pl.ua\/?p=19328","title":{"rendered":"Uwa\u017caj, je\u015bli \u015blinisz si\u0119 w nocy. Oto, co pr\u00f3buje ci powiedzie\u0107 twoje cia\u0142o"},"content":{"rendered":"\n<p>Budzenie si\u0119 z poduszk\u0105 przesi\u0105kni\u0119t\u0105 \u015blin\u0105 jest nie tylko nieprzyjemne, ale i dla wielu stanowi zagadk\u0119. Dlaczego niekt\u00f3rzy ludzie \u015blini\u0105 si\u0119 przez sen i co oznacza to pozornie niegro\u017ane zjawisko?<\/p>\n\n\n\n<h2 class=\"wp-block-heading\">\u015alinienie si\u0119 w nocy: powszechne zjawisko(1\/12)<\/h2>\n\n\n\n<p>Nocne \u015blinienie si\u0119 to cz\u0119ste zjawisko, kt\u00f3re mo\u017ce dotkn\u0105\u0107 ka\u017cdego, powoduj\u0105c wilgotn\u0105 poduszk\u0119 po przebudzeniu. Zrozumienie mo\u017cliwych przyczyn tego nadmiernego \u015blinienia jest kluczowe.<\/p>\n\n\n\n<p><img loading=\"lazy\" decoding=\"async\" src=\"https:\/\/www.viepratique.fr\/wp-content\/uploads\/sites\/4\/2025\/06\/bave-nocturne-un-phenomene-courant-618x410.jpg\" width=\"618\" height=\"410\">\u00a9 Shutterstock<\/p>\n\n\n\n<h2 class=\"wp-block-heading\">Pozycja snu i \u015blinienie si\u0119 w nocy(2\/12)<\/h2>\n\n\n\n<p>Pozycja, w jakiej \u015bpimy, zw\u0142aszcza spanie na boku lub na brzuchu, mo\u017ce powodowa\u0107 \u015blinienie si\u0119 w nocy, zw\u0142aszcza gdy nos jest zatkany, co zmusza do oddychania przez usta.<\/p>\n\n\n\n<p><img loading=\"lazy\" decoding=\"async\" src=\"https:\/\/www.viepratique.fr\/wp-content\/uploads\/sites\/4\/2025\/06\/position-de-sommeil-et-bave-nocturne-615x410.jpg\" width=\"615\" height=\"410\">\u00a9 Shutterstock<\/p>\n\n\n\n<h2 class=\"wp-block-heading\">Problemy z oddychaniem i nocne \u015blinienie(3\/12)<\/h2>\n\n\n\n<p>Problemy z oddychaniem, takie jak zatkany nos lub zesp\u00f3\u0142 bezdechu sennego, mog\u0105 powodowa\u0107 zwi\u0119kszon\u0105 produkcj\u0119 \u015bliny, zaostrzaj\u0105c nocne \u015blinienie.<\/p>\n\n\n\n<p><img loading=\"lazy\" decoding=\"async\" src=\"https:\/\/www.viepratique.fr\/wp-content\/uploads\/sites\/4\/2025\/06\/problemes-respiratoires-et-bave-nocturne-615x410.jpg\" width=\"615\" height=\"410\">\u00a9 Shutterstock<\/p>\n\n\n\n<h2 class=\"wp-block-heading\">Nadmierne \u015blinienie si\u0119 i jego przyczyny&nbsp;(4\/12)<\/h2>\n\n\n\n<p>Nadmierne \u015blinienie si\u0119 mo\u017ce by\u0107 spowodowane diet\u0105, zmianami hormonalnymi u kobiet w ci\u0105\u017cy lub refluksem \u017co\u0142\u0105dkowo-prze\u0142ykowym, kt\u00f3ry powoduje zwi\u0119kszon\u0105 produkcj\u0119 \u015bliny.<\/p>\n\n\n\n<p><img loading=\"lazy\" decoding=\"async\" src=\"https:\/\/www.viepratique.fr\/wp-content\/uploads\/sites\/4\/2025\/06\/hypersalivation-et-ses-causes-1024x683.jpg\" width=\"1024\" height=\"683\">\u00a9 Shutterstock<\/p>\n\n\n\n<h2 class=\"wp-block-heading\">Zaka\u017cenia, alergie i nocne \u015blinienie&nbsp;(5\/12)<\/h2>\n\n\n\n<p>Infekcje uk\u0142adu oddechowego i alergie mog\u0105 powodowa\u0107 zatkany nos, zwi\u0119kszaj\u0105c ryzyko nocnego \u015blinienia si\u0119.<\/p>\n\n\n\n<p><img loading=\"lazy\" decoding=\"async\" src=\"https:\/\/www.viepratique.fr\/wp-content\/uploads\/sites\/4\/2025\/06\/infections-allergies-et-bave-nocturne-1024x684.jpg\" width=\"1024\" height=\"684\">\u00a9 Shutterstock<\/p>\n\n\n\n<h2 class=\"wp-block-heading\">Leki, zaburzenia neurologiczne i nocne \u015blinienie si\u0119&nbsp;(6\/12)<\/h2>\n\n\n\n<p>Niekt\u00f3re leki i zaburzenia neurologiczne, na przyk\u0142ad leki przeciwpsychotyczne lub choroba Parkinsona, mog\u0105 powodowa\u0107 nadmierne wydzielanie \u015bliny.<\/p>\n\n\n\n<p><img loading=\"lazy\" decoding=\"async\" src=\"https:\/\/www.viepratique.fr\/wp-content\/uploads\/sites\/4\/2025\/06\/medicaments-troubles-neurologiques-et-bave-nocturne-1024x576.jpg\" width=\"1024\" height=\"576\">\u00a9 Shutterstock<\/p>\n\n\n\n<h2 class=\"wp-block-heading\">Zmie\u0144 pozycj\u0119, aby zmniejszy\u0107 \u015blinienie&nbsp;(7\/12)<\/h2>\n\n\n\n<p>Zmiana pozycji podczas snu, zw\u0142aszcza spanie na plecach, mo\u017ce zmniejszy\u0107 nocne \u015blinienie. U\u017cycie poduszki z odpowiednim wsparciem mo\u017ce u\u0142atwi\u0107 t\u0119 zmian\u0119.<\/p>\n\n\n\n<p><img loading=\"lazy\" decoding=\"async\" src=\"https:\/\/www.viepratique.fr\/wp-content\/uploads\/sites\/4\/2025\/06\/changer-de-position-pour-reduire-la-bave-1024x683.jpg\" width=\"1024\" height=\"683\">\u00a9 Shutterstock<\/p>\n\n\n\n<h2 class=\"wp-block-heading\">Leczenie problem\u00f3w z oddychaniem&nbsp;(8\/12)<\/h2>\n\n\n\n<p>Leczenie problem\u00f3w z oddychaniem za pomoc\u0105 spray\u00f3w obkurczaj\u0105cych b\u0142on\u0119 \u015bluzow\u0105 nosa lub lek\u00f3w przeciwhistaminowych mo\u017ce pom\u00f3c zmniejszy\u0107 nocne \u015blinienie. W przypadku bezdechu sennego niezb\u0119dna jest diagnoza lekarska.<\/p>\n\n\n\n<p><img loading=\"lazy\" decoding=\"async\" src=\"https:\/\/www.viepratique.fr\/wp-content\/uploads\/sites\/4\/2025\/06\/traiter-les-problemes-respiratoires-1024x683.jpg\" width=\"1024\" height=\"683\">\u00a9 Shutterstock<\/p>\n\n\n\n<h2 class=\"wp-block-heading\">Zmniejsz nadmierne \u015blinienie si\u0119 po jedzeniu&nbsp;(9\/12)<\/h2>\n\n\n\n<p>Unikanie pikantnych i kwa\u015bnych potraw mo\u017ce zmniejszy\u0107 nadmierne wydzielanie \u015bliny. Zaleca si\u0119 konsultacj\u0119 z lekarzem w celu ustalenia odpowiedniego leczenia refluksu \u017co\u0142\u0105dkowo-prze\u0142ykowego.<\/p>\n\n\n\n<p><img loading=\"lazy\" decoding=\"async\" src=\"https:\/\/www.viepratique.fr\/wp-content\/uploads\/sites\/4\/2025\/06\/reduire-lhypersalivation-alimentaire-1024x683.jpg\" width=\"1024\" height=\"683\">\u00a9 Shutterstock<\/p>\n\n\n\n<h2 class=\"wp-block-heading\">\u0106wiczenia na zaburzenia neurologiczne&nbsp;(10\/12)<\/h2>\n\n\n\n<p>\u0106wiczenia twarzowo-twarzowe wykonywane pod nadzorem lekarza mog\u0105 poprawi\u0107 kontrol\u0119 mi\u0119\u015bni u os\u00f3b cierpi\u0105cych na zaburzenia neurologiczne, redukuj\u0105c w ten spos\u00f3b \u015blinienie si\u0119.<\/p>\n\n\n\n<p><img loading=\"lazy\" decoding=\"async\" src=\"https:\/\/www.viepratique.fr\/wp-content\/uploads\/sites\/4\/2025\/06\/exercices-pour-troubles-neurologiques-1024x518.jpg\" width=\"1024\" height=\"518\">\u00a9 Shutterstock<\/p>\n\n\n\n<h2 class=\"wp-block-heading\">Rozwi\u0105zania medyczne w przypadku silnego nadmiernego \u015blinienia si\u0119&nbsp;(11\/12)<\/h2>\n\n\n\n<p>W ci\u0119\u017ckich przypadkach nadmiernego wydzielania \u015bliny mo\u017cna rozwa\u017cy\u0107 wstrzykni\u0119cia toksyny botulinowej lub interwencj\u0119 chirurgiczn\u0105 w celu zmniejszenia produkcji \u015bliny.<\/p>\n\n\n\n<p><img loading=\"lazy\" decoding=\"async\" src=\"https:\/\/www.viepratique.fr\/wp-content\/uploads\/sites\/4\/2025\/06\/solutions-medicales-pour-hypersalivation-severe-1024x683.jpg\" width=\"1024\" height=\"683\">\u00a9 Shutterstock<\/p>\n\n\n\n<h2 class=\"wp-block-heading\">W przypadku przewlek\u0142ego \u015blinienia si\u0119 nale\u017cy skonsultowa\u0107 si\u0119 z lekarzem&nbsp;(12\/12)<\/h2>\n\n\n\n<p>Je\u015bli nocne \u015blinienie si\u0119 staje si\u0119 przewlek\u0142e lub pogarsza jako\u015b\u0107 \u017cycia, konieczna jest konsultacja lekarska w celu ustalenia przyczyny i dobrania odpowiedniego leczenia.<\/p>\n\n\n\n<figure class=\"wp-block-image\"><img decoding=\"async\" src=\"https:\/\/www.viepratique.fr\/wp-content\/uploads\/sites\/4\/2025\/06\/consulter-un-medecin-pour-la-bave-chronique-1024x518.jpg\" alt=\"\"\/><\/figure>\n","protected":false},"excerpt":{"rendered":"Budzenie si\u0119 z poduszk\u0105 przesi\u0105kni\u0119t\u0105 \u015blin\u0105 jest nie tylko nieprzyjemne, ale i dla wielu stanowi zagadk\u0119. Dlaczego niekt\u00f3rzy ludzie \u015blini\u0105 si\u0119 przez sen \n<a class=\"moretag\" href=\"https:\/\/swiat24.pl.ua\/?p=19328\"> [...]<\/a>","protected":false},"author":1,"featured_media":19329,"comment_status":"open","ping_status":"open","sticky":false,"template":"","format":"standard","meta":{"footnotes":""},"categories":[1],"tags":[],"class_list":["post-19328","post","type-post","status-publish","format-standard","has-post-thumbnail","hentry","category-blog"],"_links":{"self":[{"href":"https:\/\/swiat24.pl.ua\/index.php?rest_route=\/wp\/v2\/posts\/19328","targetHints":{"allow":["GET"]}}],"collection":[{"href":"https:\/\/swiat24.pl.ua\/index.php?rest_route=\/wp\/v2\/posts"}],"about":[{"href":"https:\/\/swiat24.pl.ua\/index.php?rest_route=\/wp\/v2\/types\/post"}],"author":[{"embeddable":true,"href":"https:\/\/swiat24.pl.ua\/index.php?rest_route=\/wp\/v2\/users\/1"}],"replies":[{"embeddable":true,"href":"https:\/\/swiat24.pl.ua\/index.php?rest_route=%2Fwp%2Fv2%2Fcomments&post=19328"}],"version-history":[{"count":1,"href":"https:\/\/swiat24.pl.ua\/index.php?rest_route=\/wp\/v2\/posts\/19328\/revisions"}],"predecessor-version":[{"id":19330,"href":"https:\/\/swiat24.pl.ua\/index.php?rest_route=\/wp\/v2\/posts\/19328\/revisions\/19330"}],"wp:featuredmedia":[{"embeddable":true,"href":"https:\/\/swiat24.pl.ua\/index.php?rest_route=\/wp\/v2\/media\/19329"}],"wp:attachment":[{"href":"https:\/\/swiat24.pl.ua\/index.php?rest_route=%2Fwp%2Fv2%2Fmedia&parent=19328"}],"wp:term":[{"taxonomy":"category","embeddable":true,"href":"https:\/\/swiat24.pl.ua\/index.php?rest_route=%2Fwp%2Fv2%2Fcategories&post=19328"},{"taxonomy":"post_tag","embeddable":true,"href":"https:\/\/swiat24.pl.ua\/index.php?rest_route=%2Fwp%2Fv2%2Ftags&post=19328"}],"curies":[{"name":"wp","href":"https:\/\/api.w.org\/{rel}","templated":true}]}}