{"id":19312,"date":"2025-12-15T11:56:49","date_gmt":"2025-12-15T11:56:49","guid":{"rendered":"https:\/\/swiat24.pl.ua\/?p=19312"},"modified":"2025-12-15T11:56:49","modified_gmt":"2025-12-15T11:56:49","slug":"karol-nawrocki-rezygnuje-z-dotychczasowej-tradycji-religijnej-w-palacu-prezydenckim","status":"publish","type":"post","link":"https:\/\/swiat24.pl.ua\/?p=19312","title":{"rendered":"Karol Nawrocki rezygnuje z dotychczasowej tradycji religijnej w Pa\u0142acu Prezydenckim"},"content":{"rendered":"\n<p>W tym roku w Pa\u0142acu Prezydenckim nie odb\u0119d\u0105 si\u0119 tradycyjne obchody Chanuki, kt\u00f3re przez wiele lat by\u0142y elementem kalendarza uroczysto\u015bci pa\u0144stwowych i symbolem dialogu mi\u0119dzykulturowego. <\/p>\n\n\n\n<p>Decyzja prezydenta Karola Nawrockiego wzbudzi\u0142a zainteresowanie opinii publicznej oraz pytania o kierunek polityki symbolicznej nowej g\u0142owy pa\u0144stwa. <\/p>\n\n\n\n<p>Jednocze\u015bnie spo\u0142eczno\u015b\u0107 \u017cydowska w Polsce zapewnia, \u017ce \u015bwi\u0119to zostanie uczczone w innej, r\u00f3wnie presti\u017cowej przestrzeni.<\/p>\n\n\n\n<h3 class=\"wp-block-heading\">Chanuka bez Pa\u0142acu Prezydenckiego. Co si\u0119 zmieni\u0142o?<\/h3>\n\n\n\n<p>Przez lata Pa\u0142ac Prezydencki by\u0142 miejscem oficjalnych obchod\u00f3w Chanuki, co podkre\u015bla\u0142o otwarto\u015b\u0107 pa\u0144stwa na r\u00f3\u017cnorodno\u015b\u0107 religijn\u0105 i kulturow\u0105. Uroczysto\u015bci mia\u0142y charakter nie tylko religijny, ale r\u00f3wnie\u017c symboliczny, stanowi\u0105c wyraz dialogu i wzajemnego szacunku.<\/p>\n\n\n\n<p>Jak informuj\u0105 przedstawiciele spo\u0142eczno\u015bci \u017cydowskiej w rozmowie z \u201eRzeczpospolit\u0105\u201d, w tym roku zaproszenia do Pa\u0142acu Prezydenckiego nie zosta\u0142y wys\u0142ane. Oznacza to, \u017ce tradycyjne uroczysto\u015bci nie odb\u0119d\u0105 si\u0119 w siedzibie prezydenta.<\/p>\n\n\n\n<p>Dotychczas takie sytuacje zdarza\u0142y si\u0119 niezwykle rzadko. Ostatni raz obchody Chanuki w Pa\u0142acu zosta\u0142y odwo\u0142ane w 2019 roku, gdy \u015bwi\u0119to przypada\u0142o tu\u017c przed Bo\u017cym Narodzeniem, a urz\u0119duj\u0105cy w\u00f3wczas prezydent przebywa\u0142 poza Warszaw\u0105. Mimo to zorganizowano w\u00f3wczas spotkanie \u015bwi\u0105teczno-noworoczne z udzia\u0142em przedstawicieli spo\u0142eczno\u015bci \u017cydowskiej.<\/p>\n\n\n\n<p>Ju\u017c wcze\u015bniej Karol Nawrocki, jeszcze jako kandydat na prezydenta, zapowiada\u0142 w wywiadzie dla RMF FM, \u017ce nie planuje kontynuowa\u0107 tradycji zapalania \u015bwiec chanukowych w Pa\u0142acu.<\/p>\n\n\n\n<p>\u2014 Nie. Swoje pogl\u0105dy i przywi\u0105zanie do warto\u015bci chrze\u015bcija\u0144skich traktuj\u0119 powa\u017cnie, dlatego obchodz\u0119 \u015bwi\u0119ta, kt\u00f3re s\u0105 mi bliskie \u2014 m\u00f3wi\u0142 w\u00f3wczas.<\/p>\n\n\n\n<h3 class=\"wp-block-heading\">Chanuka przenosi si\u0119 do Sejmu<\/h3>\n\n\n\n<p>Cho\u0107 Pa\u0142ac Prezydencki w tym roku nie b\u0119dzie miejscem obchod\u00f3w, Chanuka nie zniknie z przestrzeni publicznej. Uroczysto\u015bci zaplanowano w Sejmie na poniedzia\u0142ek, 15 grudnia.<\/p>\n\n\n\n<p>Rabin Szalom Dow Ber Stambler, przewodnicz\u0105cy Chabad-Lubawicz w Polsce i jeden z organizator\u00f3w wydarzenia, podkre\u015bla dobr\u0105 wsp\u00f3\u0142prac\u0119 z Kancelari\u0105 Sejmu.<\/p>\n\n\n\n<p>\u2014 Otrzymujemy sygna\u0142y, \u017ce mo\u017cemy spodziewa\u0107 si\u0119 silnej reprezentacji \u2014 zaznacza w rozmowie z \u201eRzeczpospolit\u0105\u201d.<\/p>\n\n\n\n<p>Zmiana lokalizacji oznacza wprawdzie nowe wyzwania organizacyjne, jednak organizatorzy zapewniaj\u0105, \u017ce charakter uroczysto\u015bci pozostanie zgodny z wieloletni\u0105 tradycj\u0105. Sejm od lat go\u015bci wydarzenia o charakterze religijnym i symbolicznie pozostaje wa\u017cnym miejscem dla takich spotka\u0144.<\/p>\n\n\n\n<h3 class=\"wp-block-heading\">Tradycja wci\u0105\u017c obecna w \u017cyciu publicznym<\/h3>\n\n\n\n<p>Decyzja prezydenta nie oznacza odej\u015bcia od wszystkich dotychczasowych zwyczaj\u00f3w religijnych w przestrzeni publicznej. Trzy dni po sejmowych obchodach Chanuki zaplanowane jest tradycyjne spotkanie wigilijne pos\u0142\u00f3w i senator\u00f3w.<\/p>\n\n\n\n<p>Marsza\u0142ek Sejmu W\u0142odzimierz Czarzasty zapewnia, \u017ce zmiany nie maj\u0105 charakteru ideologicznego, a parlament zamierza zachowa\u0107 ci\u0105g\u0142o\u015b\u0107 dotychczasowych tradycji.<\/p>\n\n\n\n<p>\u2014 Jest kontynuacja. Tu nie ma \u017cadnej ideologii, jest tradycja. By\u0142a Chanuka \u2013 jest Chanuka. By\u0142y \u015bwi\u0119ta Bo\u017cego Narodzenia \u2013 s\u0105 \u015bwi\u0119ta Bo\u017cego Narodzenia. Je\u017celi kto\u015b liczy\u0142 na rewolucj\u0119 \u015bwiatopogl\u0105dow\u0105, to si\u0119 zawiedzie \u2014 podkre\u015bla w rozmowie z \u201eRzeczpospolit\u0105\u201d.<\/p>\n\n\n\n<p>Ostatecznie oznacza to, \u017ce religijne i \u015bwi\u0105teczne zwyczaje nadal funkcjonuj\u0105 w \u017cyciu publicznym, cho\u0107 ich forma i miejsce mog\u0105 ulega\u0107 zmianom wraz z decyzjami aktualnych w\u0142adz. Zmiana lokalizacji obchod\u00f3w Chanuki staje si\u0119 wi\u0119c symbolem nowego podej\u015bcia prezydenta, przy jednoczesnym zachowaniu przestrzeni dla r\u00f3\u017cnorodno\u015bci religijnej w innych instytucjach pa\u0144stwa.<\/p>\n","protected":false},"excerpt":{"rendered":"W tym roku w Pa\u0142acu Prezydenckim nie odb\u0119d\u0105 si\u0119 tradycyjne obchody Chanuki, kt\u00f3re przez wiele lat by\u0142y elementem kalendarza uroczysto\u015bci pa\u0144stwowych i symbolem \n<a class=\"moretag\" href=\"https:\/\/swiat24.pl.ua\/?p=19312\"> [...]<\/a>","protected":false},"author":1,"featured_media":19313,"comment_status":"open","ping_status":"open","sticky":false,"template":"","format":"standard","meta":{"footnotes":""},"categories":[1],"tags":[],"class_list":["post-19312","post","type-post","status-publish","format-standard","has-post-thumbnail","hentry","category-blog"],"_links":{"self":[{"href":"https:\/\/swiat24.pl.ua\/index.php?rest_route=\/wp\/v2\/posts\/19312","targetHints":{"allow":["GET"]}}],"collection":[{"href":"https:\/\/swiat24.pl.ua\/index.php?rest_route=\/wp\/v2\/posts"}],"about":[{"href":"https:\/\/swiat24.pl.ua\/index.php?rest_route=\/wp\/v2\/types\/post"}],"author":[{"embeddable":true,"href":"https:\/\/swiat24.pl.ua\/index.php?rest_route=\/wp\/v2\/users\/1"}],"replies":[{"embeddable":true,"href":"https:\/\/swiat24.pl.ua\/index.php?rest_route=%2Fwp%2Fv2%2Fcomments&post=19312"}],"version-history":[{"count":1,"href":"https:\/\/swiat24.pl.ua\/index.php?rest_route=\/wp\/v2\/posts\/19312\/revisions"}],"predecessor-version":[{"id":19314,"href":"https:\/\/swiat24.pl.ua\/index.php?rest_route=\/wp\/v2\/posts\/19312\/revisions\/19314"}],"wp:featuredmedia":[{"embeddable":true,"href":"https:\/\/swiat24.pl.ua\/index.php?rest_route=\/wp\/v2\/media\/19313"}],"wp:attachment":[{"href":"https:\/\/swiat24.pl.ua\/index.php?rest_route=%2Fwp%2Fv2%2Fmedia&parent=19312"}],"wp:term":[{"taxonomy":"category","embeddable":true,"href":"https:\/\/swiat24.pl.ua\/index.php?rest_route=%2Fwp%2Fv2%2Fcategories&post=19312"},{"taxonomy":"post_tag","embeddable":true,"href":"https:\/\/swiat24.pl.ua\/index.php?rest_route=%2Fwp%2Fv2%2Ftags&post=19312"}],"curies":[{"name":"wp","href":"https:\/\/api.w.org\/{rel}","templated":true}]}}