{"id":19286,"date":"2025-12-14T16:22:38","date_gmt":"2025-12-14T16:22:38","guid":{"rendered":"https:\/\/swiat24.pl.ua\/?p=19286"},"modified":"2025-12-14T16:22:38","modified_gmt":"2025-12-14T16:22:38","slug":"holownia-w-cieniu-koalicjantow-politolog-wskazuje-slabnaca-pozycje-lidera-polski-2050","status":"publish","type":"post","link":"https:\/\/swiat24.pl.ua\/?p=19286","title":{"rendered":"Ho\u0142ownia w cieniu koalicjant\u00f3w. Politolog wskazuje s\u0142abn\u0105c\u0105 pozycj\u0119 lidera Polski 2050"},"content":{"rendered":"\n<p>Czas bywa najbardziej bezlitosnym weryfikatorem politycznych ambicji. <\/p>\n\n\n\n<p>Dwa lata po prze\u0142omie z grudnia 2023 roku uk\u0142ad si\u0142 w obozie rz\u0105dz\u0105cym wyra\u017anie si\u0119 przetasowa\u0142, a pozycja poszczeg\u00f3lnych lider\u00f3w uleg\u0142a redefinicji.<\/p>\n\n\n\n<p> Politolog prof. Agnieszka Kasi\u0144ska-Metryka oceni\u0142a kondycj\u0119 Koalicji 15 Pa\u017adziernika, wskazuj\u0105c jednoznacznie, \u017ce Szymon Ho\u0142ownia i jego ugrupowanie znale\u017ali si\u0119 w trudnym po\u0142o\u017ceniu.<\/p>\n\n\n\n<h3 class=\"wp-block-heading\">Bilans dw\u00f3ch lat rz\u0105d\u00f3w koalicji<\/h3>\n\n\n\n<p>Prof. Agnieszka Kasi\u0144ska-Metryka z Uniwersytetu Jana Kochanowskiego w Kielcach, w rozmowie z \u201eFaktem\u201d, podsumowa\u0142a dwa lata funkcjonowania rz\u0105du zaprzysi\u0119\u017conego 13 grudnia 2023 roku. <\/p>\n\n\n\n<p>Jej zdaniem najwi\u0119kszym beneficjentem obecnego uk\u0142adu pozostaje Koalicja Obywatelska, natomiast Polska 2050 okazuje si\u0119 formacj\u0105, kt\u00f3ra ten okres wyra\u017anie przegrywa.<\/p>\n\n\n\n<p>Lewica \u2013 wed\u0142ug ekspertki \u2013 wysz\u0142a z tego etapu relatywnie obronn\u0105 r\u0119k\u0105 i nie zosta\u0142a trwale os\u0142abiona. Donald Tusk, mimo \u017ce nie dominuje w rankingach zaufania spo\u0142ecznego, wci\u0105\u017c pe\u0142ni rol\u0119 kluczowego spoiwa ca\u0142ej koalicji. Bez jego przyw\u00f3dztwa obecny uk\u0142ad polityczny m\u00f3g\u0142by si\u0119 szybko rozpa\u015b\u0107.<\/p>\n\n\n\n<p>Politolog zwraca uwag\u0119, \u017ce poparcie dla Koalicji Obywatelskiej utrzymuje si\u0119 na stabilnym poziomie. Jednocze\u015bnie Prawo i Sprawiedliwo\u015b\u0107 zmaga si\u0119 z nieoczekiwanymi problemami wizerunkowymi i spadkami poparcia, co dodatkowo wzmacnia pozycj\u0119 obozu rz\u0105dz\u0105cego.<\/p>\n\n\n\n<h3 class=\"wp-block-heading\">Donald Tusk jako jedyny realny lider<\/h3>\n\n\n\n<p>Zdaniem Kasi\u0144skiej-Metryki oczekiwania wobec Donalda Tuska by\u0142y wi\u0119ksze ni\u017c faktyczne efekty dw\u00f3ch lat rz\u0105d\u00f3w. Mimo to premier pozostaje jedynym politykiem zdolnym utrzyma\u0107 koalicj\u0119 w ryzach. Dla centrowego wyborcy Koalicja Obywatelska sta\u0142a si\u0119 w praktyce jedyn\u0105 realn\u0105 alternatyw\u0105, zw\u0142aszcza po os\u0142abieniu Polski 2050.<\/p>\n\n\n\n<p>Kluczowym czynnikiem stabilizuj\u0105cym poparcie dla KO pozostaje obawa przed powrotem skrajnej prawicy do w\u0142adzy. Dla wielu wyborc\u00f3w jest ona wa\u017cniejsza ni\u017c niezrealizowane obietnice programowe, takie jak kwestie \u015bwiatopogl\u0105dowe. Wci\u0105\u017c silne s\u0105 r\u00f3wnie\u017c spo\u0142eczne oczekiwania dotycz\u0105ce rozlicze\u0144 po rz\u0105dach PiS oraz nadzieja na trwa\u0142e \u201enowe otwarcie\u201d w polskiej polityce.<\/p>\n\n\n\n<h3 class=\"wp-block-heading\">Polska 2050 najwi\u0119kszym przegranym<\/h3>\n\n\n\n<p>W ocenie ekspertki najwi\u0119kszym przegranym obecnego uk\u0142adu jest Polska 2050 oraz jej lider. Prof. Kasi\u0144ska-Metryka nie ma w\u0105tpliwo\u015bci, \u017ce ugrupowanie Szymona Ho\u0142owni znalaz\u0142o si\u0119 w fazie dezintegracji.<\/p>\n\n\n\n<p>\u2014 Polska 2050 po prostu si\u0119 rozbija, a jej lider w symbolicznym sensie opuszcza pok\u0142ad \u2014 wskazuje politolog.<\/p>\n\n\n\n<p>Partia nie wykorzysta\u0142a kredytu zaufania, jakim obdarzy\u0142a j\u0105 znaczna cz\u0119\u015b\u0107 wyborc\u00f3w po wyborach. Paradoksalnie brak stabilnej alternatywy dla centrowego elektoratu po os\u0142abieniu Polski 2050 dzia\u0142a dzi\u015b na korzy\u015b\u0107 Koalicji Obywatelskiej, kt\u00f3ra stopniowo przejmuje ten elektorat i umacnia swoj\u0105 dominacj\u0119 w obozie rz\u0105dz\u0105cym.<\/p>\n\n\n\n<p>Ekspercka diagnoza pokazuje, \u017ce w ramach Koalicji 15 Pa\u017adziernika wyra\u017anie wy\u0142ania si\u0119 hierarchia si\u0142, w kt\u00f3rej Szymon Ho\u0142ownia przestaje by\u0107 jednym z g\u0142\u00f3wnych graczy, a jego polityczna przysz\u0142o\u015b\u0107 staje si\u0119 coraz bardziej niepewna.<\/p>\n","protected":false},"excerpt":{"rendered":"Czas bywa najbardziej bezlitosnym weryfikatorem politycznych ambicji. Dwa lata po prze\u0142omie z grudnia 2023 roku uk\u0142ad si\u0142 w obozie rz\u0105dz\u0105cym wyra\u017anie si\u0119 przetasowa\u0142, \n<a class=\"moretag\" href=\"https:\/\/swiat24.pl.ua\/?p=19286\"> [...]<\/a>","protected":false},"author":1,"featured_media":19287,"comment_status":"open","ping_status":"open","sticky":false,"template":"","format":"standard","meta":{"footnotes":""},"categories":[1],"tags":[],"class_list":["post-19286","post","type-post","status-publish","format-standard","has-post-thumbnail","hentry","category-blog"],"_links":{"self":[{"href":"https:\/\/swiat24.pl.ua\/index.php?rest_route=\/wp\/v2\/posts\/19286","targetHints":{"allow":["GET"]}}],"collection":[{"href":"https:\/\/swiat24.pl.ua\/index.php?rest_route=\/wp\/v2\/posts"}],"about":[{"href":"https:\/\/swiat24.pl.ua\/index.php?rest_route=\/wp\/v2\/types\/post"}],"author":[{"embeddable":true,"href":"https:\/\/swiat24.pl.ua\/index.php?rest_route=\/wp\/v2\/users\/1"}],"replies":[{"embeddable":true,"href":"https:\/\/swiat24.pl.ua\/index.php?rest_route=%2Fwp%2Fv2%2Fcomments&post=19286"}],"version-history":[{"count":1,"href":"https:\/\/swiat24.pl.ua\/index.php?rest_route=\/wp\/v2\/posts\/19286\/revisions"}],"predecessor-version":[{"id":19288,"href":"https:\/\/swiat24.pl.ua\/index.php?rest_route=\/wp\/v2\/posts\/19286\/revisions\/19288"}],"wp:featuredmedia":[{"embeddable":true,"href":"https:\/\/swiat24.pl.ua\/index.php?rest_route=\/wp\/v2\/media\/19287"}],"wp:attachment":[{"href":"https:\/\/swiat24.pl.ua\/index.php?rest_route=%2Fwp%2Fv2%2Fmedia&parent=19286"}],"wp:term":[{"taxonomy":"category","embeddable":true,"href":"https:\/\/swiat24.pl.ua\/index.php?rest_route=%2Fwp%2Fv2%2Fcategories&post=19286"},{"taxonomy":"post_tag","embeddable":true,"href":"https:\/\/swiat24.pl.ua\/index.php?rest_route=%2Fwp%2Fv2%2Ftags&post=19286"}],"curies":[{"name":"wp","href":"https:\/\/api.w.org\/{rel}","templated":true}]}}