{"id":19280,"date":"2025-12-14T13:51:21","date_gmt":"2025-12-14T13:51:21","guid":{"rendered":"https:\/\/swiat24.pl.ua\/?p=19280"},"modified":"2025-12-14T13:51:21","modified_gmt":"2025-12-14T13:51:21","slug":"prezydent-karol-nawrocki-i-jego-zona-wlaczaja-sie-w-wyjatkowa-akcje-przed-bozym-narodzeniem","status":"publish","type":"post","link":"https:\/\/swiat24.pl.ua\/?p=19280","title":{"rendered":"Prezydent Karol Nawrocki i jego \u017cona w\u0142\u0105czaj\u0105 si\u0119 w wyj\u0105tkow\u0105 akcj\u0119 przed Bo\u017cym Narodzeniem"},"content":{"rendered":"\n<p>Okres poprzedzaj\u0105cy \u015awi\u0119ta Bo\u017cego Narodzenia tradycyjnie sprzyja zaanga\u017cowaniu spo\u0142ecznemu i pomocy potrzebuj\u0105cym. <\/p>\n\n\n\n<p>W tym roku do jednej z najbardziej rozpoznawalnych akcji charytatywnych w Polsce do\u0142\u0105czyli prezydent Karol Nawrocki oraz jego \u017cona. O ich inicjatywie poinformowa\u0142a Kancelaria Prezydenta RP za po\u015brednictwem medi\u00f3w spo\u0142eczno\u015bciowych.<\/p>\n\n\n\n<h3 class=\"wp-block-heading\">Przed\u015bwi\u0105teczny czas solidarno\u015bci i pomocy<\/h3>\n\n\n\n<p>Ko\u0144c\u00f3wka roku to moment, w kt\u00f3rym wiele os\u00f3b i instytucji decyduje si\u0119 na wsparcie rodzin znajduj\u0105cych si\u0119 w trudnej sytuacji \u017cyciowej. W ca\u0142ym kraju organizowane s\u0105 zbi\u00f3rki, akcje pomocowe i inicjatywy wolontariackie, maj\u0105ce na celu nie tylko pomoc materialn\u0105, ale tak\u017ce realne wsparcie w codziennych problemach.<\/p>\n\n\n\n<p>Jednym z najbardziej znanych projekt\u00f3w tego typu jest&nbsp;<strong>Szlachetna Paczka<\/strong>, dzia\u0142aj\u0105ca nieprzerwanie od 2001 roku. Jej ide\u0105 jest m\u0105dre pomaganie \u2014 wolontariusze odwiedzaj\u0105 rodziny, poznaj\u0105 ich sytuacj\u0119 i potrzeby, a nast\u0119pnie przygotowuj\u0105 szczeg\u00f3\u0142owe opisy, na podstawie kt\u00f3rych darczy\u0144cy mog\u0105 \u015bwiadomie wybra\u0107, komu chc\u0105 pom\u00f3c. Celem akcji jest nie tylko dora\u017ana pomoc, ale tak\u017ce stworzenie warunk\u00f3w do samodzielnego funkcjonowania w przysz\u0142o\u015bci.<\/p>\n\n\n\n<h3 class=\"wp-block-heading\">Para prezydencka zdecydowa\u0142a si\u0119 na osobiste wsparcie<\/h3>\n\n\n\n<p>Prezydent Karol Nawrocki wraz z ma\u0142\u017conk\u0105 postanowili aktywnie w\u0142\u0105czy\u0107 si\u0119 w Szlachetn\u0105 Paczk\u0119, przygotowuj\u0105c pomoc dla konkretnej rodziny. Wybrali sze\u015bcioosobowe gospodarstwo domowe, kt\u00f3re znalaz\u0142o si\u0119 w wyj\u0105tkowo trudnym po\u0142o\u017ceniu.<\/p>\n\n\n\n<p>Rodzina utraci\u0142a g\u0142\u00f3wne \u017ar\u00f3d\u0142o dochodu w wyniku ci\u0119\u017ckiej choroby ojca, co zmusi\u0142o j\u0105 do oddania gospodarstwa rolnego w dzier\u017caw\u0119. M\u0119\u017cczyzna wymaga sta\u0142ej opieki, a matka czw\u00f3rki dzieci nie mo\u017ce podj\u0105\u0107 pracy zawodowej. Troje dzieci nadal si\u0119 uczy, a codzienne funkcjonowanie rodziny wi\u0105\u017ce si\u0119 z wieloma ograniczeniami i wyrzeczeniami.<\/p>\n\n\n\n<h3 class=\"wp-block-heading\">Konkretna pomoc odpowiadaj\u0105ca realnym potrzebom<\/h3>\n\n\n\n<p>Najpilniejsz\u0105 potrzeb\u0105 rodziny by\u0142 opa\u0142, niezb\u0119dny do ogrzewania domu w okresie zimowym. Para prezydencka przekaza\u0142a r\u00f3wnie\u017c sprz\u0119t AGD, w tym lod\u00f3wk\u0119 i kuchenk\u0119 gazow\u0105, kt\u00f3re znacz\u0105co u\u0142atwi\u0105 codzienne \u017cycie domownik\u00f3w.<\/p>\n\n\n\n<p>W paczce znalaz\u0142y si\u0119 tak\u017ce przybory szkolne dla dzieci, r\u0119czniki, zapasy \u017cywno\u015bci oraz \u015brodki czysto\u015bci. Pomoc zosta\u0142a skompletowana w oparciu o rzeczywiste potrzeby rodziny, zgodnie z zasadami Szlachetnej Paczki.<\/p>\n\n\n\n<h3 class=\"wp-block-heading\">Symboliczny gest w wyj\u0105tkowym czasie<\/h3>\n\n\n\n<p>Zaanga\u017cowanie prezydenta i jego \u017cony ma nie tylko wymiar materialny, ale r\u00f3wnie\u017c symboliczny. Pokazuje, \u017ce idea solidarno\u015bci i wra\u017cliwo\u015bci spo\u0142ecznej dotyczy wszystkich \u2014 niezale\u017cnie od pe\u0142nionej funkcji. W okresie \u015bwi\u0105tecznym takie gesty nabieraj\u0105 szczeg\u00f3lnego znaczenia, przypominaj\u0105c o istocie Bo\u017cego Narodzenia i potrzebie wzajemnego wsparcia.<\/p>\n\n\n\n<blockquote class=\"twitter-tweet\" data-media-max-width=\"560\"><p lang=\"pl\" dir=\"ltr\">Prezydent RP <a href=\"https:\/\/twitter.com\/NawrockiKn?ref_src=twsrc%5Etfw\">@NawrockiKn<\/a> z Ma\u0142\u017conk\u0105 Mart\u0105 Nawrock\u0105 wsparli akcj\u0119 \u201eSzlachetna Paczka\u201d przygotowuj\u0105c dary dla potrzebuj\u0105cej Rodziny.<br><br>Przed \u015awi\u0119tami Bo\u017cego Narodzenia Para Prezydencka postanowi\u0142a wesprze\u0107 sze\u015bcioosobow\u0105 Rodzin\u0119, kt\u00f3rej sytuacja uleg\u0142a dramatycznemu pogorszeniu w\u2026 <a href=\"https:\/\/t.co\/VubLaAzJ8A\">pic.twitter.com\/VubLaAzJ8A<\/a><\/p>&mdash; Kancelaria Prezydenta RP (@prezydentpl) <a href=\"https:\/\/twitter.com\/prezydentpl\/status\/1999584895895822457?ref_src=twsrc%5Etfw\">December 12, 2025<\/a><\/blockquote> <script async src=\"https:\/\/platform.twitter.com\/widgets.js\" charset=\"utf-8\"><\/script>\n","protected":false},"excerpt":{"rendered":"Okres poprzedzaj\u0105cy \u015awi\u0119ta Bo\u017cego Narodzenia tradycyjnie sprzyja zaanga\u017cowaniu spo\u0142ecznemu i pomocy potrzebuj\u0105cym. W tym roku do jednej z najbardziej rozpoznawalnych akcji charytatywnych w \n<a class=\"moretag\" href=\"https:\/\/swiat24.pl.ua\/?p=19280\"> [...]<\/a>","protected":false},"author":1,"featured_media":19281,"comment_status":"open","ping_status":"open","sticky":false,"template":"","format":"standard","meta":{"footnotes":""},"categories":[1],"tags":[],"class_list":["post-19280","post","type-post","status-publish","format-standard","has-post-thumbnail","hentry","category-blog"],"_links":{"self":[{"href":"https:\/\/swiat24.pl.ua\/index.php?rest_route=\/wp\/v2\/posts\/19280","targetHints":{"allow":["GET"]}}],"collection":[{"href":"https:\/\/swiat24.pl.ua\/index.php?rest_route=\/wp\/v2\/posts"}],"about":[{"href":"https:\/\/swiat24.pl.ua\/index.php?rest_route=\/wp\/v2\/types\/post"}],"author":[{"embeddable":true,"href":"https:\/\/swiat24.pl.ua\/index.php?rest_route=\/wp\/v2\/users\/1"}],"replies":[{"embeddable":true,"href":"https:\/\/swiat24.pl.ua\/index.php?rest_route=%2Fwp%2Fv2%2Fcomments&post=19280"}],"version-history":[{"count":1,"href":"https:\/\/swiat24.pl.ua\/index.php?rest_route=\/wp\/v2\/posts\/19280\/revisions"}],"predecessor-version":[{"id":19282,"href":"https:\/\/swiat24.pl.ua\/index.php?rest_route=\/wp\/v2\/posts\/19280\/revisions\/19282"}],"wp:featuredmedia":[{"embeddable":true,"href":"https:\/\/swiat24.pl.ua\/index.php?rest_route=\/wp\/v2\/media\/19281"}],"wp:attachment":[{"href":"https:\/\/swiat24.pl.ua\/index.php?rest_route=%2Fwp%2Fv2%2Fmedia&parent=19280"}],"wp:term":[{"taxonomy":"category","embeddable":true,"href":"https:\/\/swiat24.pl.ua\/index.php?rest_route=%2Fwp%2Fv2%2Fcategories&post=19280"},{"taxonomy":"post_tag","embeddable":true,"href":"https:\/\/swiat24.pl.ua\/index.php?rest_route=%2Fwp%2Fv2%2Ftags&post=19280"}],"curies":[{"name":"wp","href":"https:\/\/api.w.org\/{rel}","templated":true}]}}