{"id":19256,"date":"2025-12-14T12:57:29","date_gmt":"2025-12-14T12:57:29","guid":{"rendered":"https:\/\/swiat24.pl.ua\/?p=19256"},"modified":"2025-12-14T12:57:29","modified_gmt":"2025-12-14T12:57:29","slug":"wolodymyr-zelenski-przyjedzie-do-polski-ogloszono-oficjalna-date","status":"publish","type":"post","link":"https:\/\/swiat24.pl.ua\/?p=19256","title":{"rendered":"Wo\u0142odymyr Ze\u0142enski przyjedzie do Polski. Og\u0142oszono oficjaln\u0105 dat\u0119"},"content":{"rendered":"\n<p>Jeszcze przed \u015bwi\u0119tami prezydent Ukrainy Wo\u0142odymyr Ze\u0142enski ma odwiedzi\u0107 Polsk\u0119 na zaproszenie w\u0142adz. <\/p>\n\n\n\n<p>B\u0119dzie to pierwsze oficjalne spotkanie Ze\u0142enskiego z prezydentem Karolem Nawrockim w naszym kraju, co przyci\u0105ga uwag\u0119 zar\u00f3wno polskich, jak i mi\u0119dzynarodowych medi\u00f3w. W\u0142a\u015bnie potwierdzono oficjaln\u0105 dat\u0119.<\/p>\n\n\n\n<p>Ju\u017c od jakiego\u015b czasu m\u00f3wi\u0142o si\u0119 o wizycie<br>Od kilku tygodni trwaj\u0105 rozmowy i spekulacje na temat mo\u017cliwej wizyty szefa Ukrainy w Warszawie. <\/p>\n\n\n\n<p>Informacje potwierdzaj\u0105, \u017ce strona polska zaprosi\u0142a Ze\u0142enskiego do stolicy, a prezydent Ukrainy pozytywnie odpowiedzia\u0142 na zaproszenie. <\/p>\n\n\n\n<p>Spotkanie ma odby\u0107 si\u0119 19 grudnia, a wed\u0142ug komunikat\u00f3w ma by\u0107 okazj\u0105 do rozm\u00f3w o dalszej wsp\u00f3\u0142pracy i strategicznych kwestiach bezpiecze\u0144stwa.\u00a0<br><\/p>\n\n\n\n<p>Og\u0142oszono dat\u0119 wizyty<br>Ze\u0142enski przekaza\u0142 mediom:&nbsp;<\/p>\n\n\n\n<p>Strona polska zaproponowa\u0142a nam pi\u0105tek. My\u015bl\u0119, \u017ce nie b\u0119dziemy niczego odk\u0142ada\u0107. Dla nas bardzo wa\u017cne jest utrzymywanie relacji mi\u0119dzy nami a Polsk\u0105 \u2014 podkre\u015bli\u0142, zapowiadaj\u0105c wizyt\u0119.&nbsp;<\/p>\n\n\n\n<p>Ukrai\u0144ski prezydent zaznaczy\u0142 w ten spos\u00f3b, \u017ce decyzja o przyje\u017adzie do Warszawy zapad\u0142a szybko i by\u0142a odpowiedzi\u0105 na propozycj\u0119 strony polskiej. Jego s\u0142owa wskazuj\u0105 na ch\u0119\u0107 utrzymania silnych wi\u0119zi bilateralnych mi\u0119dzy Ukrain\u0105 a Polsk\u0105, szczeg\u00f3lnie w obliczu trwaj\u0105cego konfliktu i wyzwa\u0144 zwi\u0105zanych z bezpiecze\u0144stwem w regionie. Wizyta ma by\u0107 okazj\u0105 do rozm\u00f3w o dalszej wsp\u00f3\u0142pracy politycznej, wsparciu dla Ukrainy oraz bie\u017c\u0105cej sytuacji mi\u0119dzynarodowej.<br><\/p>\n\n\n\n<p>Ze\u0142enski o pokoju, NATO i przysz\u0142o\u015bci Ukrainy. Pad\u0142y wa\u017cne deklaracje<br>W niedziel\u0119 Wo\u0142odymyr Ze\u0142enski odni\u00f3s\u0142 si\u0119 r\u00f3wnie\u017c do rozm\u00f3w o zako\u0144czeniu wojny w Ukrainie. Przyzna\u0142, \u017ce osi\u0105gni\u0119cie porozumienia w pe\u0142ni satysfakcjonuj\u0105cego wszystkie strony jest nierealne, dlatego kluczow\u0105 rol\u0119 odegraj\u0105 kompromisy. Podkre\u015bli\u0142 jednocze\u015bnie, \u017ce Ukraina nie zaakceptuje gwarancji bezpiecze\u0144stwa proponowanych przez USA i Europ\u0119 jako zamiennika cz\u0142onkostwa w NATO, je\u015bli nie b\u0119d\u0105 one prawnie wi\u0105\u017c\u0105ce. Prezydent Ukrainy zaznaczy\u0142 te\u017c, \u017ce Waszyngton nie odpowiedzia\u0142 dot\u0105d na ukrai\u0144skie kontrpropozycje dotycz\u0105ce planu pokojowego. Zapowiedzia\u0142 natomiast seri\u0119 wa\u017cnych rozm\u00f3w z partnerami z USA i Europy, kt\u00f3re w Berlinie maj\u0105 dotyczy\u0107 bezpiecze\u0144stwa, odbudowy kraju i politycznego zako\u0144czenia wojny.<br><\/p>\n","protected":false},"excerpt":{"rendered":"Jeszcze przed \u015bwi\u0119tami prezydent Ukrainy Wo\u0142odymyr Ze\u0142enski ma odwiedzi\u0107 Polsk\u0119 na zaproszenie w\u0142adz. B\u0119dzie to pierwsze oficjalne spotkanie Ze\u0142enskiego z prezydentem Karolem Nawrockim \n<a class=\"moretag\" href=\"https:\/\/swiat24.pl.ua\/?p=19256\"> [...]<\/a>","protected":false},"author":1,"featured_media":19257,"comment_status":"open","ping_status":"open","sticky":false,"template":"","format":"standard","meta":{"footnotes":""},"categories":[1],"tags":[],"class_list":["post-19256","post","type-post","status-publish","format-standard","has-post-thumbnail","hentry","category-blog"],"_links":{"self":[{"href":"https:\/\/swiat24.pl.ua\/index.php?rest_route=\/wp\/v2\/posts\/19256","targetHints":{"allow":["GET"]}}],"collection":[{"href":"https:\/\/swiat24.pl.ua\/index.php?rest_route=\/wp\/v2\/posts"}],"about":[{"href":"https:\/\/swiat24.pl.ua\/index.php?rest_route=\/wp\/v2\/types\/post"}],"author":[{"embeddable":true,"href":"https:\/\/swiat24.pl.ua\/index.php?rest_route=\/wp\/v2\/users\/1"}],"replies":[{"embeddable":true,"href":"https:\/\/swiat24.pl.ua\/index.php?rest_route=%2Fwp%2Fv2%2Fcomments&post=19256"}],"version-history":[{"count":1,"href":"https:\/\/swiat24.pl.ua\/index.php?rest_route=\/wp\/v2\/posts\/19256\/revisions"}],"predecessor-version":[{"id":19258,"href":"https:\/\/swiat24.pl.ua\/index.php?rest_route=\/wp\/v2\/posts\/19256\/revisions\/19258"}],"wp:featuredmedia":[{"embeddable":true,"href":"https:\/\/swiat24.pl.ua\/index.php?rest_route=\/wp\/v2\/media\/19257"}],"wp:attachment":[{"href":"https:\/\/swiat24.pl.ua\/index.php?rest_route=%2Fwp%2Fv2%2Fmedia&parent=19256"}],"wp:term":[{"taxonomy":"category","embeddable":true,"href":"https:\/\/swiat24.pl.ua\/index.php?rest_route=%2Fwp%2Fv2%2Fcategories&post=19256"},{"taxonomy":"post_tag","embeddable":true,"href":"https:\/\/swiat24.pl.ua\/index.php?rest_route=%2Fwp%2Fv2%2Ftags&post=19256"}],"curies":[{"name":"wp","href":"https:\/\/api.w.org\/{rel}","templated":true}]}}