{"id":19233,"date":"2025-12-13T17:14:24","date_gmt":"2025-12-13T17:14:24","guid":{"rendered":"https:\/\/swiat24.pl.ua\/?p=19233"},"modified":"2025-12-13T17:14:24","modified_gmt":"2025-12-13T17:14:24","slug":"fatalne-wiesci-dla-nawrockiego-najnowszy-sondaz-mowi-wszystko-takiego-ciosu-sie-nie-spodziewal-2","status":"publish","type":"post","link":"https:\/\/swiat24.pl.ua\/?p=19233","title":{"rendered":"Fatalne wie\u015bci dla Nawrockiego, najnowszy sonda\u017c m\u00f3wi wszystko. Takiego ciosu si\u0119 nie spodziewa\u0142"},"content":{"rendered":"\n<p>Polacy zostali zapytani, kto z dw\u00f3ch czo\u0142owych polityk\u00f3w \u2013 Donald Tusk czy Karol Nawrocki \u2013 jest ich zdaniem \u201elepszy\u201d. Okazuje si\u0119, \u017ce wynik jest bardziej zniuansowany, ni\u017c mog\u0142oby si\u0119 wydawa\u0107 na pierwszy rzut oka.<\/p>\n\n\n\n<h2 class=\"wp-block-heading\">Tusk minimalnie prowadzi, ale prezydent ma bardziej zdecydowanych zwolennik\u00f3w<\/h2>\n\n\n\n<p>\u0141\u0105czne poparcie dla premiera Donalda Tuska wynios\u0142o 49,4%, natomiast Karol Nawrocki zebra\u0142 44,9% g\u0142os\u00f3w. Cho\u0107 przewaga Tuska jest wi\u0119c niewielka \u2013 tylko 4,5 punktu procentowego \u2013 szczeg\u00f3\u0142owa analiza wskazuje na interesuj\u0105cy rozk\u0142ad poparcia. W kategorii \u201ezdecydowanie lepszy\u201d prowadzi prezydent, z 32% wskaza\u0144, podczas gdy Tusk zdoby\u0142 w tej kategorii 29,8%.<\/p>\n\n\n\n<p>Oznacza to, \u017ce zwolennicy Nawrockiego s\u0105 bardziej pewni swojego wyboru, a jego elektorat okazuje si\u0119 bardziej zdecydowany. Z kolei osoby popieraj\u0105ce Tuska cz\u0119\u015bciej wybiera\u0142y opcj\u0119 \u201eraczej lepszy\u201d \u2013 19,6% wobec 12,9% dla prezydenta.<\/p>\n\n\n\n<figure class=\"wp-block-image\"><img decoding=\"async\" src=\"https:\/\/www.cenneinfo.pl\/wp-content\/uploads\/2025\/12\/2373.jpg\" alt=\"\" class=\"wp-image-18867\"\/><\/figure>\n\n\n\n<p>Jak podkre\u015bla raport, mimo liczbowej przewagi premiera, mocniejsze, bardziej zdecydowane poparcie dla Nawrockiego mo\u017ce odegra\u0107 wa\u017cn\u0105 rol\u0119 w przysz\u0142ych politycznych starciach.<\/p>\n\n\n\n<h2 class=\"wp-block-heading\">Wyra\u017ane podzia\u0142y w elektoratach politycznych<\/h2>\n\n\n\n<p>Sonda\u017c uwidacznia znaczn\u0105 polaryzacj\u0119 sceny politycznej w Polsce oraz niemal stuprocentow\u0105 sp\u00f3jno\u015b\u0107 elektorat\u00f3w partyjnych. W\u015br\u00f3d zwolennik\u00f3w koalicji rz\u0105dz\u0105cej Donald Tusk zdobywa a\u017c 94% wskaza\u0144. Z tego 63% zadeklarowa\u0142o, \u017ce premier jest \u201ezdecydowanie lepszy\u201d, a 31% \u2013 \u201eraczej lepszy\u201d.<\/p>\n\n\n\n<p>Karol Nawrocki w tym \u015brodowisku ma marginalne poparcie, zdobywaj\u0105c jedynie 5% g\u0142os\u00f3w. Zupe\u0142nie odmienna jest sytuacja w elektoracie opozycyjnym, skupionym g\u0142\u00f3wnie wok\u00f3\u0142 Prawa i Sprawiedliwo\u015bci oraz Konfederacji, gdzie Nawrocki dominuje z 79% poparcia, z czego a\u017c 63% deklaruje zdecydowane poparcie.<\/p>\n\n\n\n<p>Donald Tusk z kolei uzyskuje w\u015br\u00f3d opozycyjnych wyborc\u00f3w tylko 18%, a 3% nie potrafi\u0142o wskaza\u0107 preferencji. Niezdecydowani wyborcy, zwani \u201epozosta\u0142ymi\u201d, nie maj\u0105 jednoznacznego faworyta, co czyni ich kluczow\u0105 grup\u0105 decyzyjn\u0105 w kontek\u015bcie potencjalnych zmian politycznych.<\/p>\n\n\n\n<h2 class=\"wp-block-heading\">Relacje mi\u0119dzy politykami a ich wp\u0142yw na postrzeganie<\/h2>\n\n\n\n<p>Od pocz\u0105tku kadencji prezydentury Karola Nawrockiego stosunki mi\u0119dzy nim a premierem Tuskiem cechowa\u0142y si\u0119 wyra\u017anym dystansem politycznym. Widoczne by\u0142o to podczas sierpniowej Rady Gabinetowej oraz w medialnych wypowiedziach dotycz\u0105cych polityki zagranicznej i wskazywania kandydat\u00f3w na ambasador\u00f3w.<\/p>\n\n\n\n<p>Polacy zdawali si\u0119 spodziewa\u0107 takich napi\u0119\u0107, gdy\u017c pod koniec sierpnia a\u017c niemal 90% respondent\u00f3w przewidywa\u0142o cz\u0119ste konflikty mi\u0119dzy politykami.<\/p>\n\n\n\n<p>Aktualne wyniki sonda\u017cu potwierdzaj\u0105 te prognozy. Silniejsze i bardziej zdecydowane poparcie dla Nawrockiego w elektoracie opozycji oraz wi\u0119ksze wskazania \u201eraczej lepszy\u201d na Tuska wskazuj\u0105, \u017ce napi\u0119cia w relacjach wp\u0142ywaj\u0105 na spos\u00f3b odbioru obu lider\u00f3w przez r\u00f3\u017cne grupy spo\u0142eczne. Tego typu dynamiczne postrzeganie mo\u017ce mie\u0107 istotne znaczenie dla przysz\u0142ych posuni\u0119\u0107 politycznych i strategii obu polityk\u00f3w.<\/p>\n","protected":false},"excerpt":{"rendered":"Polacy zostali zapytani, kto z dw\u00f3ch czo\u0142owych polityk\u00f3w \u2013 Donald Tusk czy Karol Nawrocki \u2013 jest ich zdaniem \u201elepszy\u201d. Okazuje si\u0119, \u017ce wynik \n<a class=\"moretag\" href=\"https:\/\/swiat24.pl.ua\/?p=19233\"> [...]<\/a>","protected":false},"author":1,"featured_media":19234,"comment_status":"open","ping_status":"open","sticky":false,"template":"","format":"standard","meta":{"footnotes":""},"categories":[1],"tags":[],"class_list":["post-19233","post","type-post","status-publish","format-standard","has-post-thumbnail","hentry","category-blog"],"_links":{"self":[{"href":"https:\/\/swiat24.pl.ua\/index.php?rest_route=\/wp\/v2\/posts\/19233","targetHints":{"allow":["GET"]}}],"collection":[{"href":"https:\/\/swiat24.pl.ua\/index.php?rest_route=\/wp\/v2\/posts"}],"about":[{"href":"https:\/\/swiat24.pl.ua\/index.php?rest_route=\/wp\/v2\/types\/post"}],"author":[{"embeddable":true,"href":"https:\/\/swiat24.pl.ua\/index.php?rest_route=\/wp\/v2\/users\/1"}],"replies":[{"embeddable":true,"href":"https:\/\/swiat24.pl.ua\/index.php?rest_route=%2Fwp%2Fv2%2Fcomments&post=19233"}],"version-history":[{"count":1,"href":"https:\/\/swiat24.pl.ua\/index.php?rest_route=\/wp\/v2\/posts\/19233\/revisions"}],"predecessor-version":[{"id":19235,"href":"https:\/\/swiat24.pl.ua\/index.php?rest_route=\/wp\/v2\/posts\/19233\/revisions\/19235"}],"wp:featuredmedia":[{"embeddable":true,"href":"https:\/\/swiat24.pl.ua\/index.php?rest_route=\/wp\/v2\/media\/19234"}],"wp:attachment":[{"href":"https:\/\/swiat24.pl.ua\/index.php?rest_route=%2Fwp%2Fv2%2Fmedia&parent=19233"}],"wp:term":[{"taxonomy":"category","embeddable":true,"href":"https:\/\/swiat24.pl.ua\/index.php?rest_route=%2Fwp%2Fv2%2Fcategories&post=19233"},{"taxonomy":"post_tag","embeddable":true,"href":"https:\/\/swiat24.pl.ua\/index.php?rest_route=%2Fwp%2Fv2%2Ftags&post=19233"}],"curies":[{"name":"wp","href":"https:\/\/api.w.org\/{rel}","templated":true}]}}