{"id":19228,"date":"2025-12-13T17:06:50","date_gmt":"2025-12-13T17:06:50","guid":{"rendered":"https:\/\/swiat24.pl.ua\/?p=19228"},"modified":"2025-12-13T17:06:50","modified_gmt":"2025-12-13T17:06:50","slug":"powazny-wypadek-busa-sa-ranni-do-akcji-ruszyly-helikoptery-lpr","status":"publish","type":"post","link":"https:\/\/swiat24.pl.ua\/?p=19228","title":{"rendered":"Powa\u017cny wypadek busa. S\u0105 ranni, do akcji ruszy\u0142y helikoptery LPR"},"content":{"rendered":"\n<p>Popo\u0142udnie na popularnej trasie szybkiego ruchu w u\u0142amku sekundy zamieni\u0142 si\u0119 w walk\u0119 o zdrowie i \u017cycie pasa\u017cer\u00f3w.<\/p>\n\n\n\n<p>W okolicach Lucynowa dosz\u0142o do gro\u017anego wypadku, w wyniku kt\u00f3rego zablokowana zosta\u0142a droga ekspresowa, a s\u0142u\u017cby ratunkowe musia\u0142y podj\u0105\u0107 natychmiastow\u0105 interwencj\u0119. Na miejscu pojawi\u0142 si\u0119 \u015bmig\u0142owiec LPR.<\/p>\n\n\n\n<h2 class=\"wp-block-heading\">Wypadki drogowe w Polsce<\/h2>\n\n\n\n<p>Polska sie\u0107 dr\u00f3g ekspresowych i autostrad rozwija si\u0119 dynamicznie, co teoretycznie&nbsp;<strong>powinno przek\u0142ada\u0107 si\u0119 na radykalny spadek liczby tragicznych zdarze\u0144<\/strong>, jednak rzeczywisto\u015b\u0107 jest znacznie bardziej skomplikowana.<\/p>\n\n\n\n<p>Z najnowszych statystyk policyjnych wynika, \u017ce cho\u0107 liczba&nbsp;<a href=\"https:\/\/goniec.pl\/tematyczne\/wypadek\">wypadk\u00f3w<\/a>&nbsp;w terenach zabudowanych maleje, to zdarzenia na trasach szybkiego ruchu cechuj\u0105 si\u0119&nbsp;<strong>znacznie wy\u017csz\u0105 tragiczno\u015bci\u0105 skutk\u00f3w<\/strong>.&nbsp;<\/p>\n\n\n\n<p>Droga ekspresowa S8, stanowi\u0105ca kr\u0119gos\u0142up komunikacyjny \u0142\u0105cz\u0105cy Wroc\u0142aw, Warszaw\u0119 i Bia\u0142ystok, jest tego doskona\u0142ym, cho\u0107 smutnym przyk\u0142adem. Kierowcy, czuj\u0105c komfort szerokiej jezdni i dobrej nawierzchni, cz\u0119sto&nbsp;<strong>ulegaj\u0105 z\u0142udnemu poczuciu bezpiecze\u0144stwa<\/strong>, a monotonia jazdy w po\u0142\u0105czeniu z du\u017cymi pr\u0119dko\u015bciami sprawia, \u017ce czas reakcji na niespodziewane sytuacje drastycznie si\u0119 wyd\u0142u\u017ca.<\/p>\n\n\n\n<p>Przyczyny wypadk\u00f3w na takich trasach ewoluuj\u0105, o ile dekad\u0119 temu dominowa\u0142y wymuszenia pierwsze\u0144stwa na skrzy\u017cowaniach kolizyjnych, dzi\u015b&nbsp;<strong>na drogach klasy \u00abS\u201d kr\u00f3luje niedostosowanie pr\u0119dko\u015bci&nbsp;<\/strong>do warunk\u00f3w panuj\u0105cych na drodze oraz zm\u0119czenie kierowc\u00f3w. To w\u0142a\u015bnie ten ostatni czynnik jest cichym zab\u00f3jc\u0105; mikrosen czy spadek koncentracji przy pr\u0119dko\u015bci 120 km\/h oznaczaj\u0105 przejechanie kilkudziesi\u0119ciu metr\u00f3w bez jakiejkolwiek kontroli nad pojazdem.&nbsp;<\/p>\n\n\n\n<p>Gdy dodamy do tego infrastruktur\u0119 w postaci barier energoch\u0142onnych, kt\u00f3re&nbsp;<strong>chroni\u0105 przed wypadni\u0119ciem z drogi<\/strong>, lecz stanowi\u0105 tward\u0105 przeszkod\u0119 przy uderzeniu, otrzymujemy gotowy scenariusz na katastrof\u0119. Statystyki wskazuj\u0105, \u017ce do najgro\u017aniejszych zdarze\u0144 dochodzi cz\u0119sto w godzinach porannych, kiedy organizm kierowcy walczy z naturalnym rytmem dobowym lub zm\u0119czeniem po nocnej trasie.<\/p>\n\n\n\n<h2 class=\"wp-block-heading\">Wypadki z udzia\u0142em bus\u00f3w<\/h2>\n\n\n\n<p>Pojazdy typu bus, takie jak popularne modele Iveco czy Mercedes Sprinter,<strong>&nbsp;stanowi\u0105 fundament transportu pasa\u017cerskiego&nbsp;<\/strong>na \u015brednich dystansach w Polsce. S\u0105 szybkie, ekonomiczne i stosunkowo wygodne, jednak ich konstrukcja niesie ze sob\u0105 specyficzne zagro\u017cenia. Busy maj\u0105 znacznie wy\u017cej po\u0142o\u017cony \u015brodek ci\u0119\u017cko\u015bci ni\u017c samochody osobowe, co&nbsp;<strong>czyni je bardziej podatnymi na boczne podmuchy wiatru<\/strong>&nbsp;oraz, co kluczowe w kontek\u015bcie omawianego zdarzenia, na przewr\u00f3cenie si\u0119 w przypadku gwa\u0142townego manewru lub uderzenia w przeszkod\u0119.&nbsp;<\/p>\n\n\n\n<p>Dachowanie jest jednym z najniebezpieczniejszych scenariuszy wypadkowych dla tego typu pojazd\u00f3w. W przeciwie\u0144stwie do nowoczesnych autokar\u00f3w turystycznych, konstrukcje mniejszych bus\u00f3w&nbsp;<strong>mog\u0105 ulega\u0107 wi\u0119kszym deformacjom<\/strong>, a pasa\u017cerowie, cz\u0119sto ignoruj\u0105cy obowi\u0105zek zapinania pas\u00f3w bezpiecze\u0144stwa, s\u0105 nara\u017ceni na bezw\u0142adne przemieszczanie si\u0119 wewn\u0105trz kabiny.<\/p>\n\n\n\n<figure class=\"wp-block-image\"><img decoding=\"async\" src=\"https:\/\/images.iberion.media\/images\/origin\/wypadek_e721a996b5.jpg\" alt=\"Powa\u017cny wypadek busa. S\u0105 ranni, do akcji ruszy\u0142y helikoptery LPR\"\/><figcaption class=\"wp-element-caption\">Fot. KP PSP Wyszk\u00f3w\/Facebook<\/figcaption><\/figure>\n\n\n\n<p>Eksperci od bezpiecze\u0144stwa ruchu drogowego od lat alarmuj\u0105, \u017ce dynamika&nbsp;<strong>wypadk\u00f3w z udzia\u0142em bus\u00f3w pasa\u017cerskich&nbsp;<\/strong>r\u00f3\u017cni si\u0119 od tej w przypadku&nbsp;<a href=\"https:\/\/goniec.pl\/tematyczne\/samochod\">aut osobowych<\/a>. Si\u0142y dzia\u0142aj\u0105ce na pasa\u017cer\u00f3w podczas uderzenia w bariery energoch\u0142onne, a nast\u0119pnie przewr\u00f3cenia pojazdu na bok, s\u0105 ogromne, a fizyki nie da si\u0119 oszuka\u0107 nawet przy nowoczesnych systemach bezpiecze\u0144stwa czynnego. Kluczowym czynnikiem staje si\u0119 tutaj&nbsp;<strong>stan techniczny pojazdu oraz dyspozycja kierowcy<\/strong>, zw\u0142aszcza \u017ce wielu przewo\u017anik\u00f3w realizuje trasy w nocy lub wcze\u015bnie rano. Wypadki z udzia\u0142em bus\u00f3w rzadko ko\u0144cz\u0105 si\u0119 na st\u0142uczce; z regu\u0142y oznaczaj\u0105 one konieczno\u015b\u0107 hospitalizacji wielu os\u00f3b jednocze\u015bnie, co stawia przed s\u0142u\u017cbami ratunkowymi wyzwanie logistyczne wymagaj\u0105ce b\u0142yskawicznej segregacji poszkodowanych i&nbsp;<strong>zadysponowania licznych zespo\u0142\u00f3w ratownictwa medycznego<\/strong>.<\/p>\n\n\n\n<h2 class=\"wp-block-heading\">Tragiczny wypadek na trasie S8<\/h2>\n\n\n\n<p>Do gro\u017anego zdarzenia dosz\u0142o na<strong>&nbsp;odcinku trasy S8 w miejscowo\u015bci Lucyn\u00f3w w powiecie wyszkowskim<\/strong>. Jak informuj\u0105 s\u0142u\u017cby pracuj\u0105ce na miejscu, kieruj\u0105cy busem marki Iveco straci\u0142 panowanie nad pojazdem na jezdni prowadz\u0105cej w kierunku Bia\u0142egostoku. Pojazd z du\u017c\u0105 si\u0142\u0105 uderzy\u0142 w bariery energoch\u0142onne, co doprowadzi\u0142o do jego przewr\u00f3cenia si\u0119 na bok. Skala zniszcze\u0144 oraz mechanizm wypadku<strong>&nbsp;od razu sugerowa\u0142y powag\u0119 sytuacji<\/strong>; w busie podr\u00f3\u017cowa\u0142o \u0142\u0105cznie pi\u0119\u0107 os\u00f3b. Informacje o zdarzeniu wp\u0142yn\u0119\u0142y o 14:30, a na miejsce natychmiast skierowano liczne si\u0142y ratunkowe, w tym stra\u017cak\u00f3w z Pa\u0144stwowej Stra\u017cy Po\u017carnej w Wyszkowie oraz druh\u00f3w z OSP, a tak\u017ce policj\u0119 i zespo\u0142y ratownictwa medycznego.<\/p>\n\n\n\n<blockquote class=\"wp-block-quote is-layout-flow wp-block-quote-is-layout-flow\">\n<p>Mamy informacje o pi\u0119ciu osobach poszkodowanych. Na miejsce zadysponowane zosta\u0142y dwa zast\u0119py pa\u0144stwowej stra\u017cy po\u017carnej i cztery zast\u0119py OSP \u2014 przekaza\u0142 st. kpt. Daniel Wochowski ze stra\u017cy po\u017carnej w Wyszkowie cytowany przez TVN24.<\/p>\n<\/blockquote>\n\n\n\n<figure class=\"wp-block-image\"><img decoding=\"async\" src=\"https:\/\/images.iberion.media\/images\/origin\/wyszkow_eef3bb3c3d.jpg\" alt=\"Powa\u017cny wypadek busa. S\u0105 ranni, do akcji ruszy\u0142y helikoptery LPR\"\/><figcaption class=\"wp-element-caption\">Fot. KP PSP Wyszk\u00f3w\/Facebook<\/figcaption><\/figure>\n\n\n\n<p>Pierwsze doniesienia z miejsca wypadku<strong>&nbsp;wskazywa\u0142y na konieczno\u015b\u0107 wezwania&nbsp;<\/strong><a href=\"https:\/\/goniec.pl\/tematyczne\/lpr\">\u015amig\u0142owca Lotniczego Pogotowia Ratunkowego<\/a>, co zazwyczaj \u015bwiadczy o krytycznym stanie poszkodowanych.&nbsp;<\/p>\n\n\n\n<blockquote class=\"wp-block-quote is-layout-flow wp-block-quote-is-layout-flow\">\n<p>Pojazd Iveco typu bus, kt\u00f3rym podr\u00f3\u017cowa\u0142o pi\u0119\u0107 osob z nieustalonych przyczyn uderzy\u0142 w bariery energoch\u0142onne. Na miejscu l\u0105dowa\u0142 \u015bmig\u0142owiec Lotniczego Pogotowia Ratunkowego. Trzy osoby odnios\u0142y powa\u017cne obra\u017cenia \u2014 poinformowa\u0142a TVN24 podkom. Wioleta Szymanik z Komendy Powiatowej Policji w Wyszkowie.<\/p>\n<\/blockquote>\n\n\n\n<p>Trasa S8, kt\u00f3r\u0105 przemieszcza\u0142 si\u0119 bus, zosta\u0142a zablokowana w obu kierunkach, w zwi\u0105zku z czym wyst\u0105pi\u0142y utrudnienia dla podr\u00f3\u017cuj\u0105cych. Na ten moment nie ma wi\u0119kszej liczby szczeg\u00f3\u0142\u00f3w na temat stanu zdrowia poszkodowanych.<\/p>\n","protected":false},"excerpt":{"rendered":"Popo\u0142udnie na popularnej trasie szybkiego ruchu w u\u0142amku sekundy zamieni\u0142 si\u0119 w walk\u0119 o zdrowie i \u017cycie pasa\u017cer\u00f3w. W okolicach Lucynowa dosz\u0142o do \n<a class=\"moretag\" href=\"https:\/\/swiat24.pl.ua\/?p=19228\"> [...]<\/a>","protected":false},"author":1,"featured_media":19229,"comment_status":"open","ping_status":"open","sticky":false,"template":"","format":"standard","meta":{"footnotes":""},"categories":[1],"tags":[],"class_list":["post-19228","post","type-post","status-publish","format-standard","has-post-thumbnail","hentry","category-blog"],"_links":{"self":[{"href":"https:\/\/swiat24.pl.ua\/index.php?rest_route=\/wp\/v2\/posts\/19228","targetHints":{"allow":["GET"]}}],"collection":[{"href":"https:\/\/swiat24.pl.ua\/index.php?rest_route=\/wp\/v2\/posts"}],"about":[{"href":"https:\/\/swiat24.pl.ua\/index.php?rest_route=\/wp\/v2\/types\/post"}],"author":[{"embeddable":true,"href":"https:\/\/swiat24.pl.ua\/index.php?rest_route=\/wp\/v2\/users\/1"}],"replies":[{"embeddable":true,"href":"https:\/\/swiat24.pl.ua\/index.php?rest_route=%2Fwp%2Fv2%2Fcomments&post=19228"}],"version-history":[{"count":1,"href":"https:\/\/swiat24.pl.ua\/index.php?rest_route=\/wp\/v2\/posts\/19228\/revisions"}],"predecessor-version":[{"id":19230,"href":"https:\/\/swiat24.pl.ua\/index.php?rest_route=\/wp\/v2\/posts\/19228\/revisions\/19230"}],"wp:featuredmedia":[{"embeddable":true,"href":"https:\/\/swiat24.pl.ua\/index.php?rest_route=\/wp\/v2\/media\/19229"}],"wp:attachment":[{"href":"https:\/\/swiat24.pl.ua\/index.php?rest_route=%2Fwp%2Fv2%2Fmedia&parent=19228"}],"wp:term":[{"taxonomy":"category","embeddable":true,"href":"https:\/\/swiat24.pl.ua\/index.php?rest_route=%2Fwp%2Fv2%2Fcategories&post=19228"},{"taxonomy":"post_tag","embeddable":true,"href":"https:\/\/swiat24.pl.ua\/index.php?rest_route=%2Fwp%2Fv2%2Ftags&post=19228"}],"curies":[{"name":"wp","href":"https:\/\/api.w.org\/{rel}","templated":true}]}}