{"id":19224,"date":"2025-12-13T16:31:08","date_gmt":"2025-12-13T16:31:08","guid":{"rendered":"https:\/\/swiat24.pl.ua\/?p=19224"},"modified":"2025-12-13T16:31:08","modified_gmt":"2025-12-13T16:31:08","slug":"dlaczego-nie-zaleca-sie-wieszania-ubran-na-zewnatrz","status":"publish","type":"post","link":"https:\/\/swiat24.pl.ua\/?p=19224","title":{"rendered":"Dlaczego nie zaleca si\u0119 wieszania ubra\u0144 na zewn\u0105trz?"},"content":{"rendered":"\n<p>Wraz z powrotem s\u0142o\u0144ca i wzrostem temperatur, naturalnie powraca ch\u0119\u0107 suszenia prania na zewn\u0105trz. Zapach czystego prania niesiony przez wiatr wydaje si\u0119 nieodparty. <\/p>\n\n\n\n<p>Jednak za tym idyllicznym obrazem kryje si\u0119 pu\u0142apka dla milion\u00f3w os\u00f3b cierpi\u0105cych na sezonowe alergie. Czy zatem naprawd\u0119 powinni\u015bmy suszy\u0107 pranie na zewn\u0105trz? Odpowied\u017a mo\u017ce Ci\u0119 zaskoczy\u0107\u2026<\/p>\n\n\n\n<p>Powr\u00f3t wiosny nie dla wszystkich jest tak s\u0142odki.<br>Ka\u017cdego roku, pocz\u0105wszy od marca, wiosna oznacza pocz\u0105tek d\u0142ugiej gehenny dla os\u00f3b z alergi\u0105 na py\u0142ki. <\/p>\n\n\n\n<p>Katar sienny \u2013 czyli alergiczny nie\u017cyt nosa \u2013 dotyka prawie jedn\u0105 trzeci\u0105 populacji Francji. Kichanie, katar, sw\u0119dzenie oczu i chroniczne zm\u0119czenie \u2013 ten okres wcale nie jest spokojny.<\/p>\n\n\n\n<p>Od kwietnia do wrze\u015bnia py\u0142ki zmieniaj\u0105 si\u0119 w zale\u017cno\u015bci od gatunku: najpierw z drzew, potem z traw (od maja do lipca), a nast\u0119pnie z ro\u015blin zielnych a\u017c do jesieni. Do\u015b\u0107 powiedzie\u0107, \u017ce powietrze na zewn\u0105trz staje si\u0119 prawdziw\u0105 koncentracj\u0105 alergen\u00f3w.<\/p>\n\n\n\n<p>Dlaczego suszenie ubra\u0144 na zewn\u0105trz nasila objawy?<\/p>\n\n\n\n<p>Kiedy zostawiasz ubrania lub prze\u015bcierad\u0142a na zewn\u0105trz do wyschni\u0119cia, dzia\u0142aj\u0105 one jak magnes na py\u0142ki. Py\u0142ek, kt\u00f3ry jest naturalnie lepki, przylega do w\u0142\u00f3kien tkaniny w ci\u0105gu kilku godzin od wystawienia na dzia\u0142anie wilgoci.<\/p>\n\n\n\n<p>W rezultacie, gdy tylko wr\u00f3cisz do domu, py\u0142ki wdzieraj\u0105 si\u0119 do twojego domu&#8230; i osiadaj\u0105 na twojej sk\u00f3rze, w\u0142osach i po\u015bcieli. Nic wi\u0119c dziwnego, \u017ce twoje objawy nasilaj\u0105 si\u0119 bez wyra\u017anego powodu.<\/p>\n\n\n\n<p>To troch\u0119 tak, jakby zostawi\u0107 pranie na polu py\u0142k\u00f3w, a potem wnie\u015b\u0107 je z powrotem do pokoju.<\/p>\n\n\n\n<p>Dobre nawyki ograniczaj\u0105ce nara\u017cenie na py\u0142ki<\/p>\n\n\n\n<p>Na szcz\u0119\u015bcie istnieje kilka prostych krok\u00f3w, kt\u00f3re mo\u017cna podj\u0105\u0107, aby ograniczy\u0107 szkody. Oto kilka rekomendacji ekspert\u00f3w ds. ochrony \u015brodowiska:<\/p>\n\n\n\n<p>Susz pranie w dobrze wentylowanym pomieszczeniu lub u\u017cyj suszarki do ubra\u0144.<br>No\u015b okulary przeciws\u0142oneczne, aby chroni\u0107 oczy przed py\u0142kami, gdy jeste\u015b na zewn\u0105trz.<br>No\u015b kapelusz lub czapk\u0119, aby zapobiec osadzaniu si\u0119 py\u0142k\u00f3w na w\u0142osach.<br>Po powrocie do domu umyj w\u0142osy, zmie\u0144 ubranie i we\u017a prysznic, aby usun\u0105\u0107 cz\u0105steczki py\u0142k\u00f3w.<br>Unikaj dotykania \u015bwie\u017co skoszonego trawnika lub przebywania w jego pobli\u017cu bezpo\u015brednio po skoszeniu.<br>A co z leczeniem?<\/p>\n\n\n\n<figure class=\"wp-block-image\"><img decoding=\"async\" src=\"https:\/\/newsdaily.cc\/wp-content\/uploads\/2025\/04\/shutterstock_2261993257.jpg-300x200.webp\" alt=\"\" class=\"wp-image-5507\"\/><\/figure>\n\n\n\n<p>Niestety, nie ma cudownego lekarstwa na katar sienny. Istniej\u0105 jednak metody leczenia, kt\u00f3re mog\u0105 z\u0142agodzi\u0107 objawy: leki przeciwhistaminowe, spraye do nosa i krople do oczu. Jednak profilaktyka pozostaje Twoim najlepszym sprzymierze\u0144cem.<\/p>\n\n\n\n<p>Eksperci podkre\u015blaj\u0105, \u017ce wprowadzaj\u0105c drobne zmiany w codziennych nawykach \u2014 na przyk\u0142ad w sposobie suszenia prania \u2014 mo\u017cna faktycznie poprawi\u0107 jako\u015b\u0107 \u017cycia w miesi\u0105cach nara\u017conych na ryzyko.<\/p>\n\n\n\n<p>Kilka prostych krok\u00f3w mo\u017ce uszcz\u0119\u015bliwi\u0107 alergik\u00f3w. Nie pozw\u00f3l, aby py\u0142ki przedosta\u0142y si\u0119 do domu przez pranie! Chocia\u017c nie masz wp\u0142ywu na powietrze na zewn\u0105trz, ochrona domu zwi\u0119kszy Twoje szanse na przetrwanie wiosny.<\/p>\n","protected":false},"excerpt":{"rendered":"Wraz z powrotem s\u0142o\u0144ca i wzrostem temperatur, naturalnie powraca ch\u0119\u0107 suszenia prania na zewn\u0105trz. Zapach czystego prania niesiony przez wiatr wydaje si\u0119 nieodparty. \n<a class=\"moretag\" href=\"https:\/\/swiat24.pl.ua\/?p=19224\"> [...]<\/a>","protected":false},"author":1,"featured_media":19225,"comment_status":"open","ping_status":"open","sticky":false,"template":"","format":"standard","meta":{"footnotes":""},"categories":[1],"tags":[],"class_list":["post-19224","post","type-post","status-publish","format-standard","has-post-thumbnail","hentry","category-blog"],"_links":{"self":[{"href":"https:\/\/swiat24.pl.ua\/index.php?rest_route=\/wp\/v2\/posts\/19224","targetHints":{"allow":["GET"]}}],"collection":[{"href":"https:\/\/swiat24.pl.ua\/index.php?rest_route=\/wp\/v2\/posts"}],"about":[{"href":"https:\/\/swiat24.pl.ua\/index.php?rest_route=\/wp\/v2\/types\/post"}],"author":[{"embeddable":true,"href":"https:\/\/swiat24.pl.ua\/index.php?rest_route=\/wp\/v2\/users\/1"}],"replies":[{"embeddable":true,"href":"https:\/\/swiat24.pl.ua\/index.php?rest_route=%2Fwp%2Fv2%2Fcomments&post=19224"}],"version-history":[{"count":1,"href":"https:\/\/swiat24.pl.ua\/index.php?rest_route=\/wp\/v2\/posts\/19224\/revisions"}],"predecessor-version":[{"id":19226,"href":"https:\/\/swiat24.pl.ua\/index.php?rest_route=\/wp\/v2\/posts\/19224\/revisions\/19226"}],"wp:featuredmedia":[{"embeddable":true,"href":"https:\/\/swiat24.pl.ua\/index.php?rest_route=\/wp\/v2\/media\/19225"}],"wp:attachment":[{"href":"https:\/\/swiat24.pl.ua\/index.php?rest_route=%2Fwp%2Fv2%2Fmedia&parent=19224"}],"wp:term":[{"taxonomy":"category","embeddable":true,"href":"https:\/\/swiat24.pl.ua\/index.php?rest_route=%2Fwp%2Fv2%2Fcategories&post=19224"},{"taxonomy":"post_tag","embeddable":true,"href":"https:\/\/swiat24.pl.ua\/index.php?rest_route=%2Fwp%2Fv2%2Ftags&post=19224"}],"curies":[{"name":"wp","href":"https:\/\/api.w.org\/{rel}","templated":true}]}}