{"id":19207,"date":"2025-12-13T15:55:03","date_gmt":"2025-12-13T15:55:03","guid":{"rendered":"https:\/\/swiat24.pl.ua\/?p=19207"},"modified":"2025-12-13T15:55:03","modified_gmt":"2025-12-13T15:55:03","slug":"chlopiec-znalazl-w-lesie-stary-porzucony-samochod-zajrzal-do-srodka-i-krzyknal","status":"publish","type":"post","link":"https:\/\/swiat24.pl.ua\/?p=19207","title":{"rendered":"Ch\u0142opiec znalaz\u0142 w lesie stary, porzucony samoch\u00f3d. Zajrza\u0142 do \u015brodka i krzykn\u0105\u0142!"},"content":{"rendered":"\n<p>Ch\u0142opiec znalaz\u0142 w lesie stary, porzucony samoch\u00f3d. Zajrza\u0142 do \u015brodka i krzykn\u0105\u0142!<\/p>\n\n\n\n<p>Ch\u0142opiec znalaz\u0142 w lesie stary, porzucony samoch\u00f3d. Zajrza\u0142 do \u015brodka i krzykn\u0105\u0142!<\/p>\n\n\n\n<p>Ch\u0142opiec znalaz\u0142 w lesie stary, porzucony samoch\u00f3d. Zajrza\u0142 do \u015brodka i krzykn\u0105\u0142!<\/p>\n\n\n\n<figure class=\"wp-block-embed is-type-video is-provider-youtube wp-block-embed-youtube wp-embed-aspect-16-9 wp-has-aspect-ratio\"><div class=\"wp-block-embed__wrapper\">\n<iframe loading=\"lazy\" title=\"\u041c\u0430\u043b\u044c\u0447\u0438\u043a \u043d\u0430\u0448\u0435\u043b \u0432 \u043b\u0435\u0441\u0443 \u0441\u0442\u0430\u0440\u0443\u044e \u0431\u0440\u043e\u0448\u0435\u043d\u043d\u0443\u044e \u043c\u0430\u0448\u0438\u043d\u0443. \u0417\u0430\u0433\u043b\u044f\u043d\u0443\u0432 \u0432\u043e\u0432\u043d\u0443\u0442\u0440\u044c \u043e\u043d \u0437\u0430\u043a\u0440\u0438\u0447\u0430\u043b!\" width=\"747\" height=\"420\" src=\"https:\/\/www.youtube.com\/embed\/V0pQRdahL-U?feature=oembed\" frameborder=\"0\" allow=\"accelerometer; autoplay; clipboard-write; encrypted-media; gyroscope; picture-in-picture; web-share\" referrerpolicy=\"strict-origin-when-cross-origin\" allowfullscreen><\/iframe>\n<\/div><\/figure>\n","protected":false},"excerpt":{"rendered":"Ch\u0142opiec znalaz\u0142 w lesie stary, porzucony samoch\u00f3d. Zajrza\u0142 do \u015brodka i krzykn\u0105\u0142! Ch\u0142opiec znalaz\u0142 w lesie stary, porzucony samoch\u00f3d. Zajrza\u0142 do \u015brodka i \n<a class=\"moretag\" href=\"https:\/\/swiat24.pl.ua\/?p=19207\"> [...]<\/a>","protected":false},"author":1,"featured_media":19208,"comment_status":"open","ping_status":"open","sticky":false,"template":"","format":"standard","meta":{"footnotes":""},"categories":[1],"tags":[],"class_list":["post-19207","post","type-post","status-publish","format-standard","has-post-thumbnail","hentry","category-blog"],"_links":{"self":[{"href":"https:\/\/swiat24.pl.ua\/index.php?rest_route=\/wp\/v2\/posts\/19207","targetHints":{"allow":["GET"]}}],"collection":[{"href":"https:\/\/swiat24.pl.ua\/index.php?rest_route=\/wp\/v2\/posts"}],"about":[{"href":"https:\/\/swiat24.pl.ua\/index.php?rest_route=\/wp\/v2\/types\/post"}],"author":[{"embeddable":true,"href":"https:\/\/swiat24.pl.ua\/index.php?rest_route=\/wp\/v2\/users\/1"}],"replies":[{"embeddable":true,"href":"https:\/\/swiat24.pl.ua\/index.php?rest_route=%2Fwp%2Fv2%2Fcomments&post=19207"}],"version-history":[{"count":1,"href":"https:\/\/swiat24.pl.ua\/index.php?rest_route=\/wp\/v2\/posts\/19207\/revisions"}],"predecessor-version":[{"id":19209,"href":"https:\/\/swiat24.pl.ua\/index.php?rest_route=\/wp\/v2\/posts\/19207\/revisions\/19209"}],"wp:featuredmedia":[{"embeddable":true,"href":"https:\/\/swiat24.pl.ua\/index.php?rest_route=\/wp\/v2\/media\/19208"}],"wp:attachment":[{"href":"https:\/\/swiat24.pl.ua\/index.php?rest_route=%2Fwp%2Fv2%2Fmedia&parent=19207"}],"wp:term":[{"taxonomy":"category","embeddable":true,"href":"https:\/\/swiat24.pl.ua\/index.php?rest_route=%2Fwp%2Fv2%2Fcategories&post=19207"},{"taxonomy":"post_tag","embeddable":true,"href":"https:\/\/swiat24.pl.ua\/index.php?rest_route=%2Fwp%2Fv2%2Ftags&post=19207"}],"curies":[{"name":"wp","href":"https:\/\/api.w.org\/{rel}","templated":true}]}}