{"id":19201,"date":"2025-12-13T15:45:30","date_gmt":"2025-12-13T15:45:30","guid":{"rendered":"https:\/\/swiat24.pl.ua\/?p=19201"},"modified":"2025-12-13T15:45:30","modified_gmt":"2025-12-13T15:45:30","slug":"nagly-komunikat-ws-malutkiej-corki-nawrockiego-juz-nie-ma-watpliwosci-2","status":"publish","type":"post","link":"https:\/\/swiat24.pl.ua\/?p=19201","title":{"rendered":"Nag\u0142y komunikat ws. malutkiej c\u00f3rki Nawrockiego. Ju\u017c nie ma w\u0105tpliwo\u015bci"},"content":{"rendered":"\n<p>Ju\u017c wkr\u00f3tce Karol Nawrocki zostanie zaprzysi\u0119\u017cony na urz\u0105d prezydenta Polski. Po og\u0142oszeniu wynik\u00f3w wybor\u00f3w jednak na jego 7-letni\u0105 c\u00f3rk\u0119 spad\u0142a fala brutalnego hejtu, kt\u00f3ra poruszy\u0142a opini\u0119 publiczn\u0105. <\/p>\n\n\n\n<p>W zwi\u0105zku z tym wszcz\u0119to post\u0119powanie s\u0105dowe, dotycz\u0105ce zniewa\u017cenia Katarzyny Nawrockiej, co wywo\u0142a\u0142o szerokie zainteresowanie i dyskusje w mediach.<\/p>\n\n\n\n<h2 class=\"wp-block-heading\">Nowy prezydent Polski \u2013 przebieg wybor\u00f3w i reakcje spo\u0142eczne<\/h2>\n\n\n\n<p>1 czerwca, po zako\u0144czeniu drugiej kadencji Andrzeja Dudy, Polacy udali si\u0119 do urn, aby wy\u0142oni\u0107 nowego gospodarza Pa\u0142acu Prezydenckiego. <\/p>\n\n\n\n<p>Wybory by\u0142y niezwykle emocjonuj\u0105ce, a frekwencja rekordowa. Pocz\u0105tkowe sonda\u017ce exit poll wskazywa\u0142y na przewag\u0119 Rafa\u0142a Trzaskowskiego, jednak w trakcie wieczoru wyborczego sytuacja diametralnie si\u0119 zmieni\u0142a \u2013 na prowadzenie wysun\u0105\u0142 si\u0119 Karol Nawrocki.<\/p>\n\n\n\n<p>Oficjalne wyniki potwierdzi\u0142y zwyci\u0119stwo Nawrockiego, kandydata wspieranego przez Prawo i Sprawiedliwo\u015b\u0107. Niestety, trwa\u0142y tak\u017ce kontrowersje i oskar\u017cenia o nieprawid\u0142owo\u015bci wyborcze, kt\u00f3re tylko zaogni\u0142y nastroje spo\u0142eczne, budz\u0105c liczne debaty i medialne relacje.<\/p>\n\n\n\n<figure class=\"wp-block-image\"><img decoding=\"async\" src=\"https:\/\/www.bystryjanusz.pl\/wp-content\/uploads\/2025\/07\/526.jpg\" alt=\"\" class=\"wp-image-17044\"\/><\/figure>\n\n\n\n<h2 class=\"wp-block-heading\">Fala hejtu dotkn\u0119\u0142a c\u00f3rk\u0119 Karola Nawrockiego<\/h2>\n\n\n\n<p>Wiecz\u00f3r wyborczy obfitowa\u0142 w napi\u0119cie i oczekiwanie na oficjalne prognozy. Otoczony rodzin\u0105 Karol Nawrocki z nadziej\u0105 \u015bledzi\u0142 wyniki exit poll, kt\u00f3re pocz\u0105tkowo faworyzowa\u0142y jego rywala. Jednak ostatecznie to on wysun\u0105\u0142 si\u0119 na prowadzenie.<\/p>\n\n\n\n<p>Podczas przem\u00f3wienia Nawrockiego uwag\u0119 medi\u00f3w przyku\u0142a jego 7-letnia c\u00f3rka Kasia. Dziewczynka przed kamerami zachowywa\u0142a si\u0119 swobodnie, rado\u015bnie machaj\u0105c i wysy\u0142aj\u0105c serduszka do widz\u00f3w, a tak\u017ce z entuzjazmem machaj\u0105c bia\u0142o-czerwon\u0105 flag\u0105. By\u0142 to naturalny gest dziecka, jednak niekt\u00f3rzy internauci nie zawahali si\u0119 wykorzysta\u0107 tego momentu do hejtu i obra\u017aliwych komentarzy.<\/p>\n\n\n\n<blockquote class=\"wp-block-quote is-layout-flow wp-block-quote-is-layout-flow\">\n<p>To jest dziecko, to si\u0119 nie powinno zdarzy\u0107. Ale z\u0142o zwyci\u0119\u017cymy dobrem i te obrazki mojej c\u00f3rki z tym s\u0142odkim serduszkiem, s\u0105 chyba najlepsz\u0105 odpowiedzi\u0105 \u2013 powiedzia\u0142 prezydent elekt.<\/p>\n<\/blockquote>\n\n\n\n<p>Wska\u017anik agresji wobec niepe\u0142noletniej dziewczynki zszokowa\u0142 wiele os\u00f3b, a sytuacja szybko sta\u0142a si\u0119 przedmiotem g\u0142o\u015bnej dyskusji w internecie i mediach spo\u0142eczno\u015bciowych.<\/p>\n\n\n\n<h2 class=\"wp-block-heading\">Sprawa s\u0105dowa dotycz\u0105ca zniewa\u017cenia Kasi Nawrockiej<\/h2>\n\n\n\n<p>Reakcj\u0105 na fal\u0119 hejtu by\u0142a decyzja prokuratury \u2013 Prokuratura Rejonowa Warszawa Mokot\u00f3w wszcz\u0119\u0142a post\u0119powanie dotycz\u0105ce zniewa\u017cenia Katarzyny Nawrockiej. Dotyczy ono obra\u017aliwych wpis\u00f3w pojawiaj\u0105cych si\u0119 na Facebooku na pocz\u0105tku czerwca.<\/p>\n\n\n\n<p>Informacj\u0119 o rozpocz\u0119ciu dochodzenia poda\u0142 pose\u0142 PiS Krzysztof Szczucki na platformie X, publikuj\u0105c tak\u017ce dokument potwierdzaj\u0105cy dzia\u0142ania prokuratury.<\/p>\n\n\n\n<blockquote class=\"twitter-tweet\" data-media-max-width=\"560\"><p lang=\"pl\" dir=\"ltr\">Na skutek mojego zawiadomienia Prokuratura Rejonowa Warszawa Mokot\u00f3w wszcz\u0119\u0142a dochodzenie w sprawie zniewa\u017cania Kasi Nawrockiej. Przypilnuj\u0119, \u017ceby wszyscy hejterzy zostali surowo ukarani! <a href=\"https:\/\/t.co\/qOocyxaAya\">pic.twitter.com\/qOocyxaAya<\/a><\/p>&mdash; Krzysztof Szczucki (@KrzSzczucki) <a href=\"https:\/\/twitter.com\/KrzSzczucki\/status\/1941111540347813920?ref_src=twsrc%5Etfw\">July 4, 2025<\/a><\/blockquote> <script async src=\"https:\/\/platform.twitter.com\/widgets.js\" charset=\"utf-8\"><\/script>\n\n\n\n<p>Post\u0119powanie dotyczy zniewa\u017cenia dziecka, kt\u00f3re zgodnie z polskim Kodeksem karnym (art. 216 \u00a7 1 i 2) stanowi przest\u0119pstwo. Szczucki, b\u0119d\u0105cy prawnikiem z wykszta\u0142cenia, zapowiedzia\u0142 stanowcze kroki skierowane przeciwko autorom obra\u017aliwych wpis\u00f3w.<\/p>\n\n\n\n<h2 class=\"wp-block-heading\">Prze\u015bladowanie rodzinnych cz\u0142onk\u00f3w polityk\u00f3w \u2013 problem spo\u0142eczny<\/h2>\n\n\n\n<p>Rodziny os\u00f3b publicznych cz\u0119sto mierz\u0105 si\u0119 z niesprawiedliwymi atakami i hejtem. Przyk\u0142ad ma\u0142ej Kasi Nawrockiej jest tego dobitnym \u015bwiadectwem \u2013 dziecko, niezaanga\u017cowane politycznie, zosta\u0142o wystawione na nieuzasadnion\u0105 krytyk\u0119 i obelgi.<\/p>\n\n\n\n<p>Takie sytuacje budz\u0105 debat\u0119 na temat granic wolno\u015bci s\u0142owa, odpowiedzialno\u015bci w sieci i ochrony najm\u0142odszych przed krzywdz\u0105cymi komentarzami. Nag\u0142o\u015bnienie tej sprawy ma szans\u0119 zwi\u0119kszy\u0107 \u015bwiadomo\u015b\u0107 i zapobiega\u0107 podobnym zdarzeniom w przysz\u0142o\u015bci.<\/p>\n\n\n\n<h2 class=\"wp-block-heading\">Co dalej czeka rodzin\u0119 Nawrockich?<\/h2>\n\n\n\n<p>Aktualnie trwaj\u0105 dzia\u0142ania prawne maj\u0105ce na celu poci\u0105gni\u0119cie do odpowiedzialno\u015bci hejter\u00f3w, kt\u00f3rzy naruszyli dobre imi\u0119 Katarzyny Nawrockiej. Rodzina nowo wybranego prezydenta stara si\u0119 ochroni\u0107 dziecko przed dalszym n\u0119kaniem i skupia si\u0119 na przysz\u0142o\u015bci.<\/p>\n\n\n\n<p>Sprawa jest na bie\u017c\u0105co monitorowana przez media oraz opinie publiczn\u0105, kt\u00f3ra podkre\u015bla, \u017ce ataki skierowane przeciwko dzieciom os\u00f3b pe\u0142ni\u0105cych funkcje publiczne s\u0105 niedopuszczalne.<\/p>\n","protected":false},"excerpt":{"rendered":"Ju\u017c wkr\u00f3tce Karol Nawrocki zostanie zaprzysi\u0119\u017cony na urz\u0105d prezydenta Polski. Po og\u0142oszeniu wynik\u00f3w wybor\u00f3w jednak na jego 7-letni\u0105 c\u00f3rk\u0119 spad\u0142a fala brutalnego hejtu, \n<a class=\"moretag\" href=\"https:\/\/swiat24.pl.ua\/?p=19201\"> [...]<\/a>","protected":false},"author":1,"featured_media":19202,"comment_status":"open","ping_status":"open","sticky":false,"template":"","format":"standard","meta":{"footnotes":""},"categories":[1],"tags":[],"class_list":["post-19201","post","type-post","status-publish","format-standard","has-post-thumbnail","hentry","category-blog"],"_links":{"self":[{"href":"https:\/\/swiat24.pl.ua\/index.php?rest_route=\/wp\/v2\/posts\/19201","targetHints":{"allow":["GET"]}}],"collection":[{"href":"https:\/\/swiat24.pl.ua\/index.php?rest_route=\/wp\/v2\/posts"}],"about":[{"href":"https:\/\/swiat24.pl.ua\/index.php?rest_route=\/wp\/v2\/types\/post"}],"author":[{"embeddable":true,"href":"https:\/\/swiat24.pl.ua\/index.php?rest_route=\/wp\/v2\/users\/1"}],"replies":[{"embeddable":true,"href":"https:\/\/swiat24.pl.ua\/index.php?rest_route=%2Fwp%2Fv2%2Fcomments&post=19201"}],"version-history":[{"count":1,"href":"https:\/\/swiat24.pl.ua\/index.php?rest_route=\/wp\/v2\/posts\/19201\/revisions"}],"predecessor-version":[{"id":19203,"href":"https:\/\/swiat24.pl.ua\/index.php?rest_route=\/wp\/v2\/posts\/19201\/revisions\/19203"}],"wp:featuredmedia":[{"embeddable":true,"href":"https:\/\/swiat24.pl.ua\/index.php?rest_route=\/wp\/v2\/media\/19202"}],"wp:attachment":[{"href":"https:\/\/swiat24.pl.ua\/index.php?rest_route=%2Fwp%2Fv2%2Fmedia&parent=19201"}],"wp:term":[{"taxonomy":"category","embeddable":true,"href":"https:\/\/swiat24.pl.ua\/index.php?rest_route=%2Fwp%2Fv2%2Fcategories&post=19201"},{"taxonomy":"post_tag","embeddable":true,"href":"https:\/\/swiat24.pl.ua\/index.php?rest_route=%2Fwp%2Fv2%2Ftags&post=19201"}],"curies":[{"name":"wp","href":"https:\/\/api.w.org\/{rel}","templated":true}]}}