{"id":19129,"date":"2025-12-11T18:02:13","date_gmt":"2025-12-11T18:02:13","guid":{"rendered":"https:\/\/swiat24.pl.ua\/?p=19129"},"modified":"2025-12-11T18:02:13","modified_gmt":"2025-12-11T18:02:13","slug":"papiez-oglosil-ws-polski-zaskakujaca-decyzja-2","status":"publish","type":"post","link":"https:\/\/swiat24.pl.ua\/?p=19129","title":{"rendered":"Papie\u017c og\u0142osi\u0142 ws. Polski. Zaskakuj\u0105ca decyzja"},"content":{"rendered":"\n<p>Z Watykanu dotar\u0142y istotne informacje, kt\u00f3re bezpo\u015brednio dotycz\u0105 Polski. Papie\u017c Leon XIV podj\u0105\u0142 decyzj\u0119, kt\u00f3ra mo\u017ce zaskoczy\u0107 wielu wiernych. <\/p>\n\n\n\n<p>To ju\u017c druga tego typu nominacja dokonana podczas jego pontyfikatu, co zosta\u0142o oficjalnie og\u0142oszone przez Nuncjatur\u0119 Apostolsk\u0105.<\/p>\n\n\n\n<h2 class=\"wp-block-heading\">Historyczna chwila dla polskiego Ko\u015bcio\u0142a<\/h2>\n\n\n\n<p>Nuncjatura Apostolska w Polsce og\u0142osi\u0142a, \u017ce\u00a0<strong>papie\u017c Leon XIV powo\u0142a\u0142 ks. Krzysztofa Dukielskiego na biskupa pomocniczego diecezji radomskiej.<\/strong>\u00a0<\/p>\n\n\n\n<p>Jest to druga nominacja dokonana przez nowego papie\u017ca, kt\u00f3ry od niedawna, bo od maja, kieruje Ko\u015bcio\u0142em. Nowy biskup Dukielski otrzyma\u0142 r\u00f3wnie\u017c symboliczn\u0105 stolic\u0119 tytularn\u0105 Catula, zwi\u0105zan\u0105 z tradycjami Ko\u015bcio\u0142a w dawnych czasach.<\/p>\n\n\n\n<h2 class=\"wp-block-heading\">Ksi\u0105dz Krzysztof Dukielski \u2013 do\u015bwiadczenie z Rzymu i Polski<\/h2>\n\n\n\n<p>Ks. Dukielski, pochodz\u0105cy z Radomia i zwi\u0105zany z Mazowszem, po \u015bwi\u0119ceniach kap\u0142a\u0144skich w 2003 roku, sp\u0119dzi\u0142 prawie dziesi\u0119\u0107 lat we W\u0142oszech, gdzie studiowa\u0142 teologi\u0119 i bioetyk\u0119. R\u00f3wnocze\u015bnie pe\u0142ni\u0142 pos\u0142ug\u0119 duszpastersk\u0105 w jednej z diecezji w\u0142oskich.<\/p>\n\n\n\n<p>Po powrocie do Polski aktywnie anga\u017cowa\u0142 si\u0119 w prac\u0119 z m\u0142odzie\u017c\u0105 oraz w sektor ochrony zdrowia. Od 2021 roku by\u0142 proboszczem parafii \u015bw. Jana Chrzciciela w Magnuszewie, gdzie cieszy\u0142 si\u0119 du\u017cym zaufaniem oraz szacunkiem wiernych.<\/p>\n\n\n\n<figure class=\"wp-block-image\"><img decoding=\"async\" src=\"https:\/\/www.bystryjanusz.pl\/wp-content\/uploads\/2025\/07\/782.jpg\" alt=\"\" class=\"wp-image-17473\"\/><\/figure>\n\n\n\n<h2 class=\"wp-block-heading\">Nowy rozdzia\u0142 Ko\u015bcio\u0142a w Polsce<\/h2>\n\n\n\n<p>Aktualna nominacja to bardzo wa\u017cny sygna\u0142 wys\u0142any z Watykanu. Po \u015bmierci biskupa Piotra Turzy\u0144skiego diecezja radomska potrzebowa\u0142a nowego przyw\u00f3dcy. Ks. Dukielski, znany ze swego zaanga\u017cowania, kompetencji oraz otwarto\u015bci na potrzeby m\u0142odego pokolenia, ma wnie\u015b\u0107 \u015bwie\u017c\u0105 energi\u0119 i zmiany do ko\u015bcielnej hierarchii w regionie.<\/p>\n\n\n\n<p>Papie\u017c Leon XIV zdaje si\u0119 nie zwalnia\u0107 tempa, a jego decyzje personalne wyra\u017anie \u015bwiadcz\u0105 o du\u017cym zainteresowaniu sytuacj\u0105 Ko\u015bcio\u0142a katolickiego w Polsce. Wierni i duchowni z entuzjazmem i nadziej\u0105 przyj\u0119li t\u0119 nominacj\u0119.<\/p>\n\n\n\n<h2 class=\"wp-block-heading\">Podsumowanie \u2013 co oznacza nominacja dla Polski?<\/h2>\n\n\n\n<p>Decyzja papie\u017ca o powo\u0142aniu nowego biskupa pomocniczego m\u00f3wi o dynamicznych zmianach i aktywnej roli Ko\u015bcio\u0142a w Polsce. To znak, \u017ce Watykan monitoruje sytuacj\u0119 i stara si\u0119 wspiera\u0107 rozw\u00f3j duchowie\u0144stwa, szczeg\u00f3lnie w regionach wymagaj\u0105cych nowych impuls\u00f3w. Ks. Dukielski z jego mi\u0119dzynarodowym do\u015bwiadczeniem stanowi obiecuj\u0105cy wyb\u00f3r dla radomskiej diecezji.<\/p>\n\n\n\n<blockquote class=\"wp-block-quote is-layout-flow wp-block-quote-is-layout-flow\">\n<p>\u201eTo wyj\u0105tkowy moment dla Ko\u015bcio\u0142a w Polsce. Wierzymy, \u017ce powo\u0142anie ks. Krzysztofa wzmocni parafi\u0119 i wniesie now\u0105 jako\u015b\u0107 w duszpasterstwie.\u201d \u2013 podkre\u015bla Nuncjatura Apostolska.<\/p>\n<\/blockquote>\n\n\n\n<p>Wi\u0119cej informacji o tej oraz innych decyzjach papie\u017ca Leona XIV mo\u017cna \u015bledzi\u0107 na oficjalnych kana\u0142ach Nuncjatury Apostolskiej oraz w serwisach informacyjnych po\u015bwi\u0119conych tematyce religijnej i ko\u015bcielnej.<\/p>\n","protected":false},"excerpt":{"rendered":"Z Watykanu dotar\u0142y istotne informacje, kt\u00f3re bezpo\u015brednio dotycz\u0105 Polski. Papie\u017c Leon XIV podj\u0105\u0142 decyzj\u0119, kt\u00f3ra mo\u017ce zaskoczy\u0107 wielu wiernych. To ju\u017c druga tego \n<a class=\"moretag\" href=\"https:\/\/swiat24.pl.ua\/?p=19129\"> [...]<\/a>","protected":false},"author":1,"featured_media":19130,"comment_status":"open","ping_status":"open","sticky":false,"template":"","format":"standard","meta":{"footnotes":""},"categories":[1],"tags":[],"class_list":["post-19129","post","type-post","status-publish","format-standard","has-post-thumbnail","hentry","category-blog"],"_links":{"self":[{"href":"https:\/\/swiat24.pl.ua\/index.php?rest_route=\/wp\/v2\/posts\/19129","targetHints":{"allow":["GET"]}}],"collection":[{"href":"https:\/\/swiat24.pl.ua\/index.php?rest_route=\/wp\/v2\/posts"}],"about":[{"href":"https:\/\/swiat24.pl.ua\/index.php?rest_route=\/wp\/v2\/types\/post"}],"author":[{"embeddable":true,"href":"https:\/\/swiat24.pl.ua\/index.php?rest_route=\/wp\/v2\/users\/1"}],"replies":[{"embeddable":true,"href":"https:\/\/swiat24.pl.ua\/index.php?rest_route=%2Fwp%2Fv2%2Fcomments&post=19129"}],"version-history":[{"count":1,"href":"https:\/\/swiat24.pl.ua\/index.php?rest_route=\/wp\/v2\/posts\/19129\/revisions"}],"predecessor-version":[{"id":19131,"href":"https:\/\/swiat24.pl.ua\/index.php?rest_route=\/wp\/v2\/posts\/19129\/revisions\/19131"}],"wp:featuredmedia":[{"embeddable":true,"href":"https:\/\/swiat24.pl.ua\/index.php?rest_route=\/wp\/v2\/media\/19130"}],"wp:attachment":[{"href":"https:\/\/swiat24.pl.ua\/index.php?rest_route=%2Fwp%2Fv2%2Fmedia&parent=19129"}],"wp:term":[{"taxonomy":"category","embeddable":true,"href":"https:\/\/swiat24.pl.ua\/index.php?rest_route=%2Fwp%2Fv2%2Fcategories&post=19129"},{"taxonomy":"post_tag","embeddable":true,"href":"https:\/\/swiat24.pl.ua\/index.php?rest_route=%2Fwp%2Fv2%2Ftags&post=19129"}],"curies":[{"name":"wp","href":"https:\/\/api.w.org\/{rel}","templated":true}]}}