{"id":19123,"date":"2025-12-11T17:55:28","date_gmt":"2025-12-11T17:55:28","guid":{"rendered":"https:\/\/swiat24.pl.ua\/?p=19123"},"modified":"2025-12-11T17:55:28","modified_gmt":"2025-12-11T17:55:28","slug":"tragedia-na-polskiej-trasie-ladowaly-dwa-smiglowce-lpr-nie-zyje-nienarodzone-dziecko","status":"publish","type":"post","link":"https:\/\/swiat24.pl.ua\/?p=19123","title":{"rendered":"Tragedia na polskiej trasie. L\u0105dowa\u0142y dwa \u015bmig\u0142owce LPR, nie \u017cyje nienarodzone dziecko"},"content":{"rendered":"\n<p>Czwartkowy poranek na drodze wojew\u00f3dzkiej 409 przyni\u00f3s\u0142 dramatyczne wydarzenia, kt\u00f3re zmobilizowa\u0142y liczne s\u0142u\u017cby ratunkowe. <\/p>\n\n\n\n<p>Powa\u017cne zderzenie dw\u00f3ch samochod\u00f3w osobowych wymaga\u0142o natychmiastowej interwencji \u015bmig\u0142owc\u00f3w LPR oraz stra\u017cy po\u017carnej. <\/p>\n\n\n\n<p>Mimo b\u0142yskawicznej reakcji medyk\u00f3w i transportu do specjalistycznego szpitala, wypadkowa statystyka powi\u0119kszy\u0142a si\u0119 o kolejn\u0105, niezwykle bolesn\u0105 tragedi\u0119.<\/p>\n\n\n\n<p>Powa\u017cny wypadek na drodze wojew\u00f3dzkiej 409. Na miejscu l\u0105dowa\u0142y dwa \u015bmig\u0142owce LPR<br>S\u0142u\u017cby ratunkowe otrzyma\u0142y zg\u0142oszenie o powa\u017cnym wypadku drogowym w czwartek, 11 grudnia, dok\u0142adnie o godzinie 9:23. <\/p>\n\n\n\n<p>Do zdarzenia dosz\u0142o na drodze wojew\u00f3dzkiej 409 w miejscowo\u015bci Dobra, a wst\u0119pne ustania wskazywa\u0142y na udzia\u0142 dw\u00f3ch samochod\u00f3w osobowych, kt\u00f3rymi \u0142\u0105cznie podr\u00f3\u017cowa\u0142y trzy osoby.<\/p>\n\n\n\n<p>Si\u0142a uderzenia by\u0142a na tyle du\u017ca, \u017ce jeden z pojazd\u00f3w wpad\u0142 do przydro\u017cnego rowu, podczas gdy drugi pozosta\u0142 na jezdni. W efekcie droga zosta\u0142a ca\u0142kowicie zablokowana, a policja kierowa\u0142a ruch na objazdy.<\/p>\n\n\n\n<p>Na miejsce wypadku skierowano liczne si\u0142y, w tym 6 zast\u0119p\u00f3w stra\u017cy po\u017carnej, policj\u0119, zespo\u0142y ratownictwa medycznego oraz dwa \u015bmig\u0142owce Lotniczego Pogotowia Ratunkowego.<br><\/p>\n\n\n\n<figure class=\"wp-block-image size-full\"><img loading=\"lazy\" decoding=\"async\" width=\"911\" height=\"514\" src=\"https:\/\/swiat24.pl.ua\/wp-content\/uploads\/2025\/12\/image-11.png\" alt=\"\" class=\"wp-image-19124\" srcset=\"https:\/\/swiat24.pl.ua\/wp-content\/uploads\/2025\/12\/image-11.png 911w, https:\/\/swiat24.pl.ua\/wp-content\/uploads\/2025\/12\/image-11-300x169.png 300w, https:\/\/swiat24.pl.ua\/wp-content\/uploads\/2025\/12\/image-11-768x433.png 768w, https:\/\/swiat24.pl.ua\/wp-content\/uploads\/2025\/12\/image-11-388x220.png 388w\" sizes=\"auto, (max-width: 911px) 100vw, 911px\" \/><\/figure>\n\n\n\n<p>Ustalenia policji po wypadku w Dobrej. Kierowca Audi zjecha\u0142 na przeciwleg\u0142y pas<br>Szczeg\u00f3\u0142owe ustalenia dotycz\u0105ce przebiegu tego zdarzenia s\u0105 wynikiem dzia\u0142a\u0144 policjant\u00f3w pracuj\u0105cych bezpo\u015brednio na miejscu wypadku.<\/p>\n\n\n\n<p>Z ustale\u0144 tych wynika, \u017ce 48-letni kierowca Audi, jad\u0105cy w kierunku Krapkowic, zjecha\u0142 na przeciwleg\u0142y pas ruchu, doprowadzaj\u0105c do czo\u0142owego zderzenia z prawid\u0142owo jad\u0105cym Fiatem, w kt\u00f3rym podr\u00f3\u017cowa\u0142a 49-letnia kieruj\u0105ca oraz jej 24-letnia pasa\u017cerka.<\/p>\n\n\n\n<p>Obie kobiety z Fiata zosta\u0142y natychmiast przetransportowane do szpitala w Opolu. Transport poszkodowanych odby\u0142 si\u0119 przy u\u017cyciu dw\u00f3ch \u015bmig\u0142owc\u00f3w Lotniczego Pogotowia Ratunkowego.<br><\/p>\n\n\n\n<figure class=\"wp-block-image size-full\"><img loading=\"lazy\" decoding=\"async\" width=\"911\" height=\"513\" src=\"https:\/\/swiat24.pl.ua\/wp-content\/uploads\/2025\/12\/image-12.png\" alt=\"\" class=\"wp-image-19125\" srcset=\"https:\/\/swiat24.pl.ua\/wp-content\/uploads\/2025\/12\/image-12.png 911w, https:\/\/swiat24.pl.ua\/wp-content\/uploads\/2025\/12\/image-12-300x169.png 300w, https:\/\/swiat24.pl.ua\/wp-content\/uploads\/2025\/12\/image-12-768x432.png 768w\" sizes=\"auto, (max-width: 911px) 100vw, 911px\" \/><\/figure>\n\n\n\n<p>Tragiczny fina\u0142 wypadku. Lekarze walczyli o \u017cycie nienarodzonego dziecka<br>Wiadomo, \u017ce 24-letnia pasa\u017cerka Fiata by\u0142a w ci\u0105\u017cy. Lekarze w Klinicznym Centrum Ginekologii, Po\u0142o\u017cnictwa i Neonatologii w Opolu niezw\u0142ocznie podj\u0119li dzia\u0142ania ratuj\u0105ce \u017cycie dziecka.<\/p>\n\n\n\n<p>Niestety, mimo intensywnej walki medyk\u00f3w i wysi\u0142k\u00f3w personelu szpitalnego, dziecka nie uda\u0142o si\u0119 uratowa\u0107. Ustalono jednocze\u015bnie, \u017ce kieruj\u0105cy pojazdami byli trze\u017awi w chwili zdarzenia.<\/p>\n\n\n\n<p>Obecnie policjanci pod nadzorem prokuratora wyja\u015bniaj\u0105 wszystkie okoliczno\u015bci tego tragicznego wypadku ze skutkiem \u015bmiertelnym.<br><\/p>\n\n\n\n<figure class=\"wp-block-embed is-type-video is-provider-youtube wp-block-embed-youtube wp-embed-aspect-16-9 wp-has-aspect-ratio\"><div class=\"wp-block-embed__wrapper\">\n<iframe loading=\"lazy\" title=\"Wypadek na DW 409 w miejscowo\u015bci Dobra. Droga ca\u0142kowicie zablokowana, l\u0105dowa\u0142y dwa \u015bmig\u0142owce LPR\" width=\"747\" height=\"420\" src=\"https:\/\/www.youtube.com\/embed\/hU4yAQiXLDc?feature=oembed\" frameborder=\"0\" allow=\"accelerometer; autoplay; clipboard-write; encrypted-media; gyroscope; picture-in-picture; web-share\" referrerpolicy=\"strict-origin-when-cross-origin\" allowfullscreen><\/iframe>\n<\/div><\/figure>\n\n\n\n<p><\/p>\n","protected":false},"excerpt":{"rendered":"Czwartkowy poranek na drodze wojew\u00f3dzkiej 409 przyni\u00f3s\u0142 dramatyczne wydarzenia, kt\u00f3re zmobilizowa\u0142y liczne s\u0142u\u017cby ratunkowe. Powa\u017cne zderzenie dw\u00f3ch samochod\u00f3w osobowych wymaga\u0142o natychmiastowej interwencji \u015bmig\u0142owc\u00f3w \n<a class=\"moretag\" href=\"https:\/\/swiat24.pl.ua\/?p=19123\"> [...]<\/a>","protected":false},"author":1,"featured_media":19126,"comment_status":"open","ping_status":"open","sticky":false,"template":"","format":"standard","meta":{"footnotes":""},"categories":[1],"tags":[],"class_list":["post-19123","post","type-post","status-publish","format-standard","has-post-thumbnail","hentry","category-blog"],"_links":{"self":[{"href":"https:\/\/swiat24.pl.ua\/index.php?rest_route=\/wp\/v2\/posts\/19123","targetHints":{"allow":["GET"]}}],"collection":[{"href":"https:\/\/swiat24.pl.ua\/index.php?rest_route=\/wp\/v2\/posts"}],"about":[{"href":"https:\/\/swiat24.pl.ua\/index.php?rest_route=\/wp\/v2\/types\/post"}],"author":[{"embeddable":true,"href":"https:\/\/swiat24.pl.ua\/index.php?rest_route=\/wp\/v2\/users\/1"}],"replies":[{"embeddable":true,"href":"https:\/\/swiat24.pl.ua\/index.php?rest_route=%2Fwp%2Fv2%2Fcomments&post=19123"}],"version-history":[{"count":1,"href":"https:\/\/swiat24.pl.ua\/index.php?rest_route=\/wp\/v2\/posts\/19123\/revisions"}],"predecessor-version":[{"id":19127,"href":"https:\/\/swiat24.pl.ua\/index.php?rest_route=\/wp\/v2\/posts\/19123\/revisions\/19127"}],"wp:featuredmedia":[{"embeddable":true,"href":"https:\/\/swiat24.pl.ua\/index.php?rest_route=\/wp\/v2\/media\/19126"}],"wp:attachment":[{"href":"https:\/\/swiat24.pl.ua\/index.php?rest_route=%2Fwp%2Fv2%2Fmedia&parent=19123"}],"wp:term":[{"taxonomy":"category","embeddable":true,"href":"https:\/\/swiat24.pl.ua\/index.php?rest_route=%2Fwp%2Fv2%2Fcategories&post=19123"},{"taxonomy":"post_tag","embeddable":true,"href":"https:\/\/swiat24.pl.ua\/index.php?rest_route=%2Fwp%2Fv2%2Ftags&post=19123"}],"curies":[{"name":"wp","href":"https:\/\/api.w.org\/{rel}","templated":true}]}}