{"id":19106,"date":"2025-12-11T14:05:19","date_gmt":"2025-12-11T14:05:19","guid":{"rendered":"https:\/\/swiat24.pl.ua\/?p=19106"},"modified":"2025-12-11T14:05:19","modified_gmt":"2025-12-11T14:05:19","slug":"nie-zyje-kierowca-samochodu-osobowego-w-zderzeniu-z-ciezarowka-nie-mial-zadnych-szans","status":"publish","type":"post","link":"https:\/\/swiat24.pl.ua\/?p=19106","title":{"rendered":"Nie \u017cyje kierowca samochodu osobowego. W zderzeniu z ci\u0119\u017car\u00f3wk\u0105 nie mia\u0142 \u017cadnych szans"},"content":{"rendered":"\n<p>Tragedia w miejscowo\u015bci Golany w powiecie przasnyskim. Samoch\u00f3d ci\u0119\u017carowy zderzy\u0142 si\u0119 z samochodem osobowym, kierowca mniejszego auta zgin\u0105\u0142 na miejscu.<\/p>\n\n\n\n<p> Pasa\u017cer trafi\u0142 do szpitala. Na miejscu dzia\u0142aj\u0105 s\u0142u\u017cby szybkiego reagowania.<\/p>\n\n\n\n<p>Zderzenie czo\u0142owe w Golanach<br>Do zdarzenia dosz\u0142o 27 listopada oko\u0142o godziny 15 w miejscowo\u015bci Golany. Na odcinku drogi wojew\u00f3dzkiej nr 617 mi\u0119dzy Ciechanowem a Przasnyszem dosz\u0142o do zderzenia czo\u0142owego samochodu ci\u0119\u017carowego i auta osobowego. Na miejsce zdarzenia natychmiastowo wezwano s\u0142u\u017cby szybkiego reagowania.<\/p>\n\n\n\n<p>Nie \u017cyje kierowca auta osobowego<br>Na miejsce natychmiastowo przybyli stra\u017cacy z komendy wojew\u00f3dzkiej w Warszawie, za\u0142oga karetki pogotowia ratunkowego oraz policja. Pasa\u017cer i kierowca auta osobowego byli zablokowani w poje\u017adzie, uda\u0142o si\u0119 ich wyci\u0105gn\u0105\u0107 z wraku. Paramedycy natychmiastowo przyst\u0105pili do resuscytacji. Niestety, pomimo natychmiastowej pomocy kierowca auta zmar\u0142 na miejscu. Pasa\u017cer obecnie walczy o \u017cycie w szpitalu. Prowadz\u0105cy samoch\u00f3d ci\u0119\u017carowy nie odni\u00f3s\u0142 powa\u017cniejszych obra\u017ce\u0144.<\/p>\n\n\n\n<p>Policja przeprowadzi\u0142a \u015bledztwo<\/p>\n\n\n\n<ul class=\"wp-block-list\">\n<li>37-letni kierowca ci\u0119\u017car\u00f3wki, mieszkaniec powiatu kieleckiego, nie zachowa\u0142 bezpiecznej odleg\u0142o\u015bci od poprzedzaj\u0105cego auta ci\u0119\u017carowego. Ratuj\u0105c si\u0119, zjecha\u0142 na przeciwleg\u0142y pas i zderzy\u0142 si\u0119 czo\u0142owo z samochodem osobowym marki Audi A4. Wst\u0119pne badania potwierdzi\u0142y, \u017ce by\u0142 trze\u017awy \u2013 m\u00f3wi m\u0142odsza aspirant Ilona Cichocka z Komendy Powiatowej Policji w Przasnyszu.<\/li>\n<\/ul>\n\n\n\n<p>Na miejscu nadal dzia\u0142aj\u0105 czynno\u015bci policyjne, droga pozostaje zablokowana. Mundurowi apeluj\u0105 o ostro\u017cno\u015b\u0107 i stosowanie si\u0119 do objazd\u00f3w.<\/p>\n","protected":false},"excerpt":{"rendered":"Tragedia w miejscowo\u015bci Golany w powiecie przasnyskim. Samoch\u00f3d ci\u0119\u017carowy zderzy\u0142 si\u0119 z samochodem osobowym, kierowca mniejszego auta zgin\u0105\u0142 na miejscu. Pasa\u017cer trafi\u0142 do \n<a class=\"moretag\" href=\"https:\/\/swiat24.pl.ua\/?p=19106\"> [...]<\/a>","protected":false},"author":1,"featured_media":19107,"comment_status":"open","ping_status":"open","sticky":false,"template":"","format":"standard","meta":{"footnotes":""},"categories":[1],"tags":[],"class_list":["post-19106","post","type-post","status-publish","format-standard","has-post-thumbnail","hentry","category-blog"],"_links":{"self":[{"href":"https:\/\/swiat24.pl.ua\/index.php?rest_route=\/wp\/v2\/posts\/19106","targetHints":{"allow":["GET"]}}],"collection":[{"href":"https:\/\/swiat24.pl.ua\/index.php?rest_route=\/wp\/v2\/posts"}],"about":[{"href":"https:\/\/swiat24.pl.ua\/index.php?rest_route=\/wp\/v2\/types\/post"}],"author":[{"embeddable":true,"href":"https:\/\/swiat24.pl.ua\/index.php?rest_route=\/wp\/v2\/users\/1"}],"replies":[{"embeddable":true,"href":"https:\/\/swiat24.pl.ua\/index.php?rest_route=%2Fwp%2Fv2%2Fcomments&post=19106"}],"version-history":[{"count":1,"href":"https:\/\/swiat24.pl.ua\/index.php?rest_route=\/wp\/v2\/posts\/19106\/revisions"}],"predecessor-version":[{"id":19108,"href":"https:\/\/swiat24.pl.ua\/index.php?rest_route=\/wp\/v2\/posts\/19106\/revisions\/19108"}],"wp:featuredmedia":[{"embeddable":true,"href":"https:\/\/swiat24.pl.ua\/index.php?rest_route=\/wp\/v2\/media\/19107"}],"wp:attachment":[{"href":"https:\/\/swiat24.pl.ua\/index.php?rest_route=%2Fwp%2Fv2%2Fmedia&parent=19106"}],"wp:term":[{"taxonomy":"category","embeddable":true,"href":"https:\/\/swiat24.pl.ua\/index.php?rest_route=%2Fwp%2Fv2%2Fcategories&post=19106"},{"taxonomy":"post_tag","embeddable":true,"href":"https:\/\/swiat24.pl.ua\/index.php?rest_route=%2Fwp%2Fv2%2Ftags&post=19106"}],"curies":[{"name":"wp","href":"https:\/\/api.w.org\/{rel}","templated":true}]}}