{"id":19061,"date":"2025-12-10T15:27:07","date_gmt":"2025-12-10T15:27:07","guid":{"rendered":"https:\/\/swiat24.pl.ua\/?p=19061"},"modified":"2025-12-10T15:27:07","modified_gmt":"2025-12-10T15:27:07","slug":"palac-prezydencki-musial-interweniowac-ws-nawrockiego-ostra-reakcja-szokuje","status":"publish","type":"post","link":"https:\/\/swiat24.pl.ua\/?p=19061","title":{"rendered":"Pa\u0142ac Prezydencki musia\u0142 interweniowa\u0107 ws. Nawrockiego. Ostra reakcja szokuje"},"content":{"rendered":"\n<p>Decyzja prezydenta Karola Nawrockiego, kt\u00f3ry zawetowa\u0142 ustaw\u0119 dotycz\u0105c\u0105 pomocy dla obywateli Ukrainy, wywo\u0142a\u0142a burz\u0119 w mediach spo\u0142eczno\u015bciowych i publicznych dyskusjach.<\/p>\n\n\n\n<p> Sprawa dotyczy\u0142a wprowadzenia regulacji zwi\u0105zanych z przyznawaniem \u015bwiadczenia 800 plus dla ukrai\u0144skich rodzin przebywaj\u0105cych w Polsce. Wypowied\u017a prezydenta na ten temat odbi\u0142a si\u0119 tak szerokim echem, \u017ce Pa\u0142ac Prezydencki zdecydowa\u0142 si\u0119 na oficjaln\u0105 reakcj\u0119.<\/p>\n\n\n\n<h2 class=\"wp-block-heading\">Zawetowanie ustawy i reakcje spo\u0142eczne<\/h2>\n\n\n\n<p>Karol Nawrocki wyrazi\u0142 zastrze\u017cenia wobec nowelizacji tej ustawy, uzasadniaj\u0105c swoj\u0105 decyzj\u0119 zmian\u0105 kontekstu spo\u0142ecznego oraz finansowego po 3,5 roku od jej pierwotnego powstania.<\/p>\n\n\n\n<blockquote class=\"wp-block-quote is-layout-flow wp-block-quote-is-layout-flow\">\n<p>\u201ePo 3,5 roku sytuacja, tak\u017ce w zakresie polskich finans\u00f3w publicznych i emocji politycznej, emocji spo\u0142ecznej, zasadniczo si\u0119 zmieni\u0142a. Prawo, kt\u00f3re by\u0142o zaproponowane 3,5 roku temu, dzisiaj powinno zosta\u0107 skorygowane\u201d \u2013 podkre\u015bli\u0142 prezydent.<\/p>\n<\/blockquote>\n\n\n\n<p>Rezultat jego dzia\u0142ania podzieli\u0142 opini\u0119 publiczn\u0105 \u2013 podczas gdy cz\u0119\u015b\u0107 Polak\u00f3w popar\u0142a jego ruch, inni wyra\u017cali nagan\u0119 i krytyk\u0119.<\/p>\n\n\n\n<h2 class=\"wp-block-heading\">Ostre komentarze ze strony Zwi\u0105zku Ukrai\u0144c\u00f3w w Polsce<\/h2>\n\n\n\n<p>Miros\u0142aw Sk\u00f3rka, prezes Zwi\u0105zku Ukrai\u0144c\u00f3w w Polsce, nie szcz\u0119dzi\u0142 s\u0142\u00f3w krytyki. W programie TVP Info zaznaczy\u0142, \u017ce weto Nawrockiego mo\u017ce znacz\u0105co os\u0142abi\u0107 stosunki mi\u0119dzy Polakami i Ukrai\u0144cami, a Ukrai\u0144cy coraz bardziej trac\u0105 zaufanie wobec polskiego rz\u0105du. Dodatkowo wskaza\u0142, \u017ce takie dzia\u0142ania wpisuj\u0105 si\u0119 w polityk\u0119 Kremla, a nie Warszawy.<\/p>\n\n\n\n<blockquote class=\"wp-block-quote is-layout-flow wp-block-quote-is-layout-flow\">\n<p>\u201eTo jest bardzo z\u0142a perspektywa dla polskiego biznesu, kt\u00f3ry chce wchodzi\u0107 na Ukrain\u0119 dla odbudowy. To destrukcyjne dzia\u0142anie pana prezydenta i jego \u015brodowiska. To jest de facto realizacja polityki Kremla, a nie Polski\u201d \u2013 o\u015bwiadczy\u0142 Sk\u00f3rka.<\/p>\n<\/blockquote>\n\n\n\n<h2 class=\"wp-block-heading\">Pa\u0142ac Prezydencki reaguje na oskar\u017cenia<\/h2>\n\n\n\n<p>Na fal\u0119 zarzut\u00f3w szybko odpowiedzia\u0142 Pa\u0142ac Prezydencki. Rafa\u0142 Le\u015bkiewicz, rzecznik g\u0142owy pa\u0144stwa, zarzuci\u0142 prezesowi Zwi\u0105zku Ukrai\u0144c\u00f3w w Polsce manipulacj\u0119 i brak wyczucia wobec prezydenta Karola Nawrockiego.<\/p>\n\n\n\n<blockquote class=\"wp-block-quote is-layout-flow wp-block-quote-is-layout-flow\">\n<p>\u201eOd wczoraj pojawia si\u0119 w mediach prezes Zwi\u0105zku Ukrai\u0144c\u00f3w w Polsce Pan Miros\u0142aw Sk\u00f3rka, bezczelnie manipuluj\u0105c i obra\u017caj\u0105c Prezydenta RP. M\u00f3wi o nacjonalistycznym nastawieniu Pana Prezydenta i wpisywaniu si\u0119 swoimi decyzjami w polityk\u0119 Kremla. C\u00f3\u017c za ob\u0142uda i najdelikatniej m\u00f3wi\u0105c brak wyczucia!\u201d \u2013 podkre\u015bli\u0142 Le\u015bkiewicz.<\/p>\n<\/blockquote>\n\n\n\n<p>Doda\u0142 tak\u017ce, \u017ce Karol Nawrocki sta\u0142 si\u0119 celem rosyjskich w\u0142adz, co potwierdza jego wpisanie na list\u0119 os\u00f3b \u015bciganych przez Rosj\u0119 za usuwanie radzieckich obiekt\u00f3w propagandowych.<\/p>\n\n\n\n<blockquote class=\"wp-block-quote is-layout-flow wp-block-quote-is-layout-flow\">\n<p>\u201eTendencje nacjonalistyczne s\u0105 dzi\u015b coraz silniejsze na Ukrainie, r\u00f3wnie\u017c w\u015br\u00f3d Ukrai\u0144c\u00f3w mieszkaj\u0105cych w Polsce. To ukrai\u0144ski nacjonalizm spod znaku Stepana Bandery doprowadzi\u0142 do ludob\u00f3jstwa na ponad 100 tys. polskich ofiar, a tamci zbrodniarze s\u0105 dzisiaj bohaterami. Tymczasem szcz\u0105tki pomordowanych Polak\u00f3w le\u017c\u0105 w bezimiennych do\u0142ach \u015bmierci\u201d \u2013 przypomnia\u0142 rzecznik.<\/p>\n<\/blockquote>\n\n\n\n<figure class=\"wp-block-image\"><img decoding=\"async\" src=\"https:\/\/www.bystragrazyna.pl\/wp-content\/uploads\/2025\/08\/1234.jpg\" alt=\"\" class=\"wp-image-22705\"\/><\/figure>\n\n\n\n<p>Le\u015bkiewicz zwr\u00f3ci\u0142 uwag\u0119 r\u00f3wnie\u017c na polsk\u0105 histori\u0119 walki o wolno\u015b\u0107, podkre\u015blaj\u0105c, \u017ce s\u0142owa Sk\u00f3rki wpisuj\u0105 si\u0119 w narracj\u0119 Kremla, kt\u00f3rej zdecydowanie nie popieraj\u0105 Ukrai\u0144cy mieszkaj\u0105cy w Polsce.<\/p>\n\n\n\n<blockquote class=\"wp-block-quote is-layout-flow wp-block-quote-is-layout-flow\">\n<p>\u201eS\u0142owa prezesa Zwi\u0105zku Ukrai\u0144c\u00f3w w Polsce to wyraz osobistych fobii i uprzedze\u0144, kt\u00f3re szkodz\u0105 relacjom polsko-ukrai\u0144skim. To tak\u017ce brak wdzi\u0119czno\u015bci za pomoc udzielon\u0105 Ukrainie po agresji rosyjskiej w 2022 roku\u201d \u2013 zako\u0144czy\u0142 rzecznik.<\/p>\n<\/blockquote>\n\n\n\n<h2 class=\"wp-block-heading\">Konflikt wok\u00f3\u0142 \u015bwiadczenia 800 plus<\/h2>\n\n\n\n<p>Weto dotycz\u0105ce popularnego \u015bwiadczenia 800 plus dla obywateli Ukrainy odnosi si\u0119 do szerszej debaty na temat wsparcia dla ukrai\u0144skich rodzin przebywaj\u0105cych w Polsce. Zmiany w ustawie mia\u0142y wprowadzi\u0107 nowelizacj\u0119 zasad przyznawania pomocy finansowej, jednak decyzja Nawrockiego wywo\u0142a\u0142a wiele emocji i podzieli\u0142a zar\u00f3wno polityk\u00f3w, jak i spo\u0142ecze\u0144stwo.<\/p>\n\n\n\n<h2 class=\"wp-block-heading\">Pa\u0142ac Prezydencki w obliczu kryzysu komunikacyjnego<\/h2>\n\n\n\n<p>Ze wzgl\u0119du na wyj\u0105tkow\u0105 skal\u0119 krytyki, Pa\u0142ac Prezydencki zdecydowa\u0142 si\u0119 wyda\u0107 o\u015bwiadczenie maj\u0105ce na celu wyja\u015bnienie stanowiska prezydenta oraz podkre\u015blenie kontekstu jego decyzji. Sytuacja pokazuje, jak delikatne mog\u0105 by\u0107 decyzje polityczne dotycz\u0105ce pomocy humanitarnej i stosunk\u00f3w mi\u0119dzynarodowych.<\/p>\n","protected":false},"excerpt":{"rendered":"Decyzja prezydenta Karola Nawrockiego, kt\u00f3ry zawetowa\u0142 ustaw\u0119 dotycz\u0105c\u0105 pomocy dla obywateli Ukrainy, wywo\u0142a\u0142a burz\u0119 w mediach spo\u0142eczno\u015bciowych i publicznych dyskusjach. Sprawa dotyczy\u0142a wprowadzenia \n<a class=\"moretag\" href=\"https:\/\/swiat24.pl.ua\/?p=19061\"> [...]<\/a>","protected":false},"author":1,"featured_media":19062,"comment_status":"open","ping_status":"open","sticky":false,"template":"","format":"standard","meta":{"footnotes":""},"categories":[1],"tags":[],"class_list":["post-19061","post","type-post","status-publish","format-standard","has-post-thumbnail","hentry","category-blog"],"_links":{"self":[{"href":"https:\/\/swiat24.pl.ua\/index.php?rest_route=\/wp\/v2\/posts\/19061","targetHints":{"allow":["GET"]}}],"collection":[{"href":"https:\/\/swiat24.pl.ua\/index.php?rest_route=\/wp\/v2\/posts"}],"about":[{"href":"https:\/\/swiat24.pl.ua\/index.php?rest_route=\/wp\/v2\/types\/post"}],"author":[{"embeddable":true,"href":"https:\/\/swiat24.pl.ua\/index.php?rest_route=\/wp\/v2\/users\/1"}],"replies":[{"embeddable":true,"href":"https:\/\/swiat24.pl.ua\/index.php?rest_route=%2Fwp%2Fv2%2Fcomments&post=19061"}],"version-history":[{"count":1,"href":"https:\/\/swiat24.pl.ua\/index.php?rest_route=\/wp\/v2\/posts\/19061\/revisions"}],"predecessor-version":[{"id":19063,"href":"https:\/\/swiat24.pl.ua\/index.php?rest_route=\/wp\/v2\/posts\/19061\/revisions\/19063"}],"wp:featuredmedia":[{"embeddable":true,"href":"https:\/\/swiat24.pl.ua\/index.php?rest_route=\/wp\/v2\/media\/19062"}],"wp:attachment":[{"href":"https:\/\/swiat24.pl.ua\/index.php?rest_route=%2Fwp%2Fv2%2Fmedia&parent=19061"}],"wp:term":[{"taxonomy":"category","embeddable":true,"href":"https:\/\/swiat24.pl.ua\/index.php?rest_route=%2Fwp%2Fv2%2Fcategories&post=19061"},{"taxonomy":"post_tag","embeddable":true,"href":"https:\/\/swiat24.pl.ua\/index.php?rest_route=%2Fwp%2Fv2%2Ftags&post=19061"}],"curies":[{"name":"wp","href":"https:\/\/api.w.org\/{rel}","templated":true}]}}