{"id":19054,"date":"2025-12-10T15:05:04","date_gmt":"2025-12-10T15:05:04","guid":{"rendered":"https:\/\/swiat24.pl.ua\/?p=19054"},"modified":"2025-12-10T15:05:04","modified_gmt":"2025-12-10T15:05:04","slug":"wlasnie-oglosili-to-o-nawrockim-gratulacje-plyna-z-calego-swiata","status":"publish","type":"post","link":"https:\/\/swiat24.pl.ua\/?p=19054","title":{"rendered":"W\u0142a\u015bnie og\u0142osili to o Nawrockim! Gratulacje p\u0142yn\u0105 z ca\u0142ego \u015bwiata"},"content":{"rendered":"\n<p>9 grudnia 2025 roku media spo\u0142eczno\u015bciowe eksplodowa\u0142y komentarzami po wpisie prezydenta Karola Nawrockiego chwal\u0105cego si\u0119 obecno\u015bci\u0105 w rankingu \u201eClass of 2026\u201d przygotowanym przez Politico.<\/p>\n\n\n\n<p>Na profilu g\u0142owy pa\u0144stwa pojawi\u0142a si\u0119 grafika z u\u015bmiechni\u0119tym prezydentem oraz t\u0142em ze zdj\u0119ciami dokumentuj\u0105cymi jego spotkania z globalnymi liderami, w tym z Donaldem Trumpem, Emmanuelem Macronem i Giorgi\u0105 Meloni.<\/p>\n\n\n\n<p>Wpis z komentarzem \u201eDzia\u0142amy dla Was. Dla Polski!\u201d mia\u0142 podkre\u015bli\u0107, \u017ce polska dyplomacja osi\u0105ga mi\u0119dzynarodowy sukces, a prezydent znajduje si\u0119 w gronie najbardziej wp\u0142ywowych polityk\u00f3w Europy.<\/p>\n\n\n\n<p>Reakcja internaut\u00f3w by\u0142a jednak natychmiastowa i wyj\u0105tkowo ostra, a entuzjazm Pa\u0142acu Prezydenckiego szybko zderzy\u0142 si\u0119 z polityczn\u0105 pami\u0119ci\u0105 komentuj\u0105cych.<\/p>\n\n\n\n<p>Pod wpisem pojawi\u0142y si\u0119 setki komentarzy przypominaj\u0105cych, \u017ce w 2023 roku podobne wyr\u00f3\u017cnienie otrzyma\u0142 Donald Tusk, a wtedy \u015brodowiska prawicowe okre\u015bla\u0142y ranking jako bezwarto\u015bciowy i niesprawiedliwy.<\/p>\n\n\n\n<p>Internauci wypominaj\u0105 zmian\u0119 narracji, wskazuj\u0105c, \u017ce to samo wyr\u00f3\u017cnienie bywa uznawane za presti\u017cowe lub kompletnie nieistotne, zale\u017cnie od tego, kogo akurat dotyczy.<\/p>\n\n\n\n<p>Pojawi\u0142y si\u0119 tak\u017ce zarzuty, \u017ce s\u0142owo \u201ewp\u0142ywowy\u201d w rankingu Politico nie oznacza wy\u0142\u0105cznie pozytywnej roli, poniewa\u017c serwis dzieli polityk\u00f3w na kategorie od wizjoner\u00f3w po destruktor\u00f3w.<\/p>\n\n\n\n<p>Cz\u0119\u015b\u0107 komentator\u00f3w sugeruje wr\u0119cz, \u017ce obecno\u015b\u0107 prezydenta w zestawieniu mo\u017ce by\u0107 ocen\u0105 negatywnych skutk\u00f3w jego dzia\u0142a\u0144, a nie pochwa\u0142\u0105 za wzmocnienie pozycji Polski.<\/p>\n\n\n\n<p>Krytycy pytaj\u0105, czy Kancelaria Prezydenta zapozna\u0142a si\u0119 z pe\u0142nym uzasadnieniem rankingu, czy skupi\u0142a si\u0119 wy\u0142\u0105cznie na medialnym brzmieniu nag\u0142\u00f3wka.<\/p>\n\n\n\n<p>Zwolennicy Karola Nawrockiego odbieraj\u0105 wyr\u00f3\u017cnienie zupe\u0142nie inaczej, traktuj\u0105c je jako dow\u00f3d skutecznej polityki zagranicznej i wzrostu znaczenia Polski na arenie mi\u0119dzynarodowej.<\/p>\n\n\n\n<p>Dla sympatyk\u00f3w prezydenta zdj\u0119cia z Trumpem czy Meloni symbolizuj\u0105 budowanie silnych sojuszy, a sama obecno\u015b\u0107 w rankingu jest powodem do dumy.<\/p>\n\n\n\n<p>W ich opinii sukces w Politico to potwierdzenie, \u017ce prezydent dzia\u0142a konsekwentnie i jest widoczny w globalnych debatach.<\/p>\n\n\n\n<p>Ca\u0142a dyskusja sta\u0142a si\u0119 kolejnym lustrem polskich podzia\u0142\u00f3w, w kt\u00f3rym te same fakty jedni traktuj\u0105 jako pow\u00f3d do \u015bwi\u0119towania, a inni jako pretekst do krytyki.<\/p>\n\n\n\n<p>Ranking Politico zamiast sta\u0107 si\u0119 neutralnym miernikiem pozycji Polski ponownie podzieli\u0142 spo\u0142ecze\u0144stwo i sta\u0142 si\u0119 narz\u0119dziem w nieko\u0144cz\u0105cej si\u0119 wojnie narracyjnej.<\/p>\n","protected":false},"excerpt":{"rendered":"9 grudnia 2025 roku media spo\u0142eczno\u015bciowe eksplodowa\u0142y komentarzami po wpisie prezydenta Karola Nawrockiego chwal\u0105cego si\u0119 obecno\u015bci\u0105 w rankingu \u201eClass of 2026\u201d przygotowanym przez \n<a class=\"moretag\" href=\"https:\/\/swiat24.pl.ua\/?p=19054\"> [...]<\/a>","protected":false},"author":1,"featured_media":19055,"comment_status":"open","ping_status":"open","sticky":false,"template":"","format":"standard","meta":{"footnotes":""},"categories":[1],"tags":[],"class_list":["post-19054","post","type-post","status-publish","format-standard","has-post-thumbnail","hentry","category-blog"],"_links":{"self":[{"href":"https:\/\/swiat24.pl.ua\/index.php?rest_route=\/wp\/v2\/posts\/19054","targetHints":{"allow":["GET"]}}],"collection":[{"href":"https:\/\/swiat24.pl.ua\/index.php?rest_route=\/wp\/v2\/posts"}],"about":[{"href":"https:\/\/swiat24.pl.ua\/index.php?rest_route=\/wp\/v2\/types\/post"}],"author":[{"embeddable":true,"href":"https:\/\/swiat24.pl.ua\/index.php?rest_route=\/wp\/v2\/users\/1"}],"replies":[{"embeddable":true,"href":"https:\/\/swiat24.pl.ua\/index.php?rest_route=%2Fwp%2Fv2%2Fcomments&post=19054"}],"version-history":[{"count":1,"href":"https:\/\/swiat24.pl.ua\/index.php?rest_route=\/wp\/v2\/posts\/19054\/revisions"}],"predecessor-version":[{"id":19056,"href":"https:\/\/swiat24.pl.ua\/index.php?rest_route=\/wp\/v2\/posts\/19054\/revisions\/19056"}],"wp:featuredmedia":[{"embeddable":true,"href":"https:\/\/swiat24.pl.ua\/index.php?rest_route=\/wp\/v2\/media\/19055"}],"wp:attachment":[{"href":"https:\/\/swiat24.pl.ua\/index.php?rest_route=%2Fwp%2Fv2%2Fmedia&parent=19054"}],"wp:term":[{"taxonomy":"category","embeddable":true,"href":"https:\/\/swiat24.pl.ua\/index.php?rest_route=%2Fwp%2Fv2%2Fcategories&post=19054"},{"taxonomy":"post_tag","embeddable":true,"href":"https:\/\/swiat24.pl.ua\/index.php?rest_route=%2Fwp%2Fv2%2Ftags&post=19054"}],"curies":[{"name":"wp","href":"https:\/\/api.w.org\/{rel}","templated":true}]}}