{"id":19028,"date":"2025-12-10T14:09:03","date_gmt":"2025-12-10T14:09:03","guid":{"rendered":"https:\/\/swiat24.pl.ua\/?p=19028"},"modified":"2025-12-10T14:09:03","modified_gmt":"2025-12-10T14:09:03","slug":"baby-you-szczesliwa-ola-kwasniewska-oglasza-wiesci-na-tle-balonu-z-noworodkiem-dlugo-na-to-czekala","status":"publish","type":"post","link":"https:\/\/swiat24.pl.ua\/?p=19028","title":{"rendered":"\u201eBaby You\u201d. Szcz\u0119\u015bliwa Ola Kwa\u015bniewska og\u0142asza wie\u015bci, na tle balonu z noworodkiem. D\u0142ugo na to czeka\u0142a"},"content":{"rendered":"\n<p>Aleksandra Kwa\u015bniewska zachwyci\u0142a swoich fan\u00f3w publikuj\u0105c niecodzienne wideo. Wida\u0107 na nim, jak ogromn\u0105 rado\u015b\u0107 prze\u017cywa, co trudno ukry\u0107 z jej szerokiego u\u015bmiechu i blasku w oczach.<\/p>\n\n\n\n<h2 class=\"wp-block-heading\">Kim jest Aleksandra Kwa\u015bniewska? Kr\u00f3tka biografia<\/h2>\n\n\n\n<p>Ola to c\u00f3rka by\u0142ej pary prezydenckiej \u2013 Jolanty i Aleksandra Kwa\u015bniewskich. Ju\u017c od m\u0142odo\u015bci by\u0142a aktywna zar\u00f3wno spo\u0142ecznie, jak i medialnie. <\/p>\n\n\n\n<p>Znana sta\u0142a si\u0119 tak\u017ce dzi\u0119ki udzia\u0142owi w popularnym programie \u201eTaniec z Gwiazdami\u201d, gdzie ta\u0144czy\u0142a u boku Rafa\u0142a Maseraka. Nast\u0119pnie prowadzi\u0142a kulisy kolejnej edycji show, a na d\u0142u\u017cszy czas zwi\u0105za\u0142a si\u0119 zawodowo z TVN i TVN Style. Po kilku latach \u017cycia w \u015bwietle kamer, Ola zdecydowa\u0142a si\u0119 na przerw\u0119, by skupi\u0107 si\u0119 na sferze prywatnej.<\/p>\n\n\n\n<p>W 2012 roku wysz\u0142a za m\u0105\u017c za cenionego wokalist\u0119, Kub\u0119 Badacha. Para uchodzi za jedn\u0105 z najpi\u0119kniejszych i najbardziej zgodnych par polskiego show-biznesu, a ich \u017cycie pe\u0142ne jest szcz\u0119\u015bcia i wzajemnego wsparcia. Wsp\u00f3\u0142praca zawodowa tak\u017ce pojawia si\u0119 w ich zwi\u0105zkach, o czym opowiada\u0142 Kuba Badach w wywiadzie dla naszego serwisu.<\/p>\n\n\n\n<figure class=\"wp-block-image\"><img decoding=\"async\" src=\"https:\/\/www.bystragrazyna.pl\/wp-content\/uploads\/2025\/08\/927.jpg\" alt=\"\" class=\"wp-image-22117\"\/><\/figure>\n\n\n\n<h2 class=\"wp-block-heading\">Relacja Kuby Badacha o wsp\u00f3\u0142pracy z Ol\u0105<\/h2>\n\n\n\n<blockquote class=\"wp-block-quote is-layout-flow wp-block-quote-is-layout-flow\">\n<p>\u201ePo prostu k\u0142adzie mi tekst, m\u00f3wi: &#8216;co my\u015blisz?\u2019 i zazwyczaj nie mam pyta\u0144, bo jest to \u015bwietnie napisane \u2013 balansuj\u0105c pomi\u0119dzy poetyk\u0105 a prostot\u0105 s\u0142owa. Potrafi by\u0107 przyswajalna, a jednocze\u015bnie umie doda\u0107 pi\u0119kne smaczki. Przy tworzeniu solowej p\u0142yty mam nadziej\u0119, \u017ce wi\u0119kszo\u015b\u0107 tekst\u00f3w b\u0119dzie w\u0142a\u015bnie autorstwa Ole\u0144ki.\u201d \u2013 przyznaje Badach.<\/p>\n<\/blockquote>\n\n\n\n<h2 class=\"wp-block-heading\">Decyzja o rodzinie i adopcji psiak\u00f3w<\/h2>\n\n\n\n<p>Cho\u0107 Ola i Kuba nie maj\u0105 dzieci, o czym wielokrotnie dyskutowali ich fani, zdecydowali si\u0119 na adopcj\u0119 dw\u00f3ch uroczych psiak\u00f3w, kt\u00f3re s\u0105 teraz pe\u0142noprawnymi cz\u0142onkami rodziny. Oli wsparcie w tej decyzji okaza\u0142a tak\u017ce jej mama, Jolanta Kwa\u015bniewska.<\/p>\n\n\n\n<p>W jednym z wywiad\u00f3w matka Oli wyzna\u0142a, \u017ce \u017ca\u0142uje, i\u017c nie b\u0119dzie mog\u0142a zosta\u0107 babci\u0105.<\/p>\n\n\n\n<h2 class=\"wp-block-heading\">Jolanta Kwa\u015bniewska o roli babci<\/h2>\n\n\n\n<blockquote class=\"wp-block-quote is-layout-flow wp-block-quote-is-layout-flow\">\n<p>\u201eTroszk\u0119 tego \u017ca\u0142uj\u0119, poniewa\u017c bycie babci\u0105 to bardzo fajna funkcja. My\u015bl\u0119, \u017ce by\u0142abym babci\u0105 \u2018po bandzie\u2019\u201d \u2013 powiedzia\u0142a w programie &#8216;Tr\u00f3jk\u0105t polityczny\u2019.<\/p>\n<\/blockquote>\n\n\n\n<p>Doda\u0142a r\u00f3wnie\u017c s\u0142owa wsparcia dla Oli, podkre\u015blaj\u0105c, \u017ce sta\u0142a si\u0119 ona g\u0142osem kobiet, kt\u00f3re podejmuj\u0105 podobne decyzje \u017cyciowe.<\/p>\n\n\n\n<blockquote class=\"wp-block-quote is-layout-flow wp-block-quote-is-layout-flow\">\n<p>\u201eWidz\u0119, \u017ce Ola sta\u0142a si\u0119 g\u0142osem dla wielu kobiet, kt\u00f3re podejmuj\u0105 tak\u0105, a nie inn\u0105 decyzj\u0119.\u201d<\/p>\n<\/blockquote>\n\n\n\n<h2 class=\"wp-block-heading\">Szcz\u0119\u015bliwa Ola Kwa\u015bniewska dzieli si\u0119 rado\u015bci\u0105 na Instagramie<\/h2>\n\n\n\n<p>Aktywno\u015b\u0107 Aleksandry Kwa\u015bniewskiej na Instagramie jest niezwykle intensywna \u2013 regularnie relacjonuje tam wydarzenia z \u017cycia prywatnego oraz prowadzi wywiady z ojcem, Aleksandrem Kwa\u015bniewskim, w ramach cyklu \u201eCo powie tata?\u201d.<\/p>\n\n\n\n<p>Ostatnio pojawi\u0142o si\u0119 jednak nagranie, kt\u00f3re wzbudzi\u0142o spore emocje i domys\u0142y. Ola wyst\u0105pi\u0142a na tle wielkiego balonu z noworodkiem, co wywo\u0142a\u0142o spekulacje dotycz\u0105ce ci\u0105\u017cy. Jednak\u017ce jego znaczenie okaza\u0142o si\u0119 zgo\u0142a inne \u2013 by\u0142 to balon promuj\u0105cy roczne wydanie kultowego magazynu \u201ePrzekr\u00f3j\u201d.<\/p>\n\n\n\n<blockquote class=\"wp-block-quote is-layout-flow wp-block-quote-is-layout-flow\">\n<p>\u201eBaby You! Ta fantastyczna instalacja og\u0142asza premier\u0119 pierwszego rocznego wydania Przekroju. Gruby na 268 stron inspiruje, bawi i prowokuje, zag\u0142\u0119biaj\u0105c si\u0119 w temat &#8216;o co chodzi w \u015bwiecie?\u2019. Nie brakuje tam nauki, ezoteryki, a na ko\u0144cu kultowej JOLKI\u201d \u2013 komentowa\u0142a Aleksandra w opisie posta.<\/p>\n<\/blockquote>\n\n\n\n<h2 class=\"wp-block-heading\">Popularno\u015b\u0107 i wp\u0142yw Aleksandry Kwa\u015bniewskiej<\/h2>\n\n\n\n<p>Dzi\u0119ki konsekwentnemu budowaniu swojego wizerunku, zar\u00f3wno jako osoby publicznej, jak i prywatnej, Ola zyska\u0142a sympati\u0119 szerokiego grona obserwator\u00f3w. Jej ciep\u0142e relacje rodzinne oraz szczero\u015b\u0107 w dzieleniu si\u0119 codzienno\u015bci\u0105 sprawiaj\u0105, \u017ce \u0142atwo zdobywa serca fan\u00f3w, kt\u00f3rzy z zainteresowaniem \u015bledz\u0105 jej losy.<\/p>\n","protected":false},"excerpt":{"rendered":"Aleksandra Kwa\u015bniewska zachwyci\u0142a swoich fan\u00f3w publikuj\u0105c niecodzienne wideo. Wida\u0107 na nim, jak ogromn\u0105 rado\u015b\u0107 prze\u017cywa, co trudno ukry\u0107 z jej szerokiego u\u015bmiechu i \n<a class=\"moretag\" href=\"https:\/\/swiat24.pl.ua\/?p=19028\"> [...]<\/a>","protected":false},"author":1,"featured_media":19029,"comment_status":"open","ping_status":"open","sticky":false,"template":"","format":"standard","meta":{"footnotes":""},"categories":[1],"tags":[],"class_list":["post-19028","post","type-post","status-publish","format-standard","has-post-thumbnail","hentry","category-blog"],"_links":{"self":[{"href":"https:\/\/swiat24.pl.ua\/index.php?rest_route=\/wp\/v2\/posts\/19028","targetHints":{"allow":["GET"]}}],"collection":[{"href":"https:\/\/swiat24.pl.ua\/index.php?rest_route=\/wp\/v2\/posts"}],"about":[{"href":"https:\/\/swiat24.pl.ua\/index.php?rest_route=\/wp\/v2\/types\/post"}],"author":[{"embeddable":true,"href":"https:\/\/swiat24.pl.ua\/index.php?rest_route=\/wp\/v2\/users\/1"}],"replies":[{"embeddable":true,"href":"https:\/\/swiat24.pl.ua\/index.php?rest_route=%2Fwp%2Fv2%2Fcomments&post=19028"}],"version-history":[{"count":1,"href":"https:\/\/swiat24.pl.ua\/index.php?rest_route=\/wp\/v2\/posts\/19028\/revisions"}],"predecessor-version":[{"id":19030,"href":"https:\/\/swiat24.pl.ua\/index.php?rest_route=\/wp\/v2\/posts\/19028\/revisions\/19030"}],"wp:featuredmedia":[{"embeddable":true,"href":"https:\/\/swiat24.pl.ua\/index.php?rest_route=\/wp\/v2\/media\/19029"}],"wp:attachment":[{"href":"https:\/\/swiat24.pl.ua\/index.php?rest_route=%2Fwp%2Fv2%2Fmedia&parent=19028"}],"wp:term":[{"taxonomy":"category","embeddable":true,"href":"https:\/\/swiat24.pl.ua\/index.php?rest_route=%2Fwp%2Fv2%2Fcategories&post=19028"},{"taxonomy":"post_tag","embeddable":true,"href":"https:\/\/swiat24.pl.ua\/index.php?rest_route=%2Fwp%2Fv2%2Ftags&post=19028"}],"curies":[{"name":"wp","href":"https:\/\/api.w.org\/{rel}","templated":true}]}}