{"id":18958,"date":"2025-12-09T12:17:26","date_gmt":"2025-12-09T12:17:26","guid":{"rendered":"https:\/\/swiat24.pl.ua\/?p=18958"},"modified":"2025-12-09T12:17:26","modified_gmt":"2025-12-09T12:17:26","slug":"tusk-z-jasnym-przekazem-dla-nawrockiego-zagral-na-nosie-prezydentowi","status":"publish","type":"post","link":"https:\/\/swiat24.pl.ua\/?p=18958","title":{"rendered":"Tusk z jasnym przekazem dla Nawrockiego. Zagra\u0142 na nosie prezydentowi"},"content":{"rendered":"\n<p>Premier Donald Tusk ponownie rozpali\u0142 debat\u0119 w sieci jednym kr\u00f3tkim wpisem. Jego s\u0142owa natychmiast wywo\u0142a\u0142y tysi\u0105ce komentarzy i reakcji, w tym gor\u0105ce dyskusje w mediach spo\u0142eczno\u015bciowych oraz w\u015br\u00f3d polityk\u00f3w opozycji. <\/p>\n\n\n\n<p>Temat dotyczy sprawy, kt\u00f3ra od miesi\u0119cy budzi emocje w Polsce i w Brukseli \u2013 unijnego mechanizmu relokacji migrant\u00f3w.<\/p>\n\n\n\n<p>Polska zwolniona z mechanizmu solidarno\u015bciowego UE \u2013 co to oznacza?<br>Od pocz\u0105tku prezydencji Polski w UE, rz\u0105d stara\u0142 si\u0119 negocjowa\u0107 warunki paktu migracyjnego, by unikn\u0105\u0107 obowi\u0105zkowej relokacji migrant\u00f3w. Mechanizm solidarno\u015bciowy zak\u0142ada trzy mo\u017cliwo\u015bci wsparcia kraj\u00f3w borykaj\u0105cych si\u0119 z presj\u0105 migracyjn\u0105: przyj\u0119cie migrant\u00f3w, wk\u0142ad finansowy lub wsparcie operacyjne.&nbsp;<\/p>\n\n\n\n<p>Na pocz\u0105tku listopada Komisja Europejska uzna\u0142a sytuacj\u0119 Polski i kilku innych pa\u0144stw (Czech, Estonii, Bu\u0142garii, Austrii i Chorwacji) za \u201epowa\u017cn\u0105 sytuacj\u0119 migracyjn\u0105\u201d, co umo\u017cliwi\u0142o wyst\u0105pienie o pe\u0142ne lub cz\u0119\u015bciowe zwolnienie z obowi\u0105zk\u00f3w solidarno\u015bciowych.&nbsp;<\/p>\n\n\n\n<p>W ci\u0105gu ostatnich miesi\u0119cy rz\u0105d prowadzi\u0142 intensywne rozmowy w Brukseli, a pozytywne opinie w sprawie zwolnienia Polski pojawi\u0142y si\u0119 ju\u017c wcze\u015bniej w dyplomatycznych \u017ar\u00f3d\u0142ach unijnych.<br><\/p>\n\n\n\n<figure class=\"wp-block-image size-full\"><img loading=\"lazy\" decoding=\"async\" width=\"909\" height=\"511\" src=\"https:\/\/swiat24.pl.ua\/wp-content\/uploads\/2025\/12\/image-9.png\" alt=\"\" class=\"wp-image-18959\" srcset=\"https:\/\/swiat24.pl.ua\/wp-content\/uploads\/2025\/12\/image-9.png 909w, https:\/\/swiat24.pl.ua\/wp-content\/uploads\/2025\/12\/image-9-300x169.png 300w, https:\/\/swiat24.pl.ua\/wp-content\/uploads\/2025\/12\/image-9-768x432.png 768w\" sizes=\"auto, (max-width: 909px) 100vw, 909px\" \/><\/figure>\n\n\n\n<p>Sp\u00f3r o migracj\u0119 w Polsce \u2013 reakcje polityk\u00f3w i kontrowersje<br>Temat migracji w Polsce wywo\u0142uje ostre podzia\u0142y polityczne. Konserwatywna opozycja cz\u0119sto krytykuje rz\u0105dz\u0105cych za rzekom\u0105 uleg\u0142o\u015b\u0107 wobec instytucji UE, zarzucaj\u0105c brak skutecznych dzia\u0142a\u0144 na rzecz polskich interes\u00f3w. Z drugiej strony przedstawiciele MSWiA podkre\u015blaj\u0105, \u017ce uda\u0142o si\u0119 naprawi\u0107 b\u0142\u0119dy poprzednich rz\u0105d\u00f3w.&nbsp;<\/p>\n\n\n\n<p>Maciej Duszczyk, odpowiedzialny za sprawy migracyjne, skomentowa\u0142:&nbsp;<\/p>\n\n\n\n<p>Wydawa\u0142o si\u0119 to niemo\u017cliwe, ale naprawili\u015bmy b\u0142\u0119dy poprzednik\u00f3w. Osi\u0105gni\u0119to kompromis w zakresie mechanizmu solidarno\u015bci. W 100 proc. uwzgl\u0119dniono to co notyfikowali\u015bmy. Nie dotyczy nas relokacja, wk\u0142ady finansowe oraz inne instrumenty. W tabeli przy Polsce jest okr\u0105g\u0142e &#8216;0&#8217;<\/p>\n\n\n\n<p>To pokazuje, \u017ce negocjacje mia\u0142y charakter zar\u00f3wno techniczny, jak i polityczny, a ich wynik \u015bwiadczy o zdolno\u015bci rz\u0105du do obrony interes\u00f3w kraju na forum UE.<br><\/p>\n\n\n\n<figure class=\"wp-block-image size-full\"><img loading=\"lazy\" decoding=\"async\" width=\"908\" height=\"513\" src=\"https:\/\/swiat24.pl.ua\/wp-content\/uploads\/2025\/12\/image-10.png\" alt=\"\" class=\"wp-image-18960\" srcset=\"https:\/\/swiat24.pl.ua\/wp-content\/uploads\/2025\/12\/image-10.png 908w, https:\/\/swiat24.pl.ua\/wp-content\/uploads\/2025\/12\/image-10-300x169.png 300w, https:\/\/swiat24.pl.ua\/wp-content\/uploads\/2025\/12\/image-10-768x434.png 768w, https:\/\/swiat24.pl.ua\/wp-content\/uploads\/2025\/12\/image-10-388x220.png 388w\" sizes=\"auto, (max-width: 908px) 100vw, 908px\" \/><\/figure>\n\n\n\n<p>Wpis Donalda Tuska na X wywo\u0142a\u0142 burz\u0119 \u2013 tysi\u0105ce komentarzy i znaczenie decyzji<br>Ostateczny komunikat dla opinii publicznej pojawi\u0142 si\u0119 w mediach spo\u0142eczno\u015bciowych premiera:&nbsp;<\/p>\n\n\n\n<p>Tak jak zapowiada\u0142em, Polska zosta\u0142a zwolniona z obowi\u0105zku przyjmowania migrant\u00f3w w ramach unijnego mechanizmu relokacji. #RobimyNieGadamy.<\/p>\n\n\n\n<p>Ten kr\u00f3tki wpis wywo\u0142a\u0142 tysi\u0105ce komentarzy i sta\u0142 si\u0119 punktem odniesienia w dyskusjach o polskiej polityce migracyjnej.&nbsp;<\/p>\n\n\n\n<p>W praktyce oznacza to, \u017ce Polska w nadchodz\u0105cym roku nie b\u0119dzie musia\u0142a realizowa\u0107 \u017cadnej formy solidarno\u015bci przewidzianej w pakcie migracyjnym, ani przyjmowa\u0107 migrant\u00f3w, ani wnosi\u0107 wk\u0142adu finansowego czy udziela\u0107 wsparcia operacyjnego.&nbsp;<\/p>\n\n\n\n<p>Sukces ten jest efektem wielomiesi\u0119cznych dzia\u0142a\u0144 dyplomatycznych i stanowi potwierdzenie wcze\u015bniejszych zapowiedzi premiera, \u017ce kraj nie b\u0119dzie musia\u0142 wprowadza\u0107 dodatkowych kwot migrant\u00f3w. Wpis Tuska sta\u0142 si\u0119 r\u00f3wnie\u017c politycznym sygna\u0142em, kt\u00f3ry od razu odbi\u0142 si\u0119 echem w kraju i w Brukseli.<br><\/p>\n\n\n\n<blockquote class=\"twitter-tweet\" data-media-max-width=\"560\"><p lang=\"pl\" dir=\"ltr\">Tak jak zapowiada\u0142em, Polska zosta\u0142a zwolniona z obowi\u0105zku przyjmowania migrant\u00f3w w ramach unijnego mechanizmu relokacji. <a href=\"https:\/\/twitter.com\/hashtag\/RobimyNieGadamy?src=hash&amp;ref_src=twsrc%5Etfw\">#RobimyNieGadamy<\/a><\/p>&mdash; Donald Tusk (@donaldtusk) <a href=\"https:\/\/twitter.com\/donaldtusk\/status\/1997990199519826016?ref_src=twsrc%5Etfw\">December 8, 2025<\/a><\/blockquote> <script async src=\"https:\/\/platform.twitter.com\/widgets.js\" charset=\"utf-8\"><\/script>\n","protected":false},"excerpt":{"rendered":"Premier Donald Tusk ponownie rozpali\u0142 debat\u0119 w sieci jednym kr\u00f3tkim wpisem. Jego s\u0142owa natychmiast wywo\u0142a\u0142y tysi\u0105ce komentarzy i reakcji, w tym gor\u0105ce dyskusje \n<a class=\"moretag\" href=\"https:\/\/swiat24.pl.ua\/?p=18958\"> [...]<\/a>","protected":false},"author":1,"featured_media":18961,"comment_status":"open","ping_status":"open","sticky":false,"template":"","format":"standard","meta":{"footnotes":""},"categories":[1],"tags":[],"class_list":["post-18958","post","type-post","status-publish","format-standard","has-post-thumbnail","hentry","category-blog"],"_links":{"self":[{"href":"https:\/\/swiat24.pl.ua\/index.php?rest_route=\/wp\/v2\/posts\/18958","targetHints":{"allow":["GET"]}}],"collection":[{"href":"https:\/\/swiat24.pl.ua\/index.php?rest_route=\/wp\/v2\/posts"}],"about":[{"href":"https:\/\/swiat24.pl.ua\/index.php?rest_route=\/wp\/v2\/types\/post"}],"author":[{"embeddable":true,"href":"https:\/\/swiat24.pl.ua\/index.php?rest_route=\/wp\/v2\/users\/1"}],"replies":[{"embeddable":true,"href":"https:\/\/swiat24.pl.ua\/index.php?rest_route=%2Fwp%2Fv2%2Fcomments&post=18958"}],"version-history":[{"count":1,"href":"https:\/\/swiat24.pl.ua\/index.php?rest_route=\/wp\/v2\/posts\/18958\/revisions"}],"predecessor-version":[{"id":18962,"href":"https:\/\/swiat24.pl.ua\/index.php?rest_route=\/wp\/v2\/posts\/18958\/revisions\/18962"}],"wp:featuredmedia":[{"embeddable":true,"href":"https:\/\/swiat24.pl.ua\/index.php?rest_route=\/wp\/v2\/media\/18961"}],"wp:attachment":[{"href":"https:\/\/swiat24.pl.ua\/index.php?rest_route=%2Fwp%2Fv2%2Fmedia&parent=18958"}],"wp:term":[{"taxonomy":"category","embeddable":true,"href":"https:\/\/swiat24.pl.ua\/index.php?rest_route=%2Fwp%2Fv2%2Fcategories&post=18958"},{"taxonomy":"post_tag","embeddable":true,"href":"https:\/\/swiat24.pl.ua\/index.php?rest_route=%2Fwp%2Fv2%2Ftags&post=18958"}],"curies":[{"name":"wp","href":"https:\/\/api.w.org\/{rel}","templated":true}]}}