{"id":18920,"date":"2025-12-08T15:34:48","date_gmt":"2025-12-08T15:34:48","guid":{"rendered":"https:\/\/swiat24.pl.ua\/?p=18920"},"modified":"2025-12-08T15:34:48","modified_gmt":"2025-12-08T15:34:48","slug":"znaleziono-cialo-19-letniego-kadeta-akademii-sil-powietrznych-ujawniono-przyczyne-tragedii-2","status":"publish","type":"post","link":"https:\/\/swiat24.pl.ua\/?p=18920","title":{"rendered":"Znaleziono cia\u0142o 19-letniego kadeta Akademii Si\u0142 Powietrznych \u2013 ujawniono przyczyn\u0119 tragedii:"},"content":{"rendered":"\n<p><strong>Avery Coons by\u0142a wybitn\u0105 lekkoatletk\u0105 w liceum w Teksasie, bij\u0105c rekordy w biegach na 100 i 200 metr\u00f3w.<\/strong><\/p>\n\n\n\n<p><strong>Jej mi\u0142o\u015b\u0107 do biegania zaprowadzi\u0142a j\u0105 do Akademii Si\u0142 Powietrznych Stan\u00f3w Zjednoczonych, gdzie do\u0142\u0105czy\u0142a do \u017ce\u0144skiej dru\u017cyny lekkoatletycznej.<\/strong><\/p>\n\n\n\n<p><br>Jednak w wieku 19 lat Avery nie mog\u0142a ju\u017c do\u015bwiadcza\u0107 rado\u015bci ruchu, wolno\u015bci i si\u0142y, jakie dawa\u0142 jej sport. Jej nag\u0142a \u015bmier\u0107 pogr\u0105\u017cy\u0142a rodzin\u0119, przyjaci\u00f3\u0142 i ca\u0142\u0105 spo\u0142eczno\u015b\u0107 Akademii w g\u0142\u0119bokiej \u017ca\u0142obie.<\/p>\n\n\n\n<p><strong>4 wrze\u015bnia 2024 roku s\u0142u\u017cby ratunkowe przyby\u0142y do \u200b\u200bakademika Avery Koons, studentki pierwszego roku, w Colorado Springs.<\/strong><br>Widok by\u0142 przera\u017caj\u0105cy: Avery by\u0142a nieprzytomna i pomimo reanimacji nie uda\u0142o si\u0119 jej uratowa\u0107. Stwierdzono zgon na miejscu. Nie stwierdzono \u017cadnych obra\u017ce\u0144, kt\u00f3re mog\u0142yby wyja\u015bni\u0107 jej \u015bmier\u0107. Wed\u0142ug CBS News, pierwsi odkryli j\u0105 koledzy ze studi\u00f3w i natychmiast wszcz\u0119to \u015bledztwo.<\/p>\n\n\n\n<hr class=\"wp-block-separator has-alpha-channel-opacity\"\/>\n\n\n\n<h3 class=\"wp-block-heading\">Ustalono przyczyn\u0119 zgonu<\/h3>\n\n\n\n<p>Autopsja przeprowadzona przez koronera hrabstwa El Paso wykaza\u0142a, \u017ce \u200b\u200bAvery zmar\u0142 w wyniku powik\u0142a\u0144 ci\u0119\u017ckiego zapalenia p\u0142uc.<br>Wed\u0142ug&nbsp;<em>\u201eNew York Post\u201d<\/em>&nbsp;, przyczyn\u0105 zgonu by\u0142a&nbsp;<strong>sepsa wywo\u0142ana przez bakteri\u0119&nbsp;<em>Paeniclostridium sordellii<\/em>&nbsp;, kt\u00f3ra rozwin\u0119\u0142a si\u0119 w wyniku paragrypowego zapalenia krtani, tchawicy i oskrzeli<\/strong>&nbsp;, ci\u0119\u017ckiej infekcji bakteryjnej wywo\u0142anej wirusowym zaka\u017ceniem p\u0142uc.<\/p>\n\n\n\n<p>Wed\u0142ug Wikipedii,&nbsp;<em>Paeniclostridium sordellii<\/em>&nbsp;to rzadka bakteria beztlenowa, kt\u00f3ra mo\u017ce powodowa\u0107 zesp\u00f3\u0142 toksycznego kaszlu. W przypadku Avery infekcja zosta\u0142a zaostrzona przez jej os\u0142abiony uk\u0142ad odporno\u015bciowy. Wed\u0142ug&nbsp;<em>magazynu \u201ePeople\u201d<\/em>&nbsp;, skar\u017cy\u0142a si\u0119 na silny kaszel kilka dni przed tragedi\u0105.<\/p>\n\n\n\n<p>Jak zauwa\u017cy\u0142 patolog s\u0105dowy dr Michael Baden w wywiadzie&nbsp;<em>dla IBT<\/em>&nbsp;, tragedii mo\u017cna by\u0142o unikn\u0105\u0107 dzi\u0119ki szybkiemu leczeniu antybiotykami. Bakterie przedosta\u0142y si\u0119 do krwiobiegu i lewego p\u0142uca, powoduj\u0105c gwa\u0142towne pogorszenie stanu.<\/p>\n\n\n\n<hr class=\"wp-block-separator has-alpha-channel-opacity\"\/>\n\n\n\n<h3 class=\"wp-block-heading\">Szok i \u017cal<\/h3>\n\n\n\n<p>\u201eW zasadzie zmar\u0142a z powodu nieleczonego zapalenia p\u0142uc\u201d \u2013 wyja\u015bni\u0142 dr Baden. Po\u0142\u0105czenie infekcji wirusowych i bakteryjnych mog\u0142o wywo\u0142a\u0107 takie objawy, jak gor\u0105czka, duszno\u015b\u0107 i silny kaszel.<br>Sama Avery mog\u0142a nie zdawa\u0107 sobie sprawy z powagi swojego stanu.<\/p>\n\n\n\n<p>\u015amier\u0107 m\u0142odej kobiety, kt\u00f3ra dopiero zaczyna\u0142a karier\u0119 w Akademii Si\u0142 Powietrznych, zszokowa\u0142a wszystkich, kt\u00f3rzy j\u0105 znali.<br>Avery, \u015bwie\u017co upieczona absolwentka liceum w Thrall w Teksasie, by\u0142a nie tylko utalentowan\u0105 sportsmenk\u0105, ale tak\u017ce \u015bwietn\u0105 uczennic\u0105. Aktywnie uprawia\u0142a cheerleading, tr\u00f3jb\u00f3j si\u0142owy, orkiestr\u0119 i lekkoatletyk\u0119, a tak\u017ce mia\u0142a ambitne plany na przysz\u0142o\u015b\u0107.<\/p>\n\n\n\n<p>Avery marzy\u0142 o zdobyciu licencjatu z biologii i uko\u0144czeniu studi\u00f3w dodatkowych z zakresu kinezyterapii, \u017ceby zosta\u0107 fizjoterapeut\u0105 pilot\u00f3w wojskowych.<\/p>\n\n\n\n<hr class=\"wp-block-separator has-alpha-channel-opacity\"\/>\n\n\n\n<h3 class=\"wp-block-heading\">Ostatni ho\u0142d<\/h3>\n\n\n\n<p>Ceremonia po\u017cegnalna odby\u0142a si\u0119 12 wrze\u015bnia na Tiger Stadium w Thrall. Oko\u0142o 100 jej koleg\u00f3w z Akademii Si\u0142 Powietrznych przylecia\u0142o z Kolorado, aby po\u017cegna\u0107 Avery.<br>\u201eStracili\u015bmy niesamowitego koleg\u0119 z dru\u017cyny\u201d \u2013 powiedzia\u0142 genera\u0142 broni Tony Bauernfend, dyrektor Akademii. Podkre\u015bli\u0142 trwa\u0142y wp\u0142yw, jaki Avery wywar\u0142a w tak kr\u00f3tkim czasie.<\/p>\n\n\n\n<hr class=\"wp-block-separator has-alpha-channel-opacity\"\/>\n\n\n\n<h3 class=\"wp-block-heading\">S\u0142owa od rodziny<\/h3>\n\n\n\n<p>Rodzina Avery wyda\u0142a wzruszaj\u0105ce o\u015bwiadczenie:<br><strong>\u201eNasza c\u00f3rka, kadet Avery Koons, by\u0142a jasnym \u015bwiat\u0142em w tym trudnym \u015bwiecie. Jej nieobecno\u015b\u0107 zmieni nasze \u017cycie na zawsze. Pociesza nas \u015bwiadomo\u015b\u0107, \u017ce jest teraz w ramionach naszego Ojca Niebieskiego. Avery nie by\u0142a idealna, ale by\u0142a idealn\u0105 c\u00f3rk\u0105. Naszym zadaniem jest teraz kocha\u0107 jej braci i nauczy\u0107 si\u0119 \u017cy\u0107 z t\u0105 strat\u0105. Jeste\u015bmy wdzi\u0119czni za 19 wspania\u0142ych lat, kt\u00f3re mogli\u015bmy nazywa\u0107 nasz\u0105<\/strong>&nbsp;\u201d .<\/p>\n\n\n\n<hr class=\"wp-block-separator has-alpha-channel-opacity\"\/>\n\n\n\n<p>Wspominaj\u0105c Avery, czcimy nie tylko jej osi\u0105gni\u0119cia, ale tak\u017ce jej ducha, pasj\u0119 do marze\u0144 i ciep\u0142o, kt\u00f3re wnosi\u0142a do otoczenia. Jej kr\u00f3tkie, ale pe\u0142ne \u017cycia \u017cycie pozostawi\u0142o g\u0142\u0119boki \u015blad w sercach wszystkich, kt\u00f3rzy j\u0105 znali.<\/p>\n","protected":false},"excerpt":{"rendered":"Avery Coons by\u0142a wybitn\u0105 lekkoatletk\u0105 w liceum w Teksasie, bij\u0105c rekordy w biegach na 100 i 200 metr\u00f3w. Jej mi\u0142o\u015b\u0107 do biegania zaprowadzi\u0142a \n<a class=\"moretag\" href=\"https:\/\/swiat24.pl.ua\/?p=18920\"> [...]<\/a>","protected":false},"author":1,"featured_media":18921,"comment_status":"open","ping_status":"open","sticky":false,"template":"","format":"standard","meta":{"footnotes":""},"categories":[1],"tags":[],"class_list":["post-18920","post","type-post","status-publish","format-standard","has-post-thumbnail","hentry","category-blog"],"_links":{"self":[{"href":"https:\/\/swiat24.pl.ua\/index.php?rest_route=\/wp\/v2\/posts\/18920","targetHints":{"allow":["GET"]}}],"collection":[{"href":"https:\/\/swiat24.pl.ua\/index.php?rest_route=\/wp\/v2\/posts"}],"about":[{"href":"https:\/\/swiat24.pl.ua\/index.php?rest_route=\/wp\/v2\/types\/post"}],"author":[{"embeddable":true,"href":"https:\/\/swiat24.pl.ua\/index.php?rest_route=\/wp\/v2\/users\/1"}],"replies":[{"embeddable":true,"href":"https:\/\/swiat24.pl.ua\/index.php?rest_route=%2Fwp%2Fv2%2Fcomments&post=18920"}],"version-history":[{"count":1,"href":"https:\/\/swiat24.pl.ua\/index.php?rest_route=\/wp\/v2\/posts\/18920\/revisions"}],"predecessor-version":[{"id":18922,"href":"https:\/\/swiat24.pl.ua\/index.php?rest_route=\/wp\/v2\/posts\/18920\/revisions\/18922"}],"wp:featuredmedia":[{"embeddable":true,"href":"https:\/\/swiat24.pl.ua\/index.php?rest_route=\/wp\/v2\/media\/18921"}],"wp:attachment":[{"href":"https:\/\/swiat24.pl.ua\/index.php?rest_route=%2Fwp%2Fv2%2Fmedia&parent=18920"}],"wp:term":[{"taxonomy":"category","embeddable":true,"href":"https:\/\/swiat24.pl.ua\/index.php?rest_route=%2Fwp%2Fv2%2Fcategories&post=18920"},{"taxonomy":"post_tag","embeddable":true,"href":"https:\/\/swiat24.pl.ua\/index.php?rest_route=%2Fwp%2Fv2%2Ftags&post=18920"}],"curies":[{"name":"wp","href":"https:\/\/api.w.org\/{rel}","templated":true}]}}