{"id":18878,"date":"2025-12-07T16:21:47","date_gmt":"2025-12-07T16:21:47","guid":{"rendered":"https:\/\/swiat24.pl.ua\/?p=18878"},"modified":"2025-12-07T16:21:47","modified_gmt":"2025-12-07T16:21:47","slug":"aktor-czterech-pancernych-zginal-w-pozarze-ujawniono-wyniki-sekcji-zwlok","status":"publish","type":"post","link":"https:\/\/swiat24.pl.ua\/?p=18878","title":{"rendered":"Aktor \u201cCzterech pancernych\u201d zgin\u0105\u0142 w po\u017carze. Ujawniono wyniki sekcji zw\u0142ok"},"content":{"rendered":"\n<p>W czwartek 30 marca przed po\u0142udniem odby\u0142a si\u0119 sekcja zw\u0142ok tragicznie zmar\u0142ego aktora Piotra Wysockiego, kt\u00f3ry popularno\u015b\u0107 zdoby\u0142, m.in. dzi\u0119ki roli w \u201cCzterech pancernych i psie\u201d. <\/p>\n\n\n\n<p>Cia\u0142o 87-letniego aktora zosta\u0142o znalezione w niedziel\u0119 rano w drewnianym, wynajmowanym przez niego domku we wsi Trzciniec. Co wykaza\u0142a sekcja zw\u0142ok?<\/p>\n\n\n\n<p>Piotr Wysocki sp\u0142on\u0105\u0142 w wynajmowanym domku<br>Do tragedii dosz\u0142o we wsi Trzciniec w wojew\u00f3dztwie lubelskim. Pierwsze ustalenia wskazywa\u0142y, \u017ce m\u0119\u017cczyzna sp\u0142on\u0105\u0142 we w\u0142asnym \u0142\u00f3\u017cku. Do po\u017caru mia\u0142o doj\u015b\u0107 mi\u0119dzy 7 a 8 rano.<\/p>\n\n\n\n<ul class=\"wp-block-list\">\n<li>Stra\u017cacy pokazywali nam, \u017ce p\u0142omienie musia\u0142y pojawi\u0107 si\u0119 ko\u0142o \u0142\u00f3\u017cka, bo tam by\u0142o najbardziej wypalone. Chyba po\u017car zacz\u0105\u0142 si\u0119 od lampki. Pan Piotr m\u00f3wi\u0142 dzie\u0144 wcze\u015bniej, \u017ce s\u0142yszy w domu dziwny d\u017awi\u0119k, takie pykanie. Ale my\u015bla\u0142, \u017ce to telewizor si\u0119 psuje \u2013 przekaza\u0142 jeden z mieszka\u0144c\u00f3w Trzci\u0144ca.<\/li>\n<\/ul>\n\n\n\n<p>Do tragedii doprowadzi\u0142 splot nieszcz\u0119\u015bliwych wydarze\u0144?<br>Jak ustalili eksperci, charakterystyczne \u201cpykanie\u201d mog\u0142o by\u0107 odg\u0142osem zwarcia i przeskoku iskry w instalacji elektrycznej, kt\u00f3ra ostatecznie doprowadzi\u0142a do po\u017caru. P\u0142omie\u0144 nie by\u0142 du\u017cy i obj\u0105\u0142 tylko pomieszczenie, w kt\u00f3rym spa\u0142 Piotr Wysocki. Sp\u0142on\u0119\u0142o \u0142\u00f3\u017cko, jego otoczenie i cz\u0119\u015b\u0107 wyposa\u017cenia.<\/p>\n\n\n\n<p>Mo\u017cliwe, \u017ce \u017cycie aktora da\u0142oby si\u0119 uratowa\u0107, gdyby w domu znajdowa\u0142 si\u0119 czujni czadu lub dymu. Niestety, urz\u0105dzenie jaki\u015b czas temu zosta\u0142o zdemontowane, gdy\u017c aktora denerwowa\u0142 jego d\u017awi\u0119k \u2013 alarm w\u0142\u0105cza\u0142 si\u0119 niemal za ka\u017cdym razem, gdy rozpalano w piecu i przera\u017aliwie piszcza\u0142o.<\/p>\n\n\n\n<p>Do \u015bmierci Piotra Wysockiego nie przyczyni\u0142y si\u0119 osoby trzecie<br>Cia\u0142o m\u0119\u017cczyzny zosta\u0142o ca\u0142kowicie zw\u0119glone, a pobrane z niego pr\u00f3bki DNA zosta\u0142y przekazane do specjalistycznego laboratorium.<\/p>\n\n\n\n<ul class=\"wp-block-list\">\n<li>Mamy wst\u0119pne wyniki bada\u0144 sekcyjnych. Zaznaczam, \u017ce na szczeg\u00f3\u0142owe trzeba b\u0119dzie poczeka\u0107 kilka tygodni. Lekarze dzi\u015b ustalili, \u017ce cia\u0142o nie mia\u0142o \u017cadnych innych obra\u017ce\u0144 poza po\u017carowymi. To te ostatnie spowodowa\u0142y \u015bmier\u0107 m\u0119\u017cczyzny \u2013 przekaza\u0142a Agnieszka K\u0119pka, rzecznik prasowa Prokuratury Okr\u0119gowej w Lublinie.<\/li>\n<\/ul>\n\n\n\n<p>Mimo \u017ce nie ma ostatecznych wynik\u00f3w bada\u0144, prokurator prowadz\u0105cy spraw\u0119 wyrazi\u0142 zgod\u0119 na wydanie cia\u0142a rodzinie. Dzi\u0119ki temu pogrzeb Piotra Wysockiego b\u0119dzie m\u00f3g\u0142 si\u0119 odby\u0107 w ci\u0105gu najbli\u017cszych kilku dni.<\/p>\n\n\n\n<p>\u0179r\u00f3d\u0142o: Fakt.pl<\/p>\n","protected":false},"excerpt":{"rendered":"W czwartek 30 marca przed po\u0142udniem odby\u0142a si\u0119 sekcja zw\u0142ok tragicznie zmar\u0142ego aktora Piotra Wysockiego, kt\u00f3ry popularno\u015b\u0107 zdoby\u0142, m.in. dzi\u0119ki roli w \u201cCzterech \n<a class=\"moretag\" href=\"https:\/\/swiat24.pl.ua\/?p=18878\"> [...]<\/a>","protected":false},"author":1,"featured_media":18879,"comment_status":"open","ping_status":"open","sticky":false,"template":"","format":"standard","meta":{"footnotes":""},"categories":[1],"tags":[],"class_list":["post-18878","post","type-post","status-publish","format-standard","has-post-thumbnail","hentry","category-blog"],"_links":{"self":[{"href":"https:\/\/swiat24.pl.ua\/index.php?rest_route=\/wp\/v2\/posts\/18878","targetHints":{"allow":["GET"]}}],"collection":[{"href":"https:\/\/swiat24.pl.ua\/index.php?rest_route=\/wp\/v2\/posts"}],"about":[{"href":"https:\/\/swiat24.pl.ua\/index.php?rest_route=\/wp\/v2\/types\/post"}],"author":[{"embeddable":true,"href":"https:\/\/swiat24.pl.ua\/index.php?rest_route=\/wp\/v2\/users\/1"}],"replies":[{"embeddable":true,"href":"https:\/\/swiat24.pl.ua\/index.php?rest_route=%2Fwp%2Fv2%2Fcomments&post=18878"}],"version-history":[{"count":1,"href":"https:\/\/swiat24.pl.ua\/index.php?rest_route=\/wp\/v2\/posts\/18878\/revisions"}],"predecessor-version":[{"id":18880,"href":"https:\/\/swiat24.pl.ua\/index.php?rest_route=\/wp\/v2\/posts\/18878\/revisions\/18880"}],"wp:featuredmedia":[{"embeddable":true,"href":"https:\/\/swiat24.pl.ua\/index.php?rest_route=\/wp\/v2\/media\/18879"}],"wp:attachment":[{"href":"https:\/\/swiat24.pl.ua\/index.php?rest_route=%2Fwp%2Fv2%2Fmedia&parent=18878"}],"wp:term":[{"taxonomy":"category","embeddable":true,"href":"https:\/\/swiat24.pl.ua\/index.php?rest_route=%2Fwp%2Fv2%2Fcategories&post=18878"},{"taxonomy":"post_tag","embeddable":true,"href":"https:\/\/swiat24.pl.ua\/index.php?rest_route=%2Fwp%2Fv2%2Ftags&post=18878"}],"curies":[{"name":"wp","href":"https:\/\/api.w.org\/{rel}","templated":true}]}}