{"id":18821,"date":"2025-12-06T17:04:59","date_gmt":"2025-12-06T17:04:59","guid":{"rendered":"https:\/\/swiat24.pl.ua\/?p=18821"},"modified":"2025-12-06T17:04:59","modified_gmt":"2025-12-06T17:04:59","slug":"czarzasty-oglasza-glosowanie-weta-ustawy-lancuchowej","status":"publish","type":"post","link":"https:\/\/swiat24.pl.ua\/?p=18821","title":{"rendered":"Czarzasty og\u0142asza g\u0142osowanie weta &#8220;ustawy \u0142a\u0144cuchowej&#8221;"},"content":{"rendered":"\n<p>Nie milkn\u0105 echa zawetowania przez prezydenta Karola Nawrockiego tzw. \u201custawy \u0142a\u0144cuchowej\u201d. W sobotnie popo\u0142udnie W\u0142odzimierz Czarzasty og\u0142osi\u0142 nowe wie\u015bci w sprawie.&nbsp;<\/p>\n\n\n\n<p>Weto prezydenta<br>Decyzja prezydenta Karola Nawrockiego o zawetowaniu tzw. \u201eustawy \u0142a\u0144cuchowej\u201d wywo\u0142a\u0142a burzliw\u0105 debat\u0119 w ca\u0142ym kraju. <\/p>\n\n\n\n<p>Projekt, kt\u00f3ry budzi\u0142 emocje jeszcze przed podpisaniem, po prezydenckim wecie sta\u0142 si\u0119 jednym z najbardziej komentowanych temat\u00f3w ostatnich dni. Zar\u00f3wno politycy, jak i organizacje spo\u0142eczne oraz komentatorzy \u017cycia publicznego wyrazili skrajne opinie \u2014 od pe\u0142nego poparcia dla decyzji g\u0142owy pa\u0144stwa, po zdecydowan\u0105 krytyk\u0119.<\/p>\n\n\n\n<p>Intencja ochrony zwierz\u0105t jest s\u0142uszna, ale prawo musi by\u0107 pisane dla ludzi i mo\u017cliwe do zastosowania w rzeczywisto\u015bci, a nie tylko na papierze \u2013 argumentowa\u0142 swoj\u0105 decyzj\u0119 prezydent.&nbsp;<\/p>\n\n\n\n<p>Wielu zwolennik\u00f3w ustawy wyra\u017ca\u0142o rozczarowanie faktem, \u017ce dokument maj\u0105cy \u2014 w ich oczach \u2014 poprawi\u0107 dobrostan zwierz\u0105t, nie wszed\u0142 w \u017cycie. Z kolei przeciwnicy argumentowali, \u017ce ustawa wymaga\u0142a dalszych prac i nie by\u0142a w pe\u0142ni dopracowana. Weto prezydenta sta\u0142o si\u0119 wi\u0119c punktem zapalnym dla powrotu do szerszej dyskusji o standardach ochrony zwierz\u0105t, wolno\u015bci obywatelskich oraz sposobie procedowania wa\u017cnych ustaw.<br><\/p>\n\n\n\n<figure class=\"wp-block-image size-full\"><img loading=\"lazy\" decoding=\"async\" width=\"902\" height=\"509\" src=\"https:\/\/swiat24.pl.ua\/wp-content\/uploads\/2025\/12\/image-4.png\" alt=\"\" class=\"wp-image-18822\" srcset=\"https:\/\/swiat24.pl.ua\/wp-content\/uploads\/2025\/12\/image-4.png 902w, https:\/\/swiat24.pl.ua\/wp-content\/uploads\/2025\/12\/image-4-300x169.png 300w, https:\/\/swiat24.pl.ua\/wp-content\/uploads\/2025\/12\/image-4-768x433.png 768w, https:\/\/swiat24.pl.ua\/wp-content\/uploads\/2025\/12\/image-4-388x220.png 388w\" sizes=\"auto, (max-width: 902px) 100vw, 902px\" \/><\/figure>\n\n\n\n<p>Najnowszy wpis W\u0142odzimierza Czarzastego<br>Nowy impuls w sprawie pojawi\u0142 si\u0119 w sobot\u0119 6 grudnia, kiedy marsza\u0142ek Sejmu W\u0142odzimierz Czarzasty \u2014 kt\u00f3ry od niedawna sprawuje t\u0119 funkcj\u0119 \u2014 opublikowa\u0142 wpis w serwisie X. Jego komunikat natychmiast przyci\u0105gn\u0105\u0142 uwag\u0119 opinii publicznej, zw\u0142aszcza \u017ce dotyczy\u0142 nadchodz\u0105cego g\u0142osowania nad prezydenckim wetem. Marsza\u0142ek, znany z bezpo\u015bredniego stylu komunikacji, tym razem r\u00f3wnie\u017c u\u017cy\u0142 mocnego i emocjonalnego przekazu.<\/p>\n\n\n\n<p>We wpisie marsza\u0142ek Czarzasty napisa\u0142:&nbsp;<\/p>\n\n\n\n<p>Przyjd\u017acie!!! Odrzu\u0107my \u0142a\u0144cuchy!!! G\u0142osowanie weta w sprawie \u2018Ustawy \u0142a\u0144cuchowej\u2019 jest planowane w \u015brod\u0119 17 grudnia o 18.00. Popieram wszystkie inicjatywy protest\u00f3w pod Sejmem w tym dniu.&nbsp;<\/p>\n\n\n\n<p>Post wywo\u0142a\u0142 natychmiastow\u0105 reakcj\u0119 u\u017cytkownik\u00f3w platformy X, a tak\u017ce lider\u00f3w opinii i \u015brodowisk zaanga\u017cowanych w ochron\u0119 zwierz\u0105t.<br><\/p>\n\n\n\n<p>Fala komentarzy<br>S\u0142owa marsza\u0142ka zosta\u0142y odebrane zar\u00f3wno jako mobilizacja spo\u0142eczna, jak i jednoznaczny sygna\u0142 polityczny, \u017ce w Sejmie mo\u017ce doj\u015b\u0107 do pr\u00f3by odrzucenia prezydenckiego weta. Zwolennicy ustawy uznali ten wpis za wyraz wsparcia dla dzia\u0142a\u0144 prozwierz\u0119cych, natomiast krytycy \u2014 za niepotrzebne podgrzewanie emocji. W\u015br\u00f3d komentator\u00f3w pojawi\u0142y si\u0119 r\u00f3wnie\u017c g\u0142osy, \u017ce tak otwarta zach\u0119ta do protest\u00f3w ze strony marsza\u0142ka Sejmu jest wydarzeniem rzadko spotykanym.<\/p>\n\n\n\n<p>Dobrze Pan wie, \u017ce nikt nie jest za psami na \u0142a\u0144cuchu i to nie jest przedmiot sporu, tylko kwestia wielko\u015bci kojc\u00f3w,<br>Jestem w 100% za nie trzymaniem ps\u00f3w na \u0142a\u0144cuchach, ale.. mam owczarka niemieckiego, dla kt\u00f3rego kojec musia\u0142by wedle ustawy mie\u0107 15 mert\u00f3w2. Najwi\u0119kszy pok\u00f3j w moim domu ma nieca\u0142e 20m2. Nie wspominaj\u0105c, \u017ce nie mam du\u017cego podw\u00f3rka.. To nie jest do zrobienia dla zwyk\u0142ej osoby..,<br>Co z psami w mikrokawalerkach w miastach? &#8211; komentuj\u0105 internauci.<br>Zbli\u017caj\u0105ce si\u0119 g\u0142osowanie 17 grudnia zapowiada si\u0119 jako jedno z najbardziej obserwowanych w ostatnich miesi\u0105cach. To w\u0142a\u015bnie wtedy oka\u017ce si\u0119, czy parlament poprze decyzj\u0119 prezydenta, czy te\u017c podejmie pr\u00f3b\u0119 jej odrzucenia. Niezale\u017cnie od ostatecznego wyniku, ca\u0142a sytuacja pokaza\u0142a, jak silne emocje w spo\u0142ecze\u0144stwie wzbudza tematyka ochrony zwierz\u0105t oraz jak szybko potrafi ona sta\u0107 si\u0119 osi\u0105 politycznego sporu.<br><\/p>\n\n\n\n<blockquote class=\"twitter-tweet\" data-media-max-width=\"560\"><p lang=\"pl\" dir=\"ltr\">Przyjd\u017acie!!! Odrzu\u0107my \u0142a\u0144cuchy  !!!G\u0142osowanie weta w sprawie \u201eUstawy \u0142a\u0144cuchowej\u201d jest planowane w \u015brod\u0119 17 grudnia o 18.00. Popieram wszystkie inicjatywy protest\u00f3w pod sejmem w tym dniu  <\/p>&mdash; W\u0142odzimierz Czarzasty   (@wlodekczarzasty) <a href=\"https:\/\/twitter.com\/wlodekczarzasty\/status\/1997320213344186411?ref_src=twsrc%5Etfw\">December 6, 2025<\/a><\/blockquote> <script async src=\"https:\/\/platform.twitter.com\/widgets.js\" charset=\"utf-8\"><\/script>\n","protected":false},"excerpt":{"rendered":"Nie milkn\u0105 echa zawetowania przez prezydenta Karola Nawrockiego tzw. \u201custawy \u0142a\u0144cuchowej\u201d. W sobotnie popo\u0142udnie W\u0142odzimierz Czarzasty og\u0142osi\u0142 nowe wie\u015bci w sprawie.&nbsp; Weto prezydentaDecyzja \n<a class=\"moretag\" href=\"https:\/\/swiat24.pl.ua\/?p=18821\"> [...]<\/a>","protected":false},"author":1,"featured_media":18823,"comment_status":"open","ping_status":"open","sticky":false,"template":"","format":"standard","meta":{"footnotes":""},"categories":[1],"tags":[],"class_list":["post-18821","post","type-post","status-publish","format-standard","has-post-thumbnail","hentry","category-blog"],"_links":{"self":[{"href":"https:\/\/swiat24.pl.ua\/index.php?rest_route=\/wp\/v2\/posts\/18821","targetHints":{"allow":["GET"]}}],"collection":[{"href":"https:\/\/swiat24.pl.ua\/index.php?rest_route=\/wp\/v2\/posts"}],"about":[{"href":"https:\/\/swiat24.pl.ua\/index.php?rest_route=\/wp\/v2\/types\/post"}],"author":[{"embeddable":true,"href":"https:\/\/swiat24.pl.ua\/index.php?rest_route=\/wp\/v2\/users\/1"}],"replies":[{"embeddable":true,"href":"https:\/\/swiat24.pl.ua\/index.php?rest_route=%2Fwp%2Fv2%2Fcomments&post=18821"}],"version-history":[{"count":1,"href":"https:\/\/swiat24.pl.ua\/index.php?rest_route=\/wp\/v2\/posts\/18821\/revisions"}],"predecessor-version":[{"id":18824,"href":"https:\/\/swiat24.pl.ua\/index.php?rest_route=\/wp\/v2\/posts\/18821\/revisions\/18824"}],"wp:featuredmedia":[{"embeddable":true,"href":"https:\/\/swiat24.pl.ua\/index.php?rest_route=\/wp\/v2\/media\/18823"}],"wp:attachment":[{"href":"https:\/\/swiat24.pl.ua\/index.php?rest_route=%2Fwp%2Fv2%2Fmedia&parent=18821"}],"wp:term":[{"taxonomy":"category","embeddable":true,"href":"https:\/\/swiat24.pl.ua\/index.php?rest_route=%2Fwp%2Fv2%2Fcategories&post=18821"},{"taxonomy":"post_tag","embeddable":true,"href":"https:\/\/swiat24.pl.ua\/index.php?rest_route=%2Fwp%2Fv2%2Ftags&post=18821"}],"curies":[{"name":"wp","href":"https:\/\/api.w.org\/{rel}","templated":true}]}}