{"id":18773,"date":"2025-12-06T12:20:23","date_gmt":"2025-12-06T12:20:23","guid":{"rendered":"https:\/\/swiat24.pl.ua\/?p=18773"},"modified":"2025-12-06T12:20:23","modified_gmt":"2025-12-06T12:20:23","slug":"nakleili-to-nawrockiemu-na-sam-srodek-glowy-wybuchla-wielka-afera","status":"publish","type":"post","link":"https:\/\/swiat24.pl.ua\/?p=18773","title":{"rendered":"Nakleili to Nawrockiemu na sam \u015brodek g\u0142owy. Wybuch\u0142a wielka afera"},"content":{"rendered":"\n<p>W sieci zawrza\u0142o po opublikowaniu zdj\u0119cia, na kt\u00f3rym prezydent Andrzej Duda nosi militarn\u0105 czapk\u0119 z widoczn\u0105 naklejk\u0105 zakrywaj\u0105c\u0105 cz\u0119\u015b\u0107 oryginalnego napisu. <\/p>\n\n\n\n<p>Internauci w b\u0142yskawicznym tempie zidentyfikowali producenta nakrycia g\u0142owy, co wywo\u0142a\u0142o fal\u0119 komentarzy i \u017cart\u00f3w.<br>\u00a0<\/p>\n\n\n\n<p>Militarna czapka z niemieckim rodowodem. Naklejka mia\u0142a ukry\u0107 prawd\u0119?<br>Spo\u0142eczno\u015b\u0107 internetowa, nigdy nieprzeci\u0119tna w dociekaniu szczeg\u00f3\u0142\u00f3w, w ekspresowym tempie dokona\u0142a identyfikacji modelu. <\/p>\n\n\n\n<p>Okaza\u0142o si\u0119, \u017ce jest to czapka typu \u201efield cap\u201d produkowana przez niemieck\u0105 firm\u0119 Miltec. Jest to znany producent odzie\u017cy i wyposa\u017cenia taktycznego, kt\u00f3rego produkty s\u0105 popularne w\u015br\u00f3d mi\u0142o\u015bnik\u00f3w survivalu, ASG i s\u0142u\u017cb mundurowych na ca\u0142ym \u015bwiecie.<\/p>\n\n\n\n<p>Fakt, \u017ce nakrycie g\u0142owy najwy\u017cszego przedstawiciela polskich si\u0142 zbrojnych pochodzi od niemieckiego, komercyjnego producenta, a nie od rodzimego wytw\u00f3rcy zaopatruj\u0105cego wojsko, sta\u0142 si\u0119 g\u0142\u00f3wnym powodem krytyki i \u017cart\u00f3w.<\/p>\n\n\n\n<p> Internauci uznali, \u017ce przyklejenie naklejki z polsk\u0105 flag\u0105 mia\u0142o na celu ukrycie tego w\u0142a\u015bnie faktu, tworz\u0105c mylne wra\u017cenie, \u017ce jest to czapka polskiej proweniencji.<br><\/p>\n\n\n\n<figure class=\"wp-block-image size-full\"><img loading=\"lazy\" decoding=\"async\" width=\"683\" height=\"866\" src=\"https:\/\/swiat24.pl.ua\/wp-content\/uploads\/2025\/12\/image-2.png\" alt=\"\" class=\"wp-image-18774\" srcset=\"https:\/\/swiat24.pl.ua\/wp-content\/uploads\/2025\/12\/image-2.png 683w, https:\/\/swiat24.pl.ua\/wp-content\/uploads\/2025\/12\/image-2-237x300.png 237w\" sizes=\"auto, (max-width: 683px) 100vw, 683px\" \/><\/figure>\n\n\n\n<p>Fala komentarzy i mem\u00f3w<br>Reakcje w mediach spo\u0142eczno\u015bciowych by\u0142y gwa\u0142towne i pe\u0142ne sarkazmu. U\u017cytkownicy, tacy jak Monika_TeoriaZ, nie szcz\u0119dzili ostrych s\u0142\u00f3w. \u201eTo jest kurwa hit hit\u00f3w! [\u2026] Niemiecka czapka, nazw\u0119 producenta zaklei\u0142 polsk\u0105 flag\u0105\u2026\u201d &#8211; pisa\u0142a. Inni, jak Pa\u017adziernikowa, komentowali z przymru\u017ceniem oka: \u201eJa nie mog\u0119, poszcza\u0142am si\u0119.   \u017beby ukry\u0107 \u017ce czapka jest niemiecka nakleili mu kurwa bia\u0142o-czerwony znaczek na niemiecki napis\u201d.<\/p>\n\n\n\n<p>Powtarzaj\u0105cym si\u0119 w\u0105tek w komentarzach by\u0142o poczucie za\u017cenowania i pytanie o poziom organizacji prezydenckiej kancelarii. Wielu komentuj\u0105cych wyra\u017ca\u0142o zdumienie, \u017ce w kraju z rozwini\u0119tym przemys\u0142em mundurowym i licznymi rodzimymi firmami produkuj\u0105cymi wysokiej jako\u015bci ekwipunek, g\u0142owa pa\u0144stwa pojawia si\u0119 publicznie w nakryciu g\u0142owy od zagranicznego, cywilnego dostawcy, a do tego w spos\u00f3b wywo\u0142uj\u0105cy skojarzenia z amatorszczyzn\u0105.<br><\/p>\n\n\n\n<p>Sprawa wizerunku i symboliki. Mundur a patriotyzm gospodarczy<br>Incydent, cho\u0107 z pozoru b\u0142ahy, dotyka szerszych kwestii zwi\u0105zanych z wizerunkiem i symbolik\u0105. Mundur, a szczeg\u00f3lnie jego elementy noszone przez najwy\u017cszych rang\u0105 przedstawicieli pa\u0144stwa, nios\u0105 ze sob\u0105 du\u017cy \u0142adunek symboliczny. Maj\u0105 reprezentowa\u0107 si\u0142\u0119, niezale\u017cno\u015b\u0107 i narodow\u0105 to\u017csamo\u015b\u0107 si\u0142 zbrojnych.<\/p>\n\n\n\n<p>Ujawnienie, \u017ce element wyposa\u017cenia pochodzi od komercyjnego, zagranicznego producenta, a nie jest standardowym wyposa\u017ceniem Wojska Polskiego lub produktem polskiej firmy, podwa\u017ca t\u0119 narracj\u0119. Dla cz\u0119\u015bci opinii publicznej jest to przejaw zaniedbania lub brak dba\u0142o\u015bci o detale, kt\u00f3re w polityce maj\u0105 znaczenie. Dla innych &#8211; doskona\u0142y pretekst do satyry i podkre\u015blenia rozd\u017awi\u0119ku mi\u0119dzy deklarowanym patriotyzmem a codziennymi wyborami.<\/p>\n\n\n\n<p>Sprawa czapki prezydenta Dudy wysz\u0142a daleko poza kr\u0119gi mi\u0142o\u015bnik\u00f3w militari\u00f3w, staj\u0105c si\u0119 tematem og\u00f3lnospo\u0142ecznej dyskusji o tym, jak powinien wygl\u0105da\u0107 wizerunek przyw\u00f3dc\u00f3w pa\u0144stwa i na ile istotne s\u0105 lub powinny by\u0107 &#8211; detale ich stroju w kontek\u015bcie promocji krajowej gospodarki i symboliki narodowej.<br><\/p>\n\n\n\n<figure class=\"wp-block-image size-full\"><img loading=\"lazy\" decoding=\"async\" width=\"910\" height=\"510\" src=\"https:\/\/swiat24.pl.ua\/wp-content\/uploads\/2025\/12\/image-3.png\" alt=\"\" class=\"wp-image-18775\" srcset=\"https:\/\/swiat24.pl.ua\/wp-content\/uploads\/2025\/12\/image-3.png 910w, https:\/\/swiat24.pl.ua\/wp-content\/uploads\/2025\/12\/image-3-300x168.png 300w, https:\/\/swiat24.pl.ua\/wp-content\/uploads\/2025\/12\/image-3-768x430.png 768w\" sizes=\"auto, (max-width: 910px) 100vw, 910px\" \/><\/figure>\n","protected":false},"excerpt":{"rendered":"W sieci zawrza\u0142o po opublikowaniu zdj\u0119cia, na kt\u00f3rym prezydent Andrzej Duda nosi militarn\u0105 czapk\u0119 z widoczn\u0105 naklejk\u0105 zakrywaj\u0105c\u0105 cz\u0119\u015b\u0107 oryginalnego napisu. Internauci w \n<a class=\"moretag\" href=\"https:\/\/swiat24.pl.ua\/?p=18773\"> [...]<\/a>","protected":false},"author":1,"featured_media":18776,"comment_status":"open","ping_status":"open","sticky":false,"template":"","format":"standard","meta":{"footnotes":""},"categories":[1],"tags":[],"class_list":["post-18773","post","type-post","status-publish","format-standard","has-post-thumbnail","hentry","category-blog"],"_links":{"self":[{"href":"https:\/\/swiat24.pl.ua\/index.php?rest_route=\/wp\/v2\/posts\/18773","targetHints":{"allow":["GET"]}}],"collection":[{"href":"https:\/\/swiat24.pl.ua\/index.php?rest_route=\/wp\/v2\/posts"}],"about":[{"href":"https:\/\/swiat24.pl.ua\/index.php?rest_route=\/wp\/v2\/types\/post"}],"author":[{"embeddable":true,"href":"https:\/\/swiat24.pl.ua\/index.php?rest_route=\/wp\/v2\/users\/1"}],"replies":[{"embeddable":true,"href":"https:\/\/swiat24.pl.ua\/index.php?rest_route=%2Fwp%2Fv2%2Fcomments&post=18773"}],"version-history":[{"count":1,"href":"https:\/\/swiat24.pl.ua\/index.php?rest_route=\/wp\/v2\/posts\/18773\/revisions"}],"predecessor-version":[{"id":18777,"href":"https:\/\/swiat24.pl.ua\/index.php?rest_route=\/wp\/v2\/posts\/18773\/revisions\/18777"}],"wp:featuredmedia":[{"embeddable":true,"href":"https:\/\/swiat24.pl.ua\/index.php?rest_route=\/wp\/v2\/media\/18776"}],"wp:attachment":[{"href":"https:\/\/swiat24.pl.ua\/index.php?rest_route=%2Fwp%2Fv2%2Fmedia&parent=18773"}],"wp:term":[{"taxonomy":"category","embeddable":true,"href":"https:\/\/swiat24.pl.ua\/index.php?rest_route=%2Fwp%2Fv2%2Fcategories&post=18773"},{"taxonomy":"post_tag","embeddable":true,"href":"https:\/\/swiat24.pl.ua\/index.php?rest_route=%2Fwp%2Fv2%2Ftags&post=18773"}],"curies":[{"name":"wp","href":"https:\/\/api.w.org\/{rel}","templated":true}]}}