{"id":18768,"date":"2025-12-06T11:35:47","date_gmt":"2025-12-06T11:35:47","guid":{"rendered":"https:\/\/swiat24.pl.ua\/?p=18768"},"modified":"2025-12-06T11:35:47","modified_gmt":"2025-12-06T11:35:47","slug":"wszyscy-zwracaja-uwage-na-to-samo-w-przypadku-melanii-trump-podczas-powrotu-do-waszyngtonu-po-swiecie-dziekczynienia","status":"publish","type":"post","link":"https:\/\/swiat24.pl.ua\/?p=18768","title":{"rendered":"Wszyscy zwracaj\u0105 uwag\u0119 na to samo w przypadku Melanii Trump podczas powrotu do Waszyngtonu po \u015awi\u0119cie Dzi\u0119kczynienia"},"content":{"rendered":"\n<h2 class=\"wp-block-heading\"><strong>Melania Trump wy\u015bmiewana w Internecie za noszenie okular\u00f3w przeciws\u0142onecznych w nocy<\/strong><\/h2>\n\n\n\n<p>Donald i Melania Trump wr\u00f3cili do Waszyngtonu po \u015awi\u0119cie Dzi\u0119kczynienia sp\u0119dzonym na Florydzie, ale tym razem to nie by\u0142y prezydent sta\u0142 si\u0119 viralem, lecz str\u00f3j Melanii.<\/p>\n\n\n\n<p>Rodzina Trump\u00f3w sp\u0119dzi\u0142a \u015bwi\u0105teczny weekend w Mar-a-Lago z synem Barronem. Podczas gdy Donald pojawia\u0142 si\u0119 na pierwszych stronach gazet dzi\u0119ki r\u00f3\u017cnym komentarzom politycznym i wyst\u0105pieniom, Melania w du\u017cej mierze unika\u0142a publicznego widoku i skupia\u0142a si\u0119 na sp\u0119dzaniu czasu z rodzin\u0105.<\/p>\n\n\n\n<p>Ale gdy d\u0142ugi weekend si\u0119 sko\u0144czy\u0142, jej cichy profil uleg\u0142 zmianie.<\/p>\n\n\n\n<h2 class=\"wp-block-heading\"><strong>Okulary przeciws\u0142oneczne w nocy wywo\u0142uj\u0105 drwiny w Internecie<\/strong><\/h2>\n\n\n\n<p>W niedzielny wiecz\u00f3r Marine One wyl\u0105dowa\u0142 na trawniku przed Bia\u0142ym Domem. Kiedy Donald i Melania Trump wysiedli z helikoptera \u2013 po wcze\u015bniejszym zej\u015bciu z Air Force One \u2013 widzowie online zauwa\u017cyli co\u015b niezwyk\u0142ego:<\/p>\n\n\n\n<p>Mimo \u017ce na zewn\u0105trz panowa\u0142a ca\u0142kowita ciemno\u015b\u0107, Melania mia\u0142a na sobie du\u017ce okulary przeciws\u0142oneczne.<\/p>\n\n\n\n<p>Krytycy na X (dawniej Twitter) szybko zareagowali:<\/p>\n\n\n\n<p>\u201eLepiej by jej by\u0142o schodzi\u0107 po tych schodach, gdyby nie nosi\u0142a okular\u00f3w przeciws\u0142onecznych w nocy. My\u015bli, \u017ce jest Ann\u0105 Wintour?\u201d<\/p>\n\n\n\n<p>\u201eJe\u015bli nie chowa si\u0119 za okularami przeciws\u0142onecznymi, to chowa si\u0119 pod wielkim kapeluszem. Nie chce na nikogo patrze\u0107\u201d.<\/p>\n\n\n\n<p>A potem pojawi\u0142y si\u0119 teorie spiskowe.<\/p>\n\n\n\n<figure class=\"wp-block-image\"><img decoding=\"async\" src=\"https:\/\/bunny-wp-pullzone-qbwibhia54.b-cdn.net\/wp-content\/uploads\/2025\/12\/resize-2025-12-05T164424.434.webp\" alt=\"\" class=\"wp-image-252637\"\/><\/figure>\n\n\n\n<h2 class=\"wp-block-heading\"><strong>Plotki o sobowt\u00f3rach powracaj\u0105<\/strong><\/h2>\n\n\n\n<p>Niekt\u00f3rzy u\u017cytkownicy powr\u00f3cili do popularnego, \u017cartobliwego twierdzenia, \u017ce \u200b\u200bna publicznych wydarzeniach pojawia si\u0119 \u201esobowt\u00f3r\u201d Melanii.<\/p>\n\n\n\n<p>\u201eDlaczego prawdziwa Melania nosi\u0142aby okulary przeciws\u0142oneczne po zmroku???\u201d<\/p>\n\n\n\n<p>\u201eOkulary przeciws\u0142oneczne w nocy \u2014 to musi by\u0107 dubler cia\u0142a\u201d.<\/p>\n\n\n\n<p>\u201eCzy ona teraz na\u015bladuje Cory&#8217;ego Harta? Normalni ludzie nie nosz\u0105 okular\u00f3w przeciws\u0142onecznych w nocy\u201d \u2013 za\u017cartowa\u0142 jeden z nich, nawi\u0105zuj\u0105c do przeboju piosenkarki z lat 80.<\/p>\n\n\n\n<p>Jednak nie wszyscy j\u0105 krytykowali.<\/p>\n\n\n\n<p><\/p>\n\n\n\n<h2 class=\"wp-block-heading\"><strong>Fani broni\u0105 wygl\u0105du Melanii<\/strong><\/h2>\n\n\n\n<p>Niekt\u00f3rzy u\u017cytkownicy podali praktyczne powody, dla kt\u00f3rych warto nosi\u0107 okulary przeciws\u0142oneczne:<\/p>\n\n\n\n<p>\u201eMo\u017ce nie mia\u0142a makija\u017cu oczu i nie chcia\u0142a by\u0107 fotografowana. Robi\u0119 to samo, kiedy podr\u00f3\u017cuj\u0119\u201d \u2013 napisa\u0142a jedna osoba.<\/p>\n\n\n\n<p>Inni chwalili jej styl:<\/p>\n\n\n\n<p>\u201eMelania powinna wyda\u0107 ksi\u0105\u017ck\u0119 o modzie. Jej p\u0142aszcze, kurtki, okulary przeciws\u0142oneczne \u2013 to kwintesencja jej klasy\u201d.<\/p>\n\n\n\n<h2 class=\"wp-block-heading\"><strong>Kontrowersje wok\u00f3\u0142 starego Bo\u017cego Narodzenia powracaj\u0105<\/strong><\/h2>\n\n\n\n<figure class=\"wp-block-image\"><img decoding=\"async\" src=\"https:\/\/bunny-wp-pullzone-qbwibhia54.b-cdn.net\/wp-content\/uploads\/2025\/12\/resize-2025-12-05T164338.499.webp\" alt=\"\" class=\"wp-image-252638\"\/><\/figure>\n\n\n\n<p>Wraz z nadej\u015bciem okresu \u015bwi\u0105tecznego, internetowe dyskusje o\u017cywi\u0142y r\u00f3wnie\u017c kontrowersje zwi\u0105zane z Melani\u0105 z 2020 roku.<br>W zesz\u0142ym tygodniu powita\u0142a ona oficjaln\u0105 choink\u0119 Bia\u0142ego Domu \u2013 coroczn\u0105 tradycj\u0119 pierwszych dam.<\/p>\n\n\n\n<p>Jednak w 2020 roku wyciek\u0142o nagranie audio opublikowane przez by\u0142\u0105 przyjaci\u00f3\u0142k\u0119 i doradczyni\u0119 Stephanie Winston Wolkoff, w kt\u00f3rym Melania wyra\u017ca\u0142a frustracj\u0119 zwi\u0105zan\u0105 z obowi\u0105zkami \u015bwi\u0105tecznymi w czasie administracji Trumpa.<\/p>\n\n\n\n<p>W nagraniu z 2018 roku Melania przyzna\u0142a, \u017ce \u200b\u200bkrytykowano j\u0105 za polityk\u0119 graniczn\u0105 m\u0119\u017ca, podczas gdy oczekiwano od niej, \u017ce z entuzjazmem zajmie si\u0119 organizacj\u0105 \u015bwi\u0105tecznych dekoracji:<\/p>\n\n\n\n<p>\u201eM\u00f3wi\u0105, \u017ce jestem wsp\u00f3\u0142winny. Jestem jak on. Za ma\u0142o robi\u0119. Tymczasem haruj\u0119 jak w\u00f3\u0142 nad \u015bwi\u0105tecznymi sprawami \u2013 kogo obchodz\u0105 \u015bwi\u0105teczne dekoracje? Ale musz\u0119 to robi\u0107\u201d.<\/p>\n\n\n\n<p>Skar\u017cy\u0142a si\u0119 r\u00f3wnie\u017c, \u017ce jest atakowana za polityk\u0119 rozdzielania rodzin, twierdz\u0105c, \u017ce podobne problemy istnia\u0142y za poprzednich rz\u0105d\u00f3w.<\/p>\n","protected":false},"excerpt":{"rendered":"Melania Trump wy\u015bmiewana w Internecie za noszenie okular\u00f3w przeciws\u0142onecznych w nocy Donald i Melania Trump wr\u00f3cili do Waszyngtonu po \u015awi\u0119cie Dzi\u0119kczynienia sp\u0119dzonym na \n<a class=\"moretag\" href=\"https:\/\/swiat24.pl.ua\/?p=18768\"> [...]<\/a>","protected":false},"author":1,"featured_media":0,"comment_status":"open","ping_status":"open","sticky":false,"template":"","format":"standard","meta":{"footnotes":""},"categories":[1],"tags":[],"class_list":["post-18768","post","type-post","status-publish","format-standard","hentry","category-blog"],"_links":{"self":[{"href":"https:\/\/swiat24.pl.ua\/index.php?rest_route=\/wp\/v2\/posts\/18768","targetHints":{"allow":["GET"]}}],"collection":[{"href":"https:\/\/swiat24.pl.ua\/index.php?rest_route=\/wp\/v2\/posts"}],"about":[{"href":"https:\/\/swiat24.pl.ua\/index.php?rest_route=\/wp\/v2\/types\/post"}],"author":[{"embeddable":true,"href":"https:\/\/swiat24.pl.ua\/index.php?rest_route=\/wp\/v2\/users\/1"}],"replies":[{"embeddable":true,"href":"https:\/\/swiat24.pl.ua\/index.php?rest_route=%2Fwp%2Fv2%2Fcomments&post=18768"}],"version-history":[{"count":1,"href":"https:\/\/swiat24.pl.ua\/index.php?rest_route=\/wp\/v2\/posts\/18768\/revisions"}],"predecessor-version":[{"id":18769,"href":"https:\/\/swiat24.pl.ua\/index.php?rest_route=\/wp\/v2\/posts\/18768\/revisions\/18769"}],"wp:attachment":[{"href":"https:\/\/swiat24.pl.ua\/index.php?rest_route=%2Fwp%2Fv2%2Fmedia&parent=18768"}],"wp:term":[{"taxonomy":"category","embeddable":true,"href":"https:\/\/swiat24.pl.ua\/index.php?rest_route=%2Fwp%2Fv2%2Fcategories&post=18768"},{"taxonomy":"post_tag","embeddable":true,"href":"https:\/\/swiat24.pl.ua\/index.php?rest_route=%2Fwp%2Fv2%2Ftags&post=18768"}],"curies":[{"name":"wp","href":"https:\/\/api.w.org\/{rel}","templated":true}]}}