{"id":18691,"date":"2025-12-04T16:44:47","date_gmt":"2025-12-04T16:44:47","guid":{"rendered":"https:\/\/swiat24.pl.ua\/?p=18691"},"modified":"2025-12-04T16:44:47","modified_gmt":"2025-12-04T16:44:47","slug":"kobieta-ktora-zaginela-od-nowego-roku-zostala-znaleziona-martwa-w-swoim-samochodzie-w-regionie-var-3","status":"publish","type":"post","link":"https:\/\/swiat24.pl.ua\/?p=18691","title":{"rendered":"Kobieta, kt\u00f3ra zagin\u0119\u0142a od Nowego Roku, zosta\u0142a znaleziona martwa w swoim samochodzie w regionie Var."},"content":{"rendered":"\n<p>Czterdziestoletnia kobieta zagin\u0119\u0142a w regionie Var w \u015brod\u0119, 1 stycznia 2025 roku.<\/p>\n\n\n\n<p>Podczas gdy wszcz\u0119to \u015bledztwo w sprawie niepokoj\u0105cego zagini\u0119cia, jej martwe cia\u0142o znaleziono we wtorek, 7 stycznia 2025 roku, w jej samochodzie.<\/p>\n\n\n\n<p>Laurence G. nie dawa\u0142a znaku \u017cycia&nbsp;<strong>od 1 stycznia 2025 roku.<\/strong><\/p>\n\n\n\n<p>Zg\u0142oszona jako zaginiona w departamencie Var, szybko wszcz\u0119to \u015bledztwo w sprawie \u201eniepokoj\u0105cego zagini\u0119cia\u201d.<\/p>\n\n\n\n<p>Nie maj\u0105c \u017cadnych informacji o swojej 44-letniej c\u00f3rce, matka ofiary, Nathalie G., powiadomi\u0142a policj\u0119 w Hy\u00e8res. W poniedzia\u0142ek, 6 stycznia, policja rozpocz\u0119\u0142a&nbsp;<a href=\"https:\/\/actu.femmeactuelle.fr\/actu\/news-actu\/disparition-inquietante-afin-d-une-adolescente-de-15-ans-dans-les-landes-la-gendarmerie-lance-un-appel-a-temoins-2186125\">apel o pomoc dla \u015bwiadk\u00f3w<\/a>&nbsp;\u2013 przesy\u0142aj\u0105c zdj\u0119cia c\u00f3rki i jej samochodu \u2013 w nadziei na jak najszybsze jej odnalezienie.<\/p>\n\n\n\n<p>Stwierdzono r\u00f3wnie\u017c, \u017ce w chwili zagini\u0119cia prawdopodobnie prowadzi\u0142a&nbsp;<strong>sw\u00f3j samoch\u00f3d<\/strong>&nbsp;, Daci\u0119 Sandero. Prawie tydzie\u0144 p\u00f3\u017aniej, we wtorek, 7 stycznia 2025 roku, prokuratura poinformowa\u0142a stacj\u0119&nbsp;<a href=\"https:\/\/www.bfmtv.com\/var\/var-le-corps-sans-vie-de-la-quadragenaire-disparue-depuis-le-1er-janvier-retrouve_AN-202501070481.html\">BFM TV<\/a>&nbsp;, \u017ce zw\u0142oki czterdziestolatki&nbsp;<strong>zosta\u0142y w ko\u0144cu odnalezione<\/strong>&nbsp;przez policj\u0119 w jej samochodzie.<\/p>\n\n\n\n<h2 class=\"wp-block-heading\" id=\"2r3g2\">Prawdopodobnie ofiara wypadku drogowego<\/h2>\n\n\n\n<p>Wed\u0142ug prokuratury, sekcja lotnicza \u017candarmerii krajowej przeprowadzi\u0142a przeszukania, aby u\u0142atwi\u0107 lokalizacj\u0119 samochodu Laurence G. Ten ostatni znajdowa\u0142 si\u0119\u00a0<em>\u201eponi\u017cej Route\u00a0du Dom, w Bormes-les-Mimosas\u201d<\/em>\u00a0i\u00a0<em>\u201e\u00a0<strong>nie by\u0142 widoczny z drogi<\/strong><\/em>\u00a0\u201d \u2013 powiedzia\u0142 Samuel Finielz, prokurator w Tulonie. Doda\u0142 r\u00f3wnie\u017c, \u017ce\u00a0<em>\u201ejej martwe cia\u0142o znajdowa\u0142o si\u0119 wewn\u0105trz\u201d<\/em>\u00a0pojazdu. <\/p>\n\n\n\n<p>Wed\u0142ug wst\u0119pnych ustale\u0144 \u015bledczych,\u00a0<strong>44-letnia kobieta\u00a0<\/strong><em><strong>\u201ewydaje si\u0119 by\u0107 ofiar\u0105 wypadku drogowego\u201d \u2013<\/strong><\/em>\u00a0poinformowa\u0142 prokurator. Po ujawnieniu tych nowych informacji wszcz\u0119to drugie \u015bledztwo, powierzone \u017candarmerii w Bormes-les-Mimosas, w celu ustalenia\u00a0<strong>dok\u0142adnych okoliczno\u015bci<\/strong>\u00a0\u015bmierci ofiary.\u00a0<em>\u201eLaurence zosta\u0142a odnaleziona. <\/em><\/p>\n\n\n\n<p><em>Z wielkim smutkiem informuj\u0119 o jej \u015bmierci\u00a0<\/em><a href=\"https:\/\/actu.femmeactuelle.fr\/vie-pratique\/news-vie-pratique\/accident-de-la-route-quelle-indemnisation-de-lassurance-peut-on-attendre-2162995\"><em>w wyniku wypadku samochodowego<\/em><\/a><em>\u00a0w lesie Dom<\/em>\u00a0\u201d \u2013 napisa\u0142a jej matka, Nathalie G., na swoim koncie na Facebooku. Poruszona tym, \u017ce ludzie po\u015bwi\u0119cili czas na udost\u0119pnienie apelu o pomoc \u015bwiadk\u00f3w, og\u0142oszonego kilka dni wcze\u015bniej, poprosi\u0142a wszystkich o\u00a0<em>\u201eprzestanie udost\u0119pniania\u201d<\/em>\u00a0i\u00a0<em>\u201eusuni\u0119cie og\u0142osze\u0144\u201d<\/em>\u00a0dotycz\u0105cych zagini\u0119cia jej c\u00f3rki.<\/p>\n","protected":false},"excerpt":{"rendered":"Czterdziestoletnia kobieta zagin\u0119\u0142a w regionie Var w \u015brod\u0119, 1 stycznia 2025 roku. Podczas gdy wszcz\u0119to \u015bledztwo w sprawie niepokoj\u0105cego zagini\u0119cia, jej martwe cia\u0142o \n<a class=\"moretag\" href=\"https:\/\/swiat24.pl.ua\/?p=18691\"> [...]<\/a>","protected":false},"author":1,"featured_media":18692,"comment_status":"open","ping_status":"open","sticky":false,"template":"","format":"standard","meta":{"footnotes":""},"categories":[1],"tags":[],"class_list":["post-18691","post","type-post","status-publish","format-standard","has-post-thumbnail","hentry","category-blog"],"_links":{"self":[{"href":"https:\/\/swiat24.pl.ua\/index.php?rest_route=\/wp\/v2\/posts\/18691","targetHints":{"allow":["GET"]}}],"collection":[{"href":"https:\/\/swiat24.pl.ua\/index.php?rest_route=\/wp\/v2\/posts"}],"about":[{"href":"https:\/\/swiat24.pl.ua\/index.php?rest_route=\/wp\/v2\/types\/post"}],"author":[{"embeddable":true,"href":"https:\/\/swiat24.pl.ua\/index.php?rest_route=\/wp\/v2\/users\/1"}],"replies":[{"embeddable":true,"href":"https:\/\/swiat24.pl.ua\/index.php?rest_route=%2Fwp%2Fv2%2Fcomments&post=18691"}],"version-history":[{"count":1,"href":"https:\/\/swiat24.pl.ua\/index.php?rest_route=\/wp\/v2\/posts\/18691\/revisions"}],"predecessor-version":[{"id":18693,"href":"https:\/\/swiat24.pl.ua\/index.php?rest_route=\/wp\/v2\/posts\/18691\/revisions\/18693"}],"wp:featuredmedia":[{"embeddable":true,"href":"https:\/\/swiat24.pl.ua\/index.php?rest_route=\/wp\/v2\/media\/18692"}],"wp:attachment":[{"href":"https:\/\/swiat24.pl.ua\/index.php?rest_route=%2Fwp%2Fv2%2Fmedia&parent=18691"}],"wp:term":[{"taxonomy":"category","embeddable":true,"href":"https:\/\/swiat24.pl.ua\/index.php?rest_route=%2Fwp%2Fv2%2Fcategories&post=18691"},{"taxonomy":"post_tag","embeddable":true,"href":"https:\/\/swiat24.pl.ua\/index.php?rest_route=%2Fwp%2Fv2%2Ftags&post=18691"}],"curies":[{"name":"wp","href":"https:\/\/api.w.org\/{rel}","templated":true}]}}