{"id":18611,"date":"2025-12-03T14:44:01","date_gmt":"2025-12-03T14:44:01","guid":{"rendered":"https:\/\/swiat24.pl.ua\/?p=18611"},"modified":"2025-12-03T14:44:01","modified_gmt":"2025-12-03T14:44:01","slug":"gruchnely-wiesci-ws-ziobry-zapadla-decyzja","status":"publish","type":"post","link":"https:\/\/swiat24.pl.ua\/?p=18611","title":{"rendered":"Gruchn\u0119\u0142y wie\u015bci ws. Ziobry! Zapad\u0142a decyzja"},"content":{"rendered":"\n<p>W\u0142odzimierz Czarzasty potwierdzi\u0142 oficjalnie, \u017ce rusza procedura postawienia by\u0142ego ministra sprawiedliwo\u015bci przed Trybuna\u0142em Stanu, co jest bezpo\u015bredni\u0105 odpowiedzi\u0105 koalicji rz\u0105dz\u0105cej na materia\u0142y przekazane Sejmowi przez Prokuratur\u0119 Krajow\u0105.<\/p>\n\n\n\n<p>W dokumentach tych znalaz\u0142o si\u0119 a\u017c 26 zarzut\u00f3w kierowanych pod adresem lidera Suwerennej Polski, co otworzy\u0142o nowy, decyduj\u0105cy etap rozliczenia czas\u00f3w rz\u0105d\u00f3w Zjednoczonej Prawicy.<\/p>\n\n\n\n<p>Podczas wtorkowego wyst\u0105pienia Czarzasty poinformowa\u0142, \u017ce polityczna decyzja w tej sprawie zapad\u0142a ju\u017c 15 pa\u017adziernika, a koalicja rozpocz\u0119\u0142a zbieranie podpis\u00f3w pod wnioskiem o poci\u0105gni\u0119cie Zbigniewa Ziobry do odpowiedzialno\u015bci konstytucyjnej.<\/p>\n\n\n\n<p>Impulsem do przyspieszenia dzia\u0142a\u0144 by\u0142o pismo, kt\u00f3re trafi\u0142o do Marsza\u0142ka Sejmu Szymona Ho\u0142owni prosto z Prokuratury Krajowej, zawieraj\u0105ce nie tylko wniosek o uchylenie immunitetu Ziobry, lecz tak\u017ce zgod\u0119 na jego zatrzymanie i zastosowanie tymczasowego aresztu.<\/p>\n\n\n\n<p>Czarzasty poinformowa\u0142, \u017ce koalicja zdecydowa\u0142a o rozpocz\u0119ciu zbierania podpis\u00f3w pod wnioskiem o skierowanie Ziobry przed Trybuna\u0142 Stanu, co \u2014 przy obecnej wi\u0119kszo\u015bci w Sejmie \u2014 jest jedynie formalno\u015bci\u0105.<\/p>\n\n\n\n<p>Po zebraniu wymaganej liczby podpis\u00f3w dokument zostanie przekazany do Komisji Odpowiedzialno\u015bci Konstytucyjnej, gdzie pos\u0142owie przeanalizuj\u0105 zasadno\u015b\u0107 zarzut\u00f3w, zanim sprawa trafi pod g\u0142osowanie na sali plenarnej.<\/p>\n\n\n\n<p>Lista zarzut\u00f3w wobec by\u0142ego prokuratora generalnego jest obszerna i dotyczy spraw o ogromnym ci\u0119\u017carze.<\/p>\n\n\n\n<p>Najbardziej powa\u017cny z nich dotyczy kierowania zorganizowan\u0105 grup\u0105 przest\u0119pcz\u0105, kt\u00f3ra \u2014 wed\u0142ug prokuratury \u2014 mia\u0142a s\u0142u\u017cy\u0107 wyprowadzaniu \u015brodk\u00f3w publicznych z Funduszu Sprawiedliwo\u015bci na cele polityczne i partyjne, niezwi\u0105zane z jego ustawow\u0105 misj\u0105 pomocy ofiarom przest\u0119pstw.<\/p>\n\n\n\n<p>Sejmowa procedura rusza w momencie, gdy miejsce pobytu Zbigniewa Ziobry nadal pozostaje niejasne, a z medialnych doniesie\u0144 wynika, \u017ce mo\u017ce on przebywa\u0107 na W\u0119grzech.<\/p>\n\n\n\n<p>Politycy zwi\u0105zani z Ziobr\u0105 oraz jego obro\u0144cy od miesi\u0119cy wskazuj\u0105 na jego powa\u017cny stan zdrowia zwi\u0105zany z leczeniem onkologicznym, jednak bieg\u0142y powo\u0142any przez prokuratur\u0119 wyda\u0142 opini\u0119, z kt\u00f3rej wynika, \u017ce stan zdrowia by\u0142ego ministra pozwala mu zar\u00f3wno na udzia\u0142 w czynno\u015bciach procesowych, jak i na przebywanie w areszcie \u2014 pod warunkiem zapewnienia odpowiednich warunk\u00f3w medycznych.<\/p>\n\n\n\n<p>W praktyce oznacza to, \u017ce r\u00f3wnolegle b\u0119d\u0105 toczy\u0107 si\u0119 dwa procesy: karny \u2014 przed s\u0105dami powszechnymi, oraz konstytucyjny \u2014 przed Trybuna\u0142em Stanu.<\/p>\n\n\n\n<p>Aby jednak Sejm postawi\u0142 Ziobr\u0119 przed Trybuna\u0142em Stanu, potrzebna b\u0119dzie wi\u0119kszo\u015b\u0107 3\/5 ustawowej liczby pos\u0142\u00f3w, czyli co najmniej 276 g\u0142os\u00f3w.<\/p>\n\n\n\n<p>Koalicja rz\u0105dz\u0105ca b\u0119dzie musia\u0142a wi\u0119c zadba\u0107 o pe\u0142n\u0105 mobilizacj\u0119 swoich pos\u0142\u00f3w, je\u015bli chce doprowadzi\u0107 spraw\u0119 do ko\u0144ca i otworzy\u0107 drog\u0119 do ewentualnego orzeczenia zakazu pe\u0142nienia funkcji publicznych wobec by\u0142ego ministra.<\/p>\n","protected":false},"excerpt":{"rendered":"W\u0142odzimierz Czarzasty potwierdzi\u0142 oficjalnie, \u017ce rusza procedura postawienia by\u0142ego ministra sprawiedliwo\u015bci przed Trybuna\u0142em Stanu, co jest bezpo\u015bredni\u0105 odpowiedzi\u0105 koalicji rz\u0105dz\u0105cej na materia\u0142y przekazane \n<a class=\"moretag\" href=\"https:\/\/swiat24.pl.ua\/?p=18611\"> [...]<\/a>","protected":false},"author":1,"featured_media":18612,"comment_status":"open","ping_status":"open","sticky":false,"template":"","format":"standard","meta":{"footnotes":""},"categories":[1],"tags":[],"class_list":["post-18611","post","type-post","status-publish","format-standard","has-post-thumbnail","hentry","category-blog"],"_links":{"self":[{"href":"https:\/\/swiat24.pl.ua\/index.php?rest_route=\/wp\/v2\/posts\/18611","targetHints":{"allow":["GET"]}}],"collection":[{"href":"https:\/\/swiat24.pl.ua\/index.php?rest_route=\/wp\/v2\/posts"}],"about":[{"href":"https:\/\/swiat24.pl.ua\/index.php?rest_route=\/wp\/v2\/types\/post"}],"author":[{"embeddable":true,"href":"https:\/\/swiat24.pl.ua\/index.php?rest_route=\/wp\/v2\/users\/1"}],"replies":[{"embeddable":true,"href":"https:\/\/swiat24.pl.ua\/index.php?rest_route=%2Fwp%2Fv2%2Fcomments&post=18611"}],"version-history":[{"count":1,"href":"https:\/\/swiat24.pl.ua\/index.php?rest_route=\/wp\/v2\/posts\/18611\/revisions"}],"predecessor-version":[{"id":18613,"href":"https:\/\/swiat24.pl.ua\/index.php?rest_route=\/wp\/v2\/posts\/18611\/revisions\/18613"}],"wp:featuredmedia":[{"embeddable":true,"href":"https:\/\/swiat24.pl.ua\/index.php?rest_route=\/wp\/v2\/media\/18612"}],"wp:attachment":[{"href":"https:\/\/swiat24.pl.ua\/index.php?rest_route=%2Fwp%2Fv2%2Fmedia&parent=18611"}],"wp:term":[{"taxonomy":"category","embeddable":true,"href":"https:\/\/swiat24.pl.ua\/index.php?rest_route=%2Fwp%2Fv2%2Fcategories&post=18611"},{"taxonomy":"post_tag","embeddable":true,"href":"https:\/\/swiat24.pl.ua\/index.php?rest_route=%2Fwp%2Fv2%2Ftags&post=18611"}],"curies":[{"name":"wp","href":"https:\/\/api.w.org\/{rel}","templated":true}]}}