{"id":18521,"date":"2025-12-01T22:46:42","date_gmt":"2025-12-01T22:46:42","guid":{"rendered":"https:\/\/swiat24.pl.ua\/?p=18521"},"modified":"2025-12-01T22:46:42","modified_gmt":"2025-12-01T22:46:42","slug":"przewrot-w-zyciu-kaczynskiego-za-moment-nie-bedzie-mieszkal-sam","status":"publish","type":"post","link":"https:\/\/swiat24.pl.ua\/?p=18521","title":{"rendered":"Przewr\u00f3t w \u017cyciu Kaczy\u0144skiego. Za moment nie b\u0119dzie mieszka\u0142 sam"},"content":{"rendered":"\n<p>W \u017cyciu polityka, kt\u00f3ry od lat uchodzi\u0142 za samotnika, szykuj\u0105 si\u0119 powa\u017cne zmiany. Dotychczasowa codzienno\u015b\u0107, pe\u0142na spokoju i rutyny, wkr\u00f3tce mo\u017ce wygl\u0105da\u0107 zupe\u0142nie inaczej.<\/p>\n\n\n\n<p>Nawet najmniejsze gesty i wydarzenia w jego otoczeniu zwiastuj\u0105, \u017ce nadchodzi nowy rozdzia\u0142 w \u017cyciu Jaros\u0142awa Kaczy\u0144skiego.<\/p>\n\n\n\n<p>Kim jest Jaros\u0142aw Kaczy\u0144ski?<br>Jaros\u0142aw Kaczy\u0144ski urodzi\u0142 si\u0119 18 czerwca 1949 roku w Warszawie. Jest jednym z najwa\u017cniejszych i najbardziej wp\u0142ywowych polityk\u00f3w w historii wsp\u00f3\u0142czesnej Polski.<\/p>\n\n\n\n<p>W latach 2006\u20132007 pe\u0142ni\u0142 funkcj\u0119 premiera RP, a od 2003 roku jest prezesem partii Prawo i Sprawiedliwo\u015b\u0107 (PiS), kt\u00f3r\u0105 wsp\u00f3\u0142zak\u0142ada\u0142 razem z bratem Lechem Kaczy\u0144skim.<\/p>\n\n\n\n<p>Kaczy\u0144ski od lat pozostaje centraln\u0105 postaci\u0105 polskiej sceny politycznej. Cho\u0107 oficjalnie odsun\u0105\u0142 si\u0119 od bie\u017c\u0105cych rz\u0105d\u00f3w, jego decyzje i opinie maj\u0105 ogromny wp\u0142yw na kierunek, w jakim zmierza pa\u0144stwo. Znany jest z zami\u0142owania do polityki strategicznej, ostro\u017cnego formu\u0142owania wypowiedzi oraz zachowania dystansu w \u017cyciu prywatnym. Jego wizerunek medialny cz\u0119sto kontrastuje z prywatnym \u2014 niewielu ludzi mia\u0142o okazj\u0119 zajrze\u0107 do jego codziennego \u017cycia.<\/p>\n\n\n\n<p>\u017boliborz i \u017cycie samotnika<br>Prezes PiS mieszka na warszawskim \u017boliborzu, w charakterystycznym przedwojennym bli\u017aniaku przy ul. Mickiewicza. Jest to przestronny dom o powierzchni oko\u0142o 150 m\u00b2, kt\u00f3rego jedna trzecia nale\u017cy do niego. W\u0142a\u015bnie w tej cz\u0119\u015bci polityk sp\u0119dza wi\u0119kszo\u015b\u0107 swojego czasu, oddzielaj\u0105c si\u0119 od miejskiego zgie\u0142ku.<\/p>\n\n\n\n<p>Dom Kaczy\u0144skiego przez lata by\u0142 synonimem jego prywatno\u015bci i izolacji. Media i s\u0105siedzi podkre\u015blaj\u0105, \u017ce polityk ceni sobie spok\u00f3j i stabilno\u015b\u0107. Cho\u0107 dom bywa\u0142 miejscem spotka\u0144 rodzinnych i politycznych, sam Kaczy\u0144ski uchodzi\u0142 za kogo\u015b, kto woli \u017cycie w cieniu, unikaj\u0105c nadmiernej ekspozycji. Historia nieruchomo\u015bci si\u0119ga pokole\u0144 \u2014 wcze\u015bniej mieszka\u0142a tam jego matka, Jadwiga, a po latach dom przeszed\u0142 w r\u0119ce polityka. W m\u0142odo\u015bci dom by\u0142 pe\u0142en \u017cycia, gosposi i wsp\u00f3\u0142lokator\u00f3w, ale z czasem przestrze\u0144 sta\u0142a si\u0119 niemal pustyni\u0105, odzwierciedlaj\u0105c samotny tryb \u017cycia w\u0142a\u015bciciela.<\/p>\n\n\n\n<p>Remont i nowi s\u0105siedzi<br>Od pocz\u0105tku listopada w s\u0105siedniej cz\u0119\u015bci bli\u017aniaka rozpocz\u0105\u0142 si\u0119 gruntowny remont. Cz\u0119\u015b\u0107 domu, kt\u00f3ra przez co najmniej 15 lat sta\u0142a pusta, jest odnawiana zar\u00f3wno od \u015brodka, jak i na zewn\u0105trz. W zakres prac wchodz\u0105 m.in. wymiana podmur\u00f3wki, renowacja starych \u015bcian, kt\u00f3re ulega\u0142y zawilgoceniu, od\u015bwie\u017cenie elewacji i adaptacja wn\u0119trz do potrzeb nowej rodziny.<\/p>\n\n\n\n<p>Wed\u0142ug doniesie\u0144 medi\u00f3w, po zako\u0144czeniu remontu w odnowionej cz\u0119\u015bci domu zamieszka m\u0142oda rodzina. To oznacza, \u017ce po wielu latach \u017cycia bez bliskich s\u0105siad\u00f3w, Jaros\u0142aw Kaczy\u0144ski b\u0119dzie mia\u0142 nowych wsp\u00f3\u0142lokator\u00f3w tu\u017c za \u015bcian\u0105. Dotychczas pr\u00f3by sprzeda\u017cy tej cz\u0119\u015bci budynku nie powiod\u0142y si\u0119, g\u0142\u00f3wnie z powodu wyg\u00f3rowanych oczekiwa\u0144 w\u0142a\u015bciciela, kt\u00f3ry nie chcia\u0142 obni\u017ca\u0107 ceny nieruchomo\u015bci.<\/p>\n\n\n\n<p>Zmiany w \u017cyciu Kaczy\u0144skiego<br>Zmiana, cho\u0107 na poz\u00f3r dotyczy tylko adresu i remontu, ma te\u017c znaczenie symboliczne. Dom, kt\u00f3ry przez lata by\u0142 miejscem ciszy i samotno\u015bci lidera PiS, wkr\u00f3tce wype\u0142ni si\u0119 ha\u0142asem remontu i codziennym \u017cyciem nowych s\u0105siad\u00f3w. To mo\u017ce oznacza\u0107 koniec ery bezpo\u015bredniej izolacji i pocz\u0105tek nowego etapu w \u017cyciu polityka.<\/p>\n\n\n\n<p>S\u0105siedzi przyznaj\u0105, \u017ce od dawna wyczekiwali nowych mieszka\u0144c\u00f3w. \u201eTo miejsce w ko\u0144cu o\u017cyje\u201d \u2014 komentuj\u0105. Dla samego Kaczy\u0144skiego mo\u017ce to by\u0107 zar\u00f3wno wyzwanie, jak i \u017ar\u00f3d\u0142o nowych do\u015bwiadcze\u0144, kt\u00f3rych dotychczas brakowa\u0142o w jego codziennym \u017cyciu.<\/p>\n\n\n\n<p>Zmiana pokazuje te\u017c, jak \u017cycie prywatne nawet najbardziej wp\u0142ywowego polityka bywa podatne na drobne, codzienne wydarzenia \u2014 remont, przeprowadzka, nowi s\u0105siedzi. Niby szczeg\u00f3\u0142, a jednak w realnym \u015bwiecie oznacza przewr\u00f3t w rytmie dnia i s\u0105siedzkich relacjach.<\/p>\n","protected":false},"excerpt":{"rendered":"W \u017cyciu polityka, kt\u00f3ry od lat uchodzi\u0142 za samotnika, szykuj\u0105 si\u0119 powa\u017cne zmiany. Dotychczasowa codzienno\u015b\u0107, pe\u0142na spokoju i rutyny, wkr\u00f3tce mo\u017ce wygl\u0105da\u0107 zupe\u0142nie \n<a class=\"moretag\" href=\"https:\/\/swiat24.pl.ua\/?p=18521\"> [...]<\/a>","protected":false},"author":1,"featured_media":18522,"comment_status":"open","ping_status":"open","sticky":false,"template":"","format":"standard","meta":{"footnotes":""},"categories":[1],"tags":[],"class_list":["post-18521","post","type-post","status-publish","format-standard","has-post-thumbnail","hentry","category-blog"],"_links":{"self":[{"href":"https:\/\/swiat24.pl.ua\/index.php?rest_route=\/wp\/v2\/posts\/18521","targetHints":{"allow":["GET"]}}],"collection":[{"href":"https:\/\/swiat24.pl.ua\/index.php?rest_route=\/wp\/v2\/posts"}],"about":[{"href":"https:\/\/swiat24.pl.ua\/index.php?rest_route=\/wp\/v2\/types\/post"}],"author":[{"embeddable":true,"href":"https:\/\/swiat24.pl.ua\/index.php?rest_route=\/wp\/v2\/users\/1"}],"replies":[{"embeddable":true,"href":"https:\/\/swiat24.pl.ua\/index.php?rest_route=%2Fwp%2Fv2%2Fcomments&post=18521"}],"version-history":[{"count":1,"href":"https:\/\/swiat24.pl.ua\/index.php?rest_route=\/wp\/v2\/posts\/18521\/revisions"}],"predecessor-version":[{"id":18523,"href":"https:\/\/swiat24.pl.ua\/index.php?rest_route=\/wp\/v2\/posts\/18521\/revisions\/18523"}],"wp:featuredmedia":[{"embeddable":true,"href":"https:\/\/swiat24.pl.ua\/index.php?rest_route=\/wp\/v2\/media\/18522"}],"wp:attachment":[{"href":"https:\/\/swiat24.pl.ua\/index.php?rest_route=%2Fwp%2Fv2%2Fmedia&parent=18521"}],"wp:term":[{"taxonomy":"category","embeddable":true,"href":"https:\/\/swiat24.pl.ua\/index.php?rest_route=%2Fwp%2Fv2%2Fcategories&post=18521"},{"taxonomy":"post_tag","embeddable":true,"href":"https:\/\/swiat24.pl.ua\/index.php?rest_route=%2Fwp%2Fv2%2Ftags&post=18521"}],"curies":[{"name":"wp","href":"https:\/\/api.w.org\/{rel}","templated":true}]}}