{"id":18494,"date":"2025-12-01T13:28:07","date_gmt":"2025-12-01T13:28:07","guid":{"rendered":"https:\/\/swiat24.pl.ua\/?p=18494"},"modified":"2025-12-01T13:28:07","modified_gmt":"2025-12-01T13:28:07","slug":"porazka-nowackiej-polscy-uczniowie-masowo-rezygnuja","status":"publish","type":"post","link":"https:\/\/swiat24.pl.ua\/?p=18494","title":{"rendered":"Pora\u017cka Nowackiej. Polscy uczniowie masowo rezygnuj\u0105"},"content":{"rendered":"\n<p>Nowy szkolny przedmiot, kt\u00f3ry mia\u0142 odpowiada\u0107 na potrzeby wsp\u00f3\u0142czesnej m\u0142odzie\u017cy, ju\u017c na starcie mierzy si\u0119 z powa\u017cnym problemem.<\/p>\n\n\n\n<p> Frekwencja na edukacji zdrowotnej pokazuje, \u017ce uczniowie wcale nie garn\u0105 si\u0119 do udzia\u0142u w zaj\u0119ciach, co stawia pod znakiem zapytania sens reformy.<\/p>\n\n\n\n<h3 class=\"wp-block-heading\">Niska frekwencja mimo du\u017cych zapowiedzi<\/h3>\n\n\n\n<p>Edukacja zdrowotna, wprowadzona 1 wrze\u015bnia 2025 r. jako zaj\u0119cia dobrowolne, mia\u0142a wspiera\u0107 m\u0142odzie\u017c w obszarze zdrowia psychicznego, relacji i bezpiecze\u0144stwa. Ministerstwo przedstawia\u0142o j\u0105 jako jeden z fundament\u00f3w nowej szko\u0142y. <\/p>\n\n\n\n<p>Tymczasem dane z pierwszych miesi\u0119cy pokazuj\u0105, \u017ce na lekcje ucz\u0119szcza oko\u0142o 30 proc. uprawnionych uczni\u00f3w. Niespe\u0142na milion m\u0142odych ludzi zadeklarowa\u0142 udzia\u0142, co w opinii wielu obserwator\u00f3w wskazuje, \u017ce projekt nie spe\u0142ni\u0142 pok\u0142adanych w nim nadziei.<\/p>\n\n\n\n<p>Wiceminister edukacji podkre\u015bla, \u017ce powodem niskiej frekwencji nie jest sp\u00f3r ideologiczny, lecz przeci\u0105\u017cenie uczni\u00f3w. Reforma poprzednich lat znacznie zwi\u0119kszy\u0142a liczb\u0119 godzin lekcyjnych \u2013 szczeg\u00f3lnie w technikach, gdzie tygodniowo bywa ich ponad 38, nie licz\u0105c religii i innych zaj\u0119\u0107 dodatkowych. W efekcie m\u0142odzie\u017c, zm\u0119czona prze\u0142adowanym planem, rezygnuje z nieobowi\u0105zkowych lekcji, wybieraj\u0105c absolutne minimum.<\/p>\n\n\n\n<h3 class=\"wp-block-heading\">Burzliwy kontekst spo\u0142eczny i polityczny<\/h3>\n\n\n\n<p>Nowy przedmiot od pocz\u0105tku wzbudza\u0142 emocje. Pojawia\u0142y si\u0119 ostrze\u017cenia przed rzekom\u0105 \u201edeprawacj\u0105\u201d, a Konferencja Episkopatu Polski apelowa\u0142a do rodzic\u00f3w o wypisywanie dzieci z zaj\u0119\u0107. Sama minister Barbara Nowacka zapowiada\u0142a wcze\u015bniej, \u017ce lekcje musz\u0105 pozosta\u0107 nieobowi\u0105zkowe, by unikn\u0105\u0107 politycznego konfliktu. Dyskusja wok\u00f3\u0142 edukacji zdrowotnej szybko przenios\u0142a si\u0119 poza szko\u0142y, staj\u0105c si\u0119 elementem szerszej debaty spo\u0142ecznej.<\/p>\n\n\n\n<p>Resort edukacji zapowiada konsultacje z dyrektorami i ekspertami, aby ustali\u0107, jak poprawi\u0107 frekwencj\u0119 i dostosowa\u0107 zaj\u0119cia do realnych potrzeb uczni\u00f3w. Ministerstwo podkre\u015bla, \u017ce program powstawa\u0142 z udzia\u0142em specjalist\u00f3w, tak\u017ce \u015brodowisk katolickich, aby rozwia\u0107 obawy dotycz\u0105ce tre\u015bci. Jednocze\u015bnie wskazuje, \u017ce edukacja zdrowotna ma uczy\u0107 nie tylko troski o zdrowie, ale te\u017c odporno\u015bci psychicznej oraz krytycznego my\u015blenia.<\/p>\n\n\n\n<h3 class=\"wp-block-heading\">Zmiany w szko\u0142ach id\u0105 dalej<\/h3>\n\n\n\n<p>Edukacja zdrowotna to tylko jedna z reform planowanych przez Ministerstwo Edukacji. Trwaj\u0105 prace nad now\u0105 podstaw\u0105 programow\u0105 edukacji dla bezpiecze\u0144stwa. Od 1 wrze\u015bnia 2026 r. przedmiot ten ma przygotowywa\u0107 uczni\u00f3w do reagowania w sytuacjach kryzysowych \u2014 nie tylko w teorii, lecz tak\u017ce poprzez praktyczne \u0107wiczenia. R\u00f3wnolegle MEN kontynuuje programy dodatkowe, takie jak \u201eWyj\u015bcie z klas\u0105\u201d, kt\u00f3re wspiera finansowo wizyty uczni\u00f3w w instytucjach kultury.<\/p>\n\n\n\n<h3 class=\"wp-block-heading\">Potrzeba szerszej debaty o szkole<\/h3>\n\n\n\n<p>Niezale\u017cnie od przysz\u0142ych los\u00f3w edukacji zdrowotnej, jej trudny start pokazuje, \u017ce polski system edukacji wymaga g\u0142\u0119bokiej refleksji. Prze\u0142adowany plan lekcji, polityczne napi\u0119cia i brak przestrzeni na inicjatywy wspieraj\u0105ce dobrostan uczni\u00f3w to problemy, kt\u00f3re coraz mocniej wychodz\u0105 na powierzchni\u0119.<\/p>\n","protected":false},"excerpt":{"rendered":"Nowy szkolny przedmiot, kt\u00f3ry mia\u0142 odpowiada\u0107 na potrzeby wsp\u00f3\u0142czesnej m\u0142odzie\u017cy, ju\u017c na starcie mierzy si\u0119 z powa\u017cnym problemem. Frekwencja na edukacji zdrowotnej pokazuje, \n<a class=\"moretag\" href=\"https:\/\/swiat24.pl.ua\/?p=18494\"> [...]<\/a>","protected":false},"author":1,"featured_media":18495,"comment_status":"open","ping_status":"open","sticky":false,"template":"","format":"standard","meta":{"footnotes":""},"categories":[1],"tags":[],"class_list":["post-18494","post","type-post","status-publish","format-standard","has-post-thumbnail","hentry","category-blog"],"_links":{"self":[{"href":"https:\/\/swiat24.pl.ua\/index.php?rest_route=\/wp\/v2\/posts\/18494","targetHints":{"allow":["GET"]}}],"collection":[{"href":"https:\/\/swiat24.pl.ua\/index.php?rest_route=\/wp\/v2\/posts"}],"about":[{"href":"https:\/\/swiat24.pl.ua\/index.php?rest_route=\/wp\/v2\/types\/post"}],"author":[{"embeddable":true,"href":"https:\/\/swiat24.pl.ua\/index.php?rest_route=\/wp\/v2\/users\/1"}],"replies":[{"embeddable":true,"href":"https:\/\/swiat24.pl.ua\/index.php?rest_route=%2Fwp%2Fv2%2Fcomments&post=18494"}],"version-history":[{"count":1,"href":"https:\/\/swiat24.pl.ua\/index.php?rest_route=\/wp\/v2\/posts\/18494\/revisions"}],"predecessor-version":[{"id":18496,"href":"https:\/\/swiat24.pl.ua\/index.php?rest_route=\/wp\/v2\/posts\/18494\/revisions\/18496"}],"wp:featuredmedia":[{"embeddable":true,"href":"https:\/\/swiat24.pl.ua\/index.php?rest_route=\/wp\/v2\/media\/18495"}],"wp:attachment":[{"href":"https:\/\/swiat24.pl.ua\/index.php?rest_route=%2Fwp%2Fv2%2Fmedia&parent=18494"}],"wp:term":[{"taxonomy":"category","embeddable":true,"href":"https:\/\/swiat24.pl.ua\/index.php?rest_route=%2Fwp%2Fv2%2Fcategories&post=18494"},{"taxonomy":"post_tag","embeddable":true,"href":"https:\/\/swiat24.pl.ua\/index.php?rest_route=%2Fwp%2Fv2%2Ftags&post=18494"}],"curies":[{"name":"wp","href":"https:\/\/api.w.org\/{rel}","templated":true}]}}