{"id":18483,"date":"2025-12-01T11:42:11","date_gmt":"2025-12-01T11:42:11","guid":{"rendered":"https:\/\/swiat24.pl.ua\/?p=18483"},"modified":"2025-12-01T11:42:11","modified_gmt":"2025-12-01T11:42:11","slug":"aleksander-kwasniewski-ostro-skrytykowal-karola-nawrockiego","status":"publish","type":"post","link":"https:\/\/swiat24.pl.ua\/?p=18483","title":{"rendered":"Aleksander Kwa\u015bniewski ostro skrytykowa\u0142 Karola Nawrockiego"},"content":{"rendered":"\n<p>Aleksander Kwa\u015bniewski ostro skrytykowa\u0142 decyzj\u0119 prezydenta Karola Nawrockiego o odmowie nominacji s\u0119dziowskich. <\/p>\n\n\n\n<p>By\u0142y prezydent uzna\u0142 dzia\u0142ania g\u0142owy pa\u0144stwa za nadu\u017cycie i stwierdzi\u0142, \u017ce prezydent powinien by\u0107 arbitrem, a nie stron\u0105 konfliktu.<\/p>\n\n\n\n<p>Aleksander Kwa\u015bniewski ostro komentuje dzia\u0142ania obecnej g\u0142owy pa\u0144stwa<br>W programie Polityczny WF na antenie Polsat News Aleksander Kwa\u015bniewski zosta\u0142 poproszony o ocen\u0119 decyzji prezydenta Karola Nawrockiego dotycz\u0105cej odmowy nominacji s\u0119dziowskich. <\/p>\n\n\n\n<p>Jak przyzna\u0142, by\u0142 zaskoczony skal\u0105 i form\u0105 podj\u0119tych dzia\u0142a\u0144. W swoim wyst\u0105pieniu okre\u015bli\u0142 je jako nadu\u017cycie kompetencji prezydenckich i doda\u0142, \u017ce sytuacja budzi jego g\u0142\u0119boki sprzeciw. Jego zdaniem prezydent powinien pe\u0142ni\u0107 przede wszystkim funkcj\u0119 arbitra i dba\u0107 o zachowanie r\u00f3wnowagi w systemie pa\u0144stwowym.<\/p>\n\n\n\n<p>Kwa\u015bniewski przypomnia\u0142, \u017ce podczas jego prezydentury zdarza\u0142o si\u0119, \u017ce niekt\u00f3rzy kandydaci do nominacji s\u0119dziowskich nie budzili jego entuzjazmu. Podkre\u015bla\u0142 jednak, \u017ce nigdy nie przysz\u0142o mu do g\u0142owy, aby kwestionowa\u0107 sam\u0105 procedur\u0119 i blokowa\u0107 nominacje. Wskaza\u0142 tak\u017ce, \u017ce prezydent pe\u0142ni w tym zakresie rol\u0119 notariusza procesu, a nie strony sporu. Jego zdaniem obecny konflikt narusza standardy, kt\u00f3re w polskim systemie prawnym budowano przez lata.<\/p>\n\n\n\n<p>By\u0142y prezydent m\u00f3wi\u0142 r\u00f3wnie\u017c o konsekwencjach politycznych. Podkre\u015bli\u0142, \u017ce prezydentura jest rol\u0105 wymagaj\u0105c\u0105 odpowiedzialno\u015bci wobec wszystkich obywateli, nie tylko tych, kt\u00f3rzy oddali g\u0142os w wyborach. Zaznaczy\u0142, \u017ce budowanie podzia\u0142\u00f3w w tak delikatnym obszarze jak s\u0105downictwo mo\u017ce podwa\u017ca\u0107 zaufanie obywateli do pa\u0144stwa. W jego ocenie Nawrocki powinien d\u0105\u017cy\u0107 do odbudowy jedno\u015bci, a nie pog\u0142\u0119biania r\u00f3\u017cnic.<br><\/p>\n\n\n\n<figure class=\"wp-block-image size-full\"><img loading=\"lazy\" decoding=\"async\" width=\"904\" height=\"508\" src=\"https:\/\/swiat24.pl.ua\/wp-content\/uploads\/2025\/12\/image.png\" alt=\"\" class=\"wp-image-18484\" srcset=\"https:\/\/swiat24.pl.ua\/wp-content\/uploads\/2025\/12\/image.png 904w, https:\/\/swiat24.pl.ua\/wp-content\/uploads\/2025\/12\/image-300x169.png 300w, https:\/\/swiat24.pl.ua\/wp-content\/uploads\/2025\/12\/image-768x432.png 768w\" sizes=\"auto, (max-width: 904px) 100vw, 904px\" \/><\/figure>\n\n\n\n<p>Sp\u00f3r o nominacje s\u0119dziowskie. T\u0142o decyzji i reakcje polityczne<br>Decyzja Karola Nawrockiego odbi\u0142a si\u0119 szerokim echem w debacie publicznej. Prezydent odm\u00f3wi\u0142 nominacji dla 46 s\u0119dzi\u00f3w, zapowiadaj\u0105c, \u017ce w ci\u0105gu najbli\u017cszych pi\u0119ciu lat nie planuje awansowa\u0107 os\u00f3b, kt\u00f3re kwestionuj\u0105 konstytucyjne uprawnienia g\u0142owy pa\u0144stwa lub ustanowiony porz\u0105dek prawny. Jego zdaniem taka postawa podwa\u017ca autorytet stanowisk s\u0119dziowskich i godzi w stabilno\u015b\u0107 wymiaru sprawiedliwo\u015bci.<\/p>\n\n\n\n<p>W ostatnich tygodniach prezydent podkre\u015bla\u0142, \u017ce obowi\u0105zkiem s\u0119dzi\u00f3w jest orzekanie w imieniu Rzeczypospolitej i przestrzeganie porz\u0105dku konstytucyjno-prawnego. Przekonywa\u0142, \u017ce rozr\u00f3\u017cnianie s\u0119dzi\u00f3w na tak zwanych neo i paleo nie tylko szkodzi autorytetowi s\u0105d\u00f3w, ale tak\u017ce uderza w obywateli oczekuj\u0105cych sprawiedliwych proces\u00f3w. Wskazywa\u0142, \u017ce odmowa nominacji jest reakcj\u0105 na sytuacj\u0119, w kt\u00f3rej w jego ocenie cz\u0119\u015b\u0107 \u015brodowiska s\u0119dziowskiego sama podwa\u017ca fundamenty pa\u0144stwa.<\/p>\n\n\n\n<p>Decyzja ta wywo\u0142a\u0142a liczne komentarze zar\u00f3wno ze strony opozycji, jak i polityk\u00f3w obozu rz\u0105dz\u0105cego. Zwolennicy prezydenta podkre\u015blaj\u0105, \u017ce ma prawo broni\u0107 instytucji pa\u0144stwowych przed ich zdaniem nadmiernym upolitycznieniem. Krytycy twierdz\u0105 jednak, \u017ce dzia\u0142ania Nawrockiego mog\u0105 prowadzi\u0107 do parali\u017cu kadrowego w s\u0105dach i niepotrzebnych napi\u0119\u0107. Wskazuj\u0105 te\u017c, \u017ce zamiast \u0142agodzi\u0107 konflikt, prezydent go wzmacnia, co mo\u017ce odbi\u0107 si\u0119 na funkcjonowaniu ca\u0142ego wymiaru sprawiedliwo\u015bci.<br><\/p>\n\n\n\n<p>Prezydent Nawrocki broni swojej decyzji i m\u00f3wi o obowi\u0105zku ochrony konstytucji<br>Karol Nawrocki regularnie odnosi si\u0119 do sprawy odmowy nominacji, argumentuj\u0105c, \u017ce jego decyzje s\u0105 zwi\u0105zane z odpowiedzialno\u015bci\u0105 za przestrzeganie konstytucji. Podczas spotkania z mieszka\u0144cami Mi\u0144ska Mazowieckiego m\u00f3wi\u0142, \u017ce rola prezydenta jako stra\u017cnika konstytucji wymaga konsekwentnego dzia\u0142ania. Podkre\u015bla\u0142, \u017ce nominacja s\u0119dziowska nie jest polityczn\u0105 nagrod\u0105, lecz potwierdzeniem najwy\u017cszej odpowiedzialno\u015bci wobec pa\u0144stwa.<\/p>\n\n\n\n<p>Prezydent utrzymuje, \u017ce nie mo\u017ce powo\u0142ywa\u0107 s\u0119dzi\u00f3w, kt\u00f3rzy jego zdaniem podwa\u017caj\u0105 fundamenty ustroju. Zwraca\u0142 uwag\u0119, \u017ce proces nominacyjny ma swoj\u0105 rang\u0119 i znaczenie symboliczne, a ostatnim etapem jest uroczysto\u015b\u0107 wr\u0119czenia nominacji, kt\u00f3ra ma nadawa\u0107 godno\u015b\u0107 urz\u0119dowi s\u0119dziowskiemu. Jego zdaniem brak zgody na nominacje jest form\u0105 obrony tej godno\u015bci, a nie pr\u00f3b\u0105 ingerencji w niezale\u017cno\u015b\u0107 s\u0105d\u00f3w.<\/p>\n\n\n\n<p>W swoich wypowiedziach Nawrocki cz\u0119sto podkre\u015bla, \u017ce Polska stoi w obliczu wielu wyzwa\u0144 i potrzebuje sp\u00f3jnego, stabilnego systemu prawnego. Przekonuje, \u017ce S\u0105d nie powinien by\u0107 miejscem walki politycznej i \u017ce s\u0119dziowie musz\u0105 czu\u0107 si\u0119 r\u00f3wni wobec pa\u0144stwa. Jego decyzja dotycz\u0105ca 46 s\u0119dzi\u00f3w ma by\u0107 wed\u0142ug niego wyra\u017anym sygna\u0142em, \u017ce podzia\u0142y tworzone wewn\u0105trz \u015brodowiska s\u0105dowego nie mog\u0105 wp\u0142ywa\u0107 na wykonywanie konstytucyjnych obowi\u0105zk\u00f3w.<br><\/p>\n\n\n\n<figure class=\"wp-block-image size-full\"><img loading=\"lazy\" decoding=\"async\" width=\"910\" height=\"516\" src=\"https:\/\/swiat24.pl.ua\/wp-content\/uploads\/2025\/12\/image-1.png\" alt=\"\" class=\"wp-image-18485\" srcset=\"https:\/\/swiat24.pl.ua\/wp-content\/uploads\/2025\/12\/image-1.png 910w, https:\/\/swiat24.pl.ua\/wp-content\/uploads\/2025\/12\/image-1-300x170.png 300w, https:\/\/swiat24.pl.ua\/wp-content\/uploads\/2025\/12\/image-1-768x435.png 768w, https:\/\/swiat24.pl.ua\/wp-content\/uploads\/2025\/12\/image-1-388x220.png 388w\" sizes=\"auto, (max-width: 910px) 100vw, 910px\" \/><\/figure>\n","protected":false},"excerpt":{"rendered":"Aleksander Kwa\u015bniewski ostro skrytykowa\u0142 decyzj\u0119 prezydenta Karola Nawrockiego o odmowie nominacji s\u0119dziowskich. By\u0142y prezydent uzna\u0142 dzia\u0142ania g\u0142owy pa\u0144stwa za nadu\u017cycie i stwierdzi\u0142, \u017ce \n<a class=\"moretag\" href=\"https:\/\/swiat24.pl.ua\/?p=18483\"> [...]<\/a>","protected":false},"author":1,"featured_media":18486,"comment_status":"open","ping_status":"open","sticky":false,"template":"","format":"standard","meta":{"footnotes":""},"categories":[1],"tags":[],"class_list":["post-18483","post","type-post","status-publish","format-standard","has-post-thumbnail","hentry","category-blog"],"_links":{"self":[{"href":"https:\/\/swiat24.pl.ua\/index.php?rest_route=\/wp\/v2\/posts\/18483","targetHints":{"allow":["GET"]}}],"collection":[{"href":"https:\/\/swiat24.pl.ua\/index.php?rest_route=\/wp\/v2\/posts"}],"about":[{"href":"https:\/\/swiat24.pl.ua\/index.php?rest_route=\/wp\/v2\/types\/post"}],"author":[{"embeddable":true,"href":"https:\/\/swiat24.pl.ua\/index.php?rest_route=\/wp\/v2\/users\/1"}],"replies":[{"embeddable":true,"href":"https:\/\/swiat24.pl.ua\/index.php?rest_route=%2Fwp%2Fv2%2Fcomments&post=18483"}],"version-history":[{"count":1,"href":"https:\/\/swiat24.pl.ua\/index.php?rest_route=\/wp\/v2\/posts\/18483\/revisions"}],"predecessor-version":[{"id":18487,"href":"https:\/\/swiat24.pl.ua\/index.php?rest_route=\/wp\/v2\/posts\/18483\/revisions\/18487"}],"wp:featuredmedia":[{"embeddable":true,"href":"https:\/\/swiat24.pl.ua\/index.php?rest_route=\/wp\/v2\/media\/18486"}],"wp:attachment":[{"href":"https:\/\/swiat24.pl.ua\/index.php?rest_route=%2Fwp%2Fv2%2Fmedia&parent=18483"}],"wp:term":[{"taxonomy":"category","embeddable":true,"href":"https:\/\/swiat24.pl.ua\/index.php?rest_route=%2Fwp%2Fv2%2Fcategories&post=18483"},{"taxonomy":"post_tag","embeddable":true,"href":"https:\/\/swiat24.pl.ua\/index.php?rest_route=%2Fwp%2Fv2%2Ftags&post=18483"}],"curies":[{"name":"wp","href":"https:\/\/api.w.org\/{rel}","templated":true}]}}