{"id":18471,"date":"2025-11-30T15:43:39","date_gmt":"2025-11-30T15:43:39","guid":{"rendered":"https:\/\/swiat24.pl.ua\/?p=18471"},"modified":"2025-11-30T15:43:39","modified_gmt":"2025-11-30T15:43:39","slug":"lukaszenko-przerwal-milczenie-ws-rosyjskich-dronow-nad-polska-padly-szokujace-slowa-2","status":"publish","type":"post","link":"https:\/\/swiat24.pl.ua\/?p=18471","title":{"rendered":"\u0141ukaszenko przerwa\u0142 milczenie ws. rosyjskich dron\u00f3w nad Polsk\u0105. Pad\u0142y szokuj\u0105ce s\u0142owa"},"content":{"rendered":"\n<p>Rosyjskie drony nad polskim niebem, ostre s\u0142owa pod adresem Warszawy i zaskakuj\u0105ce komentarze o Andrzeju Dudzie<\/p>\n\n\n\n<p>\u2013 Aleksander \u0141ukaszenko postanowi\u0142 zabra\u0107 g\u0142os w sprawach, kt\u00f3re bezpo\u015brednio dotycz\u0105 Polski.<\/p>\n\n\n\n<p>Wypowiedzi bia\u0142oruskiego przyw\u00f3dcy budz\u0105 emocje i pytania o to, jak interpretowa\u0107 jego nag\u0142e zainteresowanie sytuacj\u0105 za zachodni\u0105 granic\u0105.<\/p>\n\n\n\n<p>Incydent z dronami \u2013 narracja Mi\u0144ska<\/p>\n\n\n\n<ul class=\"wp-block-list\">\n<li>Aleksander \u0141ukaszenko skomentowa\u0142 pojawienie si\u0119 rosyjskich dron\u00f3w nad Polsk\u0105.<\/li>\n\n\n\n<li>Twierdzi\u0142, \u017ce cz\u0119\u015b\u0107 maszyn przelatywa\u0142a r\u00f3wnie\u017c w stron\u0119 Bia\u0142orusi.<\/li>\n\n\n\n<li>Zapewnia\u0142, \u017ce bia\u0142oruskie wojsko zestrzeli\u0142o wi\u0119kszo\u015b\u0107 z nich.<\/li>\n\n\n\n<li>Utrzymywa\u0142, \u017ce Polska zosta\u0142a poinformowana \u201ez wyprzedzeniem\u201d.<\/li>\n\n\n\n<li>Reakcj\u0119 Warszawy okre\u015bli\u0142 jako przesadzon\u0105 i \u201edzik\u0105\u201d.<\/li>\n<\/ul>\n\n\n\n<p>Wed\u0142ug \u0141ukaszenki, Bia\u0142oru\u015b zachowa\u0142a si\u0119 odpowiedzialnie, przechwytuj\u0105c zagro\u017cenie i ostrzegaj\u0105c s\u0105siad\u00f3w. Jednak, jak stwierdzi\u0142, odpowied\u017a Polski by\u0142a zbyt nerwowa i mia\u0142a jedynie \u201ezaostrzy\u0107 sytuacj\u0119\u201d. W jego s\u0142owach wyra\u017anie wybrzmiewa\u0142o oskar\u017cenie, \u017ce Warszawa dzia\u0142a impulsywnie, bez ch\u0142odnej kalkulacji.<\/p>\n\n\n\n<blockquote class=\"wp-block-quote is-layout-flow wp-block-quote-is-layout-flow\">\n<p>Zestrzelili\u015bmy wszystkie, kt\u00f3re mogli\u015bmy, ale kilka zosta\u0142o. Z jak najwi\u0119kszym wyprzedzeniem poinformowali\u015bmy Polsk\u0119. I co z tego wynik\u0142o? \u2014 przekaza\u0142 Aleksander \u0141ukaszenko.&nbsp;<\/p>\n<\/blockquote>\n\n\n\n<blockquote class=\"wp-block-quote is-layout-flow wp-block-quote-is-layout-flow\">\n<p>S\u0142uchajcie, [zachowali si\u0119] jak dzikusy. Znienacka zaostrzyli sytuacj\u0119 \u2014 doda\u0142 dyktator.<\/p>\n<\/blockquote>\n\n\n\n<p>Polityczne docinki wobec Polski<br>Opr\u00f3cz tematu dron\u00f3w, \u0141ukaszenko nie omieszka\u0142 wple\u015b\u0107 kilku k\u0105\u015bliwych komentarzy pod adresem polskich w\u0142adz. W jego ocenie Polska \u201echce sprowokowa\u0107 reakcj\u0119\u201d Bia\u0142orusi, cho\u0107 \u2013 jak twierdzi\u0142 \u2013 Mi\u0144sk nie szuka konfliktu.<\/p>\n\n\n\n<p>Ostrzega\u0142em ju\u017c tysi\u0105ce razy, \u017ce nie chcemy \u017cadnych wojen ani zamkni\u0119tych granic \u2014 zaznaczy\u0142.<\/p>\n\n\n\n<p>Bia\u0142oruski przyw\u00f3dca odni\u00f3s\u0142 si\u0119 tak\u017ce do krajowej polityki w Polsce, uderzaj\u0105c w Donalda Tuska, Karola Nawrockiego i Andrzeja Dud\u0119. O by\u0142ym prezydencie powiedzia\u0142, \u017ce \u201ezm\u0105drza\u0142, kiedy przesta\u0142 by\u0107 prezydentem\u201d. Wed\u0142ug \u0141ukaszenki, to w\u0142a\u015bnie Duda mia\u0142 wcze\u015bniej \u201epod\u017cega\u0107 do wojny na Ukrainie\u201d, a dzi\u015b obarcza win\u0105 sam Kij\u00f3w. S\u0142owa te trudno odczytywa\u0107 inaczej ni\u017c jako element politycznej gry, w kt\u00f3rej Mi\u0144sk pr\u00f3buje uderzy\u0107 w sp\u00f3jno\u015b\u0107 polskiej sceny politycznej.<\/p>\n\n\n\n<h2 class=\"wp-block-heading\">Zamkni\u0119ta granica \u2013 decyzja Warszawy<\/h2>\n\n\n\n<p>W tle tej wymiany s\u0142\u00f3w zapad\u0142a decyzja, kt\u00f3ra realnie wp\u0142ywa na sytuacj\u0119 mieszka\u0144c\u00f3w regionu. Minister spraw wewn\u0119trznych Marcin Kierwi\u0144ski podpisa\u0142 rozporz\u0105dzenie o czasowym zawieszeniu ruchu granicznego z Bia\u0142orusi\u0105. Zamkni\u0119cie przej\u015b\u0107 obowi\u0105zuje od 12 wrze\u015bnia a\u017c do odwo\u0142ania.<\/p>\n\n\n\n<p>Premier Donald Tusk wyja\u015bni\u0142, \u017ce krok ten jest zwi\u0105zany z rozpoczynaj\u0105cymi si\u0119 \u0107wiczeniami wojskowymi \u201eZapad-2025\u201d, prowadzonymi wsp\u00f3lnie przez Rosj\u0119 i Bia\u0142oru\u015b. Polska podkre\u015bla, \u017ce decyzja ma charakter bezpiecze\u0144stwa \u2013 chodzi o ochron\u0119 nie tylko w\u0142asnej granicy, ale te\u017c ca\u0142ej wschodniej flanki NATO i Unii Europejskiej.&nbsp;<strong>To pokazuje, \u017ce sp\u00f3r wok\u00f3\u0142 s\u0142\u00f3w \u0141ukaszenki to nie tylko polityczne przepychanki, lecz tak\u017ce realne dzia\u0142ania na poziomie&nbsp;<\/strong><a href=\"https:\/\/goniec.pl\/niespodziewane-slowa-sikorskiego-nagle-zwrocil-sie-do-polakow-prosi-o-jedno-ps-wkg-110925\"><strong>bezpiecze\u0144stwa<\/strong><\/a><strong>.<\/strong><\/p>\n","protected":false},"excerpt":{"rendered":"Rosyjskie drony nad polskim niebem, ostre s\u0142owa pod adresem Warszawy i zaskakuj\u0105ce komentarze o Andrzeju Dudzie \u2013 Aleksander \u0141ukaszenko postanowi\u0142 zabra\u0107 g\u0142os w \n<a class=\"moretag\" href=\"https:\/\/swiat24.pl.ua\/?p=18471\"> [...]<\/a>","protected":false},"author":1,"featured_media":18472,"comment_status":"open","ping_status":"open","sticky":false,"template":"","format":"standard","meta":{"footnotes":""},"categories":[1],"tags":[],"class_list":["post-18471","post","type-post","status-publish","format-standard","has-post-thumbnail","hentry","category-blog"],"_links":{"self":[{"href":"https:\/\/swiat24.pl.ua\/index.php?rest_route=\/wp\/v2\/posts\/18471","targetHints":{"allow":["GET"]}}],"collection":[{"href":"https:\/\/swiat24.pl.ua\/index.php?rest_route=\/wp\/v2\/posts"}],"about":[{"href":"https:\/\/swiat24.pl.ua\/index.php?rest_route=\/wp\/v2\/types\/post"}],"author":[{"embeddable":true,"href":"https:\/\/swiat24.pl.ua\/index.php?rest_route=\/wp\/v2\/users\/1"}],"replies":[{"embeddable":true,"href":"https:\/\/swiat24.pl.ua\/index.php?rest_route=%2Fwp%2Fv2%2Fcomments&post=18471"}],"version-history":[{"count":1,"href":"https:\/\/swiat24.pl.ua\/index.php?rest_route=\/wp\/v2\/posts\/18471\/revisions"}],"predecessor-version":[{"id":18473,"href":"https:\/\/swiat24.pl.ua\/index.php?rest_route=\/wp\/v2\/posts\/18471\/revisions\/18473"}],"wp:featuredmedia":[{"embeddable":true,"href":"https:\/\/swiat24.pl.ua\/index.php?rest_route=\/wp\/v2\/media\/18472"}],"wp:attachment":[{"href":"https:\/\/swiat24.pl.ua\/index.php?rest_route=%2Fwp%2Fv2%2Fmedia&parent=18471"}],"wp:term":[{"taxonomy":"category","embeddable":true,"href":"https:\/\/swiat24.pl.ua\/index.php?rest_route=%2Fwp%2Fv2%2Fcategories&post=18471"},{"taxonomy":"post_tag","embeddable":true,"href":"https:\/\/swiat24.pl.ua\/index.php?rest_route=%2Fwp%2Fv2%2Ftags&post=18471"}],"curies":[{"name":"wp","href":"https:\/\/api.w.org\/{rel}","templated":true}]}}