{"id":18443,"date":"2025-11-29T21:28:39","date_gmt":"2025-11-29T21:28:39","guid":{"rendered":"https:\/\/swiat24.pl.ua\/?p=18443"},"modified":"2025-11-29T21:28:39","modified_gmt":"2025-11-29T21:28:39","slug":"wszyscy-patrzyli-jak-nawroccy-ubrali-sie-na-uroczysta-gale-mamy-zdjecia","status":"publish","type":"post","link":"https:\/\/swiat24.pl.ua\/?p=18443","title":{"rendered":"Wszyscy patrzyli, jak Nawroccy ubrali si\u0119 na uroczyst\u0105 gal\u0119. Mamy zdj\u0119cia"},"content":{"rendered":"\n<p>Na jubileuszowej gali 200-lecia Teatru Wielkiego \u2013 Opery Narodowej w Warszawie pojawi\u0142a si\u0119 \u015bmietanka polskiego \u015bwiata kultury i polityki, w tym para prezydencka Marta i Karol Nawroccy oraz gwiazdy takie jak Maja Ostaszewska czy Beata \u015acibak\u00f3wna.\u200b<\/p>\n\n\n\n<p>Uroczysta gala z gwiazdami<br>W sobotni wiecz\u00f3r w Teatrze Wielkim \u015bwi\u0119towano 200-lecie tej kluczowej dla polskiej kultury instytucji, \u0142\u0105czone z jubileuszem 60-lecia powojennego otwarcia gmachu. <\/p>\n\n\n\n<p>Na czerwonym dywanie pozowali m.in. Maja Ostaszewska w czerwonej, wieczorowej kreacji, Beata \u015acibak\u00f3wna w efektownej stylizacji, Nina Terentiew, Ewa Gawryluk z m\u0119\u017cem oraz wielu innych aktor\u00f3w, ludzi medi\u00f3w i sztuki.<br><\/p>\n\n\n\n<figure class=\"wp-block-image size-full\"><img loading=\"lazy\" decoding=\"async\" width=\"565\" height=\"853\" src=\"https:\/\/swiat24.pl.ua\/wp-content\/uploads\/2025\/11\/image-40.png\" alt=\"\" class=\"wp-image-18444\" srcset=\"https:\/\/swiat24.pl.ua\/wp-content\/uploads\/2025\/11\/image-40.png 565w, https:\/\/swiat24.pl.ua\/wp-content\/uploads\/2025\/11\/image-40-199x300.png 199w\" sizes=\"auto, (max-width: 565px) 100vw, 565px\" \/><\/figure>\n\n\n\n<p>Styl pary prezydenckiej<br>Prezydent Karol Nawrocki postawi\u0142 na klasyczny, dopasowany garnitur, a Marta Nawrocka wybra\u0142a welurow\u0105 sukni\u0119 i eleganckie szpilki, wpisuj\u0105c si\u0119 w bardzo formalny, galowy dress code wydarzenia. Ich obecno\u015b\u0107 na widowni podkre\u015bli\u0142a rang\u0119 jubileuszu, kt\u00f3ry by\u0142 transmitowany m.in. przez TVP jako jedno z najwa\u017cniejszych wydarze\u0144 kulturalnych roku.<\/p>\n\n\n\n<figure class=\"wp-block-image size-full\"><img loading=\"lazy\" decoding=\"async\" width=\"566\" height=\"856\" src=\"https:\/\/swiat24.pl.ua\/wp-content\/uploads\/2025\/11\/image-41.png\" alt=\"\" class=\"wp-image-18445\" srcset=\"https:\/\/swiat24.pl.ua\/wp-content\/uploads\/2025\/11\/image-41.png 566w, https:\/\/swiat24.pl.ua\/wp-content\/uploads\/2025\/11\/image-41-198x300.png 198w\" sizes=\"auto, (max-width: 566px) 100vw, 566px\" \/><\/figure>\n\n\n\n<p>Kontekst jubileuszu<br>Jubileuszowa gala by\u0142a muzyczno-teatraln\u0105 podr\u00f3\u017c\u0105 przez dwie\u015bcie lat historii Teatru Wielkiego \u2013 w programie znalaz\u0142y si\u0119 fragmenty oper i balet\u00f3w od Moniuszki i Chopina po Verdiego, Bizeta, Mozarta, Pendereckiego i Kilara. Wiecz\u00f3r poprowadzili Gra\u017cyna Torbicka i Jakub J\u00f3zef Orli\u0144ski, a na scenie wyst\u0105pili wybitni soli\u015bci, orkiestra oraz Polski Balet Narodowy.<br><\/p>\n\n\n\n<p><\/p>\n","protected":false},"excerpt":{"rendered":"Na jubileuszowej gali 200-lecia Teatru Wielkiego \u2013 Opery Narodowej w Warszawie pojawi\u0142a si\u0119 \u015bmietanka polskiego \u015bwiata kultury i polityki, w tym para prezydencka \n<a class=\"moretag\" href=\"https:\/\/swiat24.pl.ua\/?p=18443\"> [...]<\/a>","protected":false},"author":1,"featured_media":18446,"comment_status":"open","ping_status":"open","sticky":false,"template":"","format":"standard","meta":{"footnotes":""},"categories":[1],"tags":[],"class_list":["post-18443","post","type-post","status-publish","format-standard","has-post-thumbnail","hentry","category-blog"],"_links":{"self":[{"href":"https:\/\/swiat24.pl.ua\/index.php?rest_route=\/wp\/v2\/posts\/18443","targetHints":{"allow":["GET"]}}],"collection":[{"href":"https:\/\/swiat24.pl.ua\/index.php?rest_route=\/wp\/v2\/posts"}],"about":[{"href":"https:\/\/swiat24.pl.ua\/index.php?rest_route=\/wp\/v2\/types\/post"}],"author":[{"embeddable":true,"href":"https:\/\/swiat24.pl.ua\/index.php?rest_route=\/wp\/v2\/users\/1"}],"replies":[{"embeddable":true,"href":"https:\/\/swiat24.pl.ua\/index.php?rest_route=%2Fwp%2Fv2%2Fcomments&post=18443"}],"version-history":[{"count":1,"href":"https:\/\/swiat24.pl.ua\/index.php?rest_route=\/wp\/v2\/posts\/18443\/revisions"}],"predecessor-version":[{"id":18447,"href":"https:\/\/swiat24.pl.ua\/index.php?rest_route=\/wp\/v2\/posts\/18443\/revisions\/18447"}],"wp:featuredmedia":[{"embeddable":true,"href":"https:\/\/swiat24.pl.ua\/index.php?rest_route=\/wp\/v2\/media\/18446"}],"wp:attachment":[{"href":"https:\/\/swiat24.pl.ua\/index.php?rest_route=%2Fwp%2Fv2%2Fmedia&parent=18443"}],"wp:term":[{"taxonomy":"category","embeddable":true,"href":"https:\/\/swiat24.pl.ua\/index.php?rest_route=%2Fwp%2Fv2%2Fcategories&post=18443"},{"taxonomy":"post_tag","embeddable":true,"href":"https:\/\/swiat24.pl.ua\/index.php?rest_route=%2Fwp%2Fv2%2Ftags&post=18443"}],"curies":[{"name":"wp","href":"https:\/\/api.w.org\/{rel}","templated":true}]}}