{"id":18394,"date":"2025-11-28T18:53:24","date_gmt":"2025-11-28T18:53:24","guid":{"rendered":"https:\/\/swiat24.pl.ua\/?p=18394"},"modified":"2025-11-28T18:53:24","modified_gmt":"2025-11-28T18:53:24","slug":"nie-zyje-beata-spelnil-sie-najczarniejszy-scenariusz","status":"publish","type":"post","link":"https:\/\/swiat24.pl.ua\/?p=18394","title":{"rendered":"Nie \u017cyje Beata. Spe\u0142ni\u0142 si\u0119 najczarniejszy scenariusz"},"content":{"rendered":"\n<p>Historia Beaty Jakielskiej poruszy\u0142a tysi\u0105ce os\u00f3b. Jej walka z agresywnym rakiem piersi, prowadzona z niezwyk\u0142\u0105 si\u0142\u0105, szczero\u015bci\u0105 i wra\u017cliwo\u015bci\u0105, inspirowa\u0142a i uczy\u0142a, jak kruche jest zdrowie i jak wa\u017cne jest, by \u201edocenia\u0107 ka\u017cdy dzie\u0144 i cieszy\u0107 si\u0119 z drobiazg\u00f3w\u201d.<\/p>\n\n\n\n<p>Beata Jakielska &#8211; od diagnozy do walki, kt\u00f3ra poruszy\u0142a tysi\u0105ce<br>Beata diagnoz\u0119 us\u0142ysza\u0142a w czerwcu 2023 roku &#8211; \u201ez\u0142o\u015bliwy nowotw\u00f3r piersi zwi\u0105zany z mutacj\u0105 BRCA1\u201d. To zdanie sta\u0142o si\u0119 pocz\u0105tkiem najtrudniejszej drogi w jej \u017cyciu.<\/p>\n\n\n\n<p>Przesz\u0142a amputacj\u0119 obu piersi i jajnik\u00f3w, d\u0142ug\u0105 rehabilitacj\u0119, chemioterapi\u0119 oraz leczenie hormonalne. Mimo ogromnego wysi\u0142ku leczenie przynios\u0142o kolejne bolesne informacje.<\/p>\n\n\n\n<p> Jak relacjonowa\u0142a rodzina, \u201ewyniki wskaza\u0142y znacz\u0105cy wzrost marker\u00f3w\u201d, a tomografia potwierdzi\u0142a przerzuty do kr\u0119gos\u0142upa, p\u0142uc, miednicy i w\u0119z\u0142\u00f3w ch\u0142onnych.<\/p>\n\n\n\n<p>Mimo tych dramatycznych wiadomo\u015bci Beata nie przestawa\u0142a walczy\u0107 &#8211; by\u0142a obecna online, wspiera\u0142a inne pacjentki i dzieli\u0142a si\u0119 swoj\u0105 codzienno\u015bci\u0105.<br><\/p>\n\n\n\n<p>Niezwyk\u0142y profil Beaty na instagramie<br>Beata prowadzi\u0142a na Instagramie profil, kt\u00f3ry \u015bledzi\u0142o ponad 14 tysi\u0119cy os\u00f3b. Nie upi\u0119ksza\u0142a rzeczywisto\u015bci &#8211; m\u00f3wi\u0142a o l\u0119ku, wyczerpaniu, nadziei i codziennym zmaganiu.<\/p>\n\n\n\n<p>Niestety czuj\u0119 si\u0119 coraz gorzej, mam coraz mniej si\u0142, m\u00f3j szpik szwankuje\u2026 Tak bardzo si\u0119 boj\u0119 &#8211; pisa\u0142a w jednym z ostatnich post\u00f3w.<\/p>\n\n\n\n<p>Ta szczero\u015b\u0107 nie by\u0142a s\u0142abo\u015bci\u0105. By\u0142a \u015bwiadectwem ogromnej odwagi. Wielu obserwator\u00f3w podkre\u015bla, \u017ce to w\u0142a\u015bnie dzi\u0119ki niej zacz\u0119li bada\u0107 piersi, rozmawia\u0107 o profilaktyce i nie lekcewa\u017cy\u0107 pierwszych objaw\u00f3w.\u00a0<br><\/p>\n\n\n\n<p>Rak piersi w Polsce<br>Beata zmar\u0142a 26 listopada, maj\u0105c zaledwie 31 lat. Jej historia jest jednym z wielu dramat\u00f3w, jakie rozgrywaj\u0105 si\u0119 w Polsce &#8211; ale zarazem jedn\u0105 z tych, kt\u00f3re mog\u0105 realnie zmienia\u0107 \u015bwiadomo\u015b\u0107 spo\u0142eczn\u0105.&nbsp;<\/p>\n\n\n\n<p>Rak piersi jest najcz\u0119\u015bciej diagnozowanym nowotworem u kobiet i odpowiada za oko\u0142o 25% zachorowa\u0144. Cho\u0107 mediana wieku wynosi 63 lata, a\u017c 19% przypadk\u00f3w dotyczy kobiet mi\u0119dzy 30. a 50. rokiem \u017cycia.<\/p>\n\n\n\n<p>Mutacje BRCA1 i BRCA2, takie jak ta, z kt\u00f3r\u0105 zmaga\u0142a si\u0119 Beata &#8211; odpowiadaj\u0105 za 5\u201310% zachorowa\u0144. W Polsce nawet 200 tys. os\u00f3b mo\u017ce by\u0107 ich nosicielami.\u00a0<br><\/p>\n\n\n\n<p><\/p>\n","protected":false},"excerpt":{"rendered":"Historia Beaty Jakielskiej poruszy\u0142a tysi\u0105ce os\u00f3b. Jej walka z agresywnym rakiem piersi, prowadzona z niezwyk\u0142\u0105 si\u0142\u0105, szczero\u015bci\u0105 i wra\u017cliwo\u015bci\u0105, inspirowa\u0142a i uczy\u0142a, jak \n<a class=\"moretag\" href=\"https:\/\/swiat24.pl.ua\/?p=18394\"> [...]<\/a>","protected":false},"author":1,"featured_media":18395,"comment_status":"open","ping_status":"open","sticky":false,"template":"","format":"standard","meta":{"footnotes":""},"categories":[1],"tags":[],"class_list":["post-18394","post","type-post","status-publish","format-standard","has-post-thumbnail","hentry","category-blog"],"_links":{"self":[{"href":"https:\/\/swiat24.pl.ua\/index.php?rest_route=\/wp\/v2\/posts\/18394","targetHints":{"allow":["GET"]}}],"collection":[{"href":"https:\/\/swiat24.pl.ua\/index.php?rest_route=\/wp\/v2\/posts"}],"about":[{"href":"https:\/\/swiat24.pl.ua\/index.php?rest_route=\/wp\/v2\/types\/post"}],"author":[{"embeddable":true,"href":"https:\/\/swiat24.pl.ua\/index.php?rest_route=\/wp\/v2\/users\/1"}],"replies":[{"embeddable":true,"href":"https:\/\/swiat24.pl.ua\/index.php?rest_route=%2Fwp%2Fv2%2Fcomments&post=18394"}],"version-history":[{"count":1,"href":"https:\/\/swiat24.pl.ua\/index.php?rest_route=\/wp\/v2\/posts\/18394\/revisions"}],"predecessor-version":[{"id":18396,"href":"https:\/\/swiat24.pl.ua\/index.php?rest_route=\/wp\/v2\/posts\/18394\/revisions\/18396"}],"wp:featuredmedia":[{"embeddable":true,"href":"https:\/\/swiat24.pl.ua\/index.php?rest_route=\/wp\/v2\/media\/18395"}],"wp:attachment":[{"href":"https:\/\/swiat24.pl.ua\/index.php?rest_route=%2Fwp%2Fv2%2Fmedia&parent=18394"}],"wp:term":[{"taxonomy":"category","embeddable":true,"href":"https:\/\/swiat24.pl.ua\/index.php?rest_route=%2Fwp%2Fv2%2Fcategories&post=18394"},{"taxonomy":"post_tag","embeddable":true,"href":"https:\/\/swiat24.pl.ua\/index.php?rest_route=%2Fwp%2Fv2%2Ftags&post=18394"}],"curies":[{"name":"wp","href":"https:\/\/api.w.org\/{rel}","templated":true}]}}