{"id":18344,"date":"2025-11-27T17:29:48","date_gmt":"2025-11-27T17:29:48","guid":{"rendered":"https:\/\/swiat24.pl.ua\/?p=18344"},"modified":"2025-11-27T17:29:48","modified_gmt":"2025-11-27T17:29:48","slug":"nie-zyje-jedna-z-najbogatszych-polek-barbara-komorowska-miala-77-lat","status":"publish","type":"post","link":"https:\/\/swiat24.pl.ua\/?p=18344","title":{"rendered":"Nie \u017cyje jedna z najbogatszych Polek. Barbara Komorowska mia\u0142a 77 lat"},"content":{"rendered":"\n<p>Barbara Komorowska, wsp\u00f3\u0142za\u0142o\u017cycielka firmy Bakoma oraz jedna z najbogatszych Polek, zmar\u0142a 28 pa\u017adziernika 2025 roku w wieku 77 lat. By\u0142a r\u00f3wnie\u017c \u017con\u0105 by\u0142ego pos\u0142a PSL, Zbigniewa Komorowskiego.<\/p>\n\n\n\n<h2 class=\"wp-block-heading\">Komorowska \u2013 sylwetka jednej z najbogatszych Polek<\/h2>\n\n\n\n<p>Posiadaj\u0105c wykszta\u0142cenie zdobyte w Szkole G\u0142\u00f3wnej Gospodarstwa Wiejskiego w Warszawie, Barbara Komorowska mia\u0142a znacz\u0105cy wk\u0142ad w przemys\u0142 mleczarski, b\u0119d\u0105c najwi\u0119kszym udzia\u0142owcem Bakomy. Prowadzi\u0142a r\u00f3wnie\u017c sie\u0107 Polskie M\u0142yny, firm\u0119 Bioagra-Oil oraz sp\u00f3\u0142k\u0119 Komagra. Warto\u015b\u0107 jej maj\u0105tku oszacowano na oko\u0142o 3 miliardy z\u0142otych<\/p>\n\n\n\n<figure class=\"wp-block-image\"><img decoding=\"async\" src=\"https:\/\/www.bystragrazyna.pl\/wp-content\/uploads\/2025\/10\/2041.jpg\" alt=\"\" class=\"wp-image-24049\"\/><\/figure>\n\n\n\n<h2 class=\"wp-block-heading\">Pogrzeb i ostatnie po\u017cegnanie<\/h2>\n\n\n\n<p>Uroczysto\u015b\u0107 pogrzebowa odb\u0119dzie si\u0119 3 listopada 2025 roku o godzinie 11:00 w ko\u015bciele Wniebowzi\u0119cia Naj\u015bwi\u0119tszej Maryi Panny w Szymanowie. Barbara Komorowska zostanie pochowana w rodzinnym grobie.<\/p>\n\n\n\n<h2 class=\"wp-block-heading\">Wsparcie lokalnej spo\u0142eczno\u015bci<\/h2>\n\n\n\n<p>Jeszcze przed \u015bmierci\u0105 Komorowska zajmowa\u0142a trzecie miejsce w rankingu 50 najbogatszych Polek publikowanym przez tygodnik \u201eWprost\u201d. Poza prowadzeniem biznesu, aktywnie dzia\u0142a\u0142a na rzecz rozwoju lokalnego regionu. By\u0142a \u017con\u0105 Zbigniewa Komorowskiego, Honorowego Obywatela Gminy Teresin oraz by\u0142ego senatora i pos\u0142a PSL.<\/p>\n\n\n\n<p>Za jej inicjatyw\u0105 powsta\u0142o pierwsze spo\u0142eczne liceum w Teresinie, kt\u00f3re funkcjonowa\u0142o cho\u0107 obecnie ju\u017c nie istnieje. By\u0142a tak\u017ce inicjatork\u0105 utworzenia pierwszego w gminie przedszkola spo\u0142ecznego.<\/p>\n\n\n\n<h2 class=\"wp-block-heading\">Inicjatywy edukacyjne i spo\u0142eczne Barbary Komorowskiej<\/h2>\n\n\n\n<p>Za\u0142o\u017cy\u0142a Szko\u0142\u0119 Spo\u0142eczn\u0105 i Spo\u0142eczne Przedszkole w Teresinie, kt\u00f3rych dzia\u0142alno\u015b\u0107 na trwa\u0142e wpisa\u0142a si\u0119 w lokaln\u0105 o\u015bwiat\u0119. Podczas czwartkowej sesji rady gminy Teresin odby\u0142a si\u0119 minuta ciszy ku jej pami\u0119ci. W\u00f3jt Marek Olechowski podkre\u015bli\u0142, \u017ce Barbara Komorowska by\u0142a osob\u0105 otwart\u0105, serdeczn\u0105 i hojnie wspieraj\u0105c\u0105 rozw\u00f3j gminy.<\/p>\n","protected":false},"excerpt":{"rendered":"Barbara Komorowska, wsp\u00f3\u0142za\u0142o\u017cycielka firmy Bakoma oraz jedna z najbogatszych Polek, zmar\u0142a 28 pa\u017adziernika 2025 roku w wieku 77 lat. By\u0142a r\u00f3wnie\u017c \u017con\u0105 by\u0142ego \n<a class=\"moretag\" href=\"https:\/\/swiat24.pl.ua\/?p=18344\"> [...]<\/a>","protected":false},"author":1,"featured_media":18345,"comment_status":"open","ping_status":"open","sticky":false,"template":"","format":"standard","meta":{"footnotes":""},"categories":[1],"tags":[],"class_list":["post-18344","post","type-post","status-publish","format-standard","has-post-thumbnail","hentry","category-blog"],"_links":{"self":[{"href":"https:\/\/swiat24.pl.ua\/index.php?rest_route=\/wp\/v2\/posts\/18344","targetHints":{"allow":["GET"]}}],"collection":[{"href":"https:\/\/swiat24.pl.ua\/index.php?rest_route=\/wp\/v2\/posts"}],"about":[{"href":"https:\/\/swiat24.pl.ua\/index.php?rest_route=\/wp\/v2\/types\/post"}],"author":[{"embeddable":true,"href":"https:\/\/swiat24.pl.ua\/index.php?rest_route=\/wp\/v2\/users\/1"}],"replies":[{"embeddable":true,"href":"https:\/\/swiat24.pl.ua\/index.php?rest_route=%2Fwp%2Fv2%2Fcomments&post=18344"}],"version-history":[{"count":1,"href":"https:\/\/swiat24.pl.ua\/index.php?rest_route=\/wp\/v2\/posts\/18344\/revisions"}],"predecessor-version":[{"id":18346,"href":"https:\/\/swiat24.pl.ua\/index.php?rest_route=\/wp\/v2\/posts\/18344\/revisions\/18346"}],"wp:featuredmedia":[{"embeddable":true,"href":"https:\/\/swiat24.pl.ua\/index.php?rest_route=\/wp\/v2\/media\/18345"}],"wp:attachment":[{"href":"https:\/\/swiat24.pl.ua\/index.php?rest_route=%2Fwp%2Fv2%2Fmedia&parent=18344"}],"wp:term":[{"taxonomy":"category","embeddable":true,"href":"https:\/\/swiat24.pl.ua\/index.php?rest_route=%2Fwp%2Fv2%2Fcategories&post=18344"},{"taxonomy":"post_tag","embeddable":true,"href":"https:\/\/swiat24.pl.ua\/index.php?rest_route=%2Fwp%2Fv2%2Ftags&post=18344"}],"curies":[{"name":"wp","href":"https:\/\/api.w.org\/{rel}","templated":true}]}}