{"id":18307,"date":"2025-11-27T15:27:35","date_gmt":"2025-11-27T15:27:35","guid":{"rendered":"https:\/\/swiat24.pl.ua\/?p=18307"},"modified":"2025-11-27T15:27:35","modified_gmt":"2025-11-27T15:27:35","slug":"tragedia-w-lidlu-nie-zyje-30-letni-pracownik","status":"publish","type":"post","link":"https:\/\/swiat24.pl.ua\/?p=18307","title":{"rendered":"Tragedia w Lidlu. Nie \u017cyje 30-letni pracownik"},"content":{"rendered":"\n<p>Tragedia, kt\u00f3ra rozegra\u0142a si\u0119 w jednym z centr\u00f3w dystrybucyjnych Lidla na Dolnym \u015al\u0105sku, wstrz\u0105sn\u0119\u0142a zar\u00f3wno lokaln\u0105 spo\u0142eczno\u015bci\u0105, jak i pracownikami sieci w ca\u0142ej Polsce.<\/p>\n\n\n\n<p> We wtorkowy wiecz\u00f3r dosz\u0142o tam do dramatycznego zdarzenia, po kt\u00f3rym s\u0142u\u017cby natychmiast wszcz\u0119\u0142y dzia\u0142ania, a prokuratura rozpocz\u0119\u0142a \u015bledztwo.<\/p>\n\n\n\n<p>\u015amiertelny wypadek w Dobroszycach<br>Do wypadku dosz\u0142o we wtorek, 25 listopada, w godzinach wieczornych w centrum dystrybucyjnym Lidla w Dobroszycach pod Ole\u015bnic\u0105. <\/p>\n\n\n\n<p>Jak wynika z ustale\u0144, 30-letni pracownik porusza\u0142 si\u0119 w\u00f3zkiem wid\u0142owym mi\u0119dzy dwiema cz\u0119\u015bciami magazynu, kiedy \u201euderzy\u0142 g\u0142ow\u0105 w otwieraj\u0105c\u0105 si\u0119 bram\u0119 oddzielaj\u0105c\u0105 strefy magazynowe\u201d. Obra\u017cenia okaza\u0142y si\u0119 natychmiast \u015bmiertelne.<\/p>\n\n\n\n<p>Na miejscu b\u0142yskawicznie pojawi\u0142y si\u0119 s\u0142u\u017cby &#8211; policja z Komendy Powiatowej w Ole\u015bnicy, pogotowie ratunkowe oraz prokurator. Mimo szybkiej reakcji \u017cycia m\u0119\u017cczyzny nie uda\u0142o si\u0119 uratowa\u0107.<\/p>\n\n\n\n<p>Obra\u017cenia by\u0142y tak powa\u017cne, \u017ce jego \u017cycia nie uda\u0142o si\u0119 uratowa\u0107 &#8211; przekazuj\u0105 osoby znaj\u0105ce spraw\u0119.<br><\/p>\n\n\n\n<p>Prokuratura bada okoliczno\u015bci<br>Jak ustali\u0142 \u201eFakt\u201d, w magazynie tu\u017c przed tragedi\u0105 mog\u0142o doj\u015b\u0107 do przerwy w dostawie pr\u0105du, co mog\u0142o wp\u0142yn\u0105\u0107 na op\u00f3\u017anienie otwierania si\u0119 bramy. To w\u0142a\u015bnie ta kwestia jest jednym z g\u0142\u00f3wnych punkt\u00f3w \u015bledztwa.<\/p>\n\n\n\n<p>Prokuratura Rejonowa w Ole\u015bnicy potwierdzi\u0142a prowadzenie post\u0119powania z art. 177 \u00a7 2 Kodeksu karnego, dotycz\u0105cego \u201enieumy\u015blnego spowodowania wypadku ze skutkiem \u015bmiertelnym\u201d. Rzeczniczka Prokuratury Okr\u0119gowej we Wroc\u0142awiu, prok. Karolina Stocka-Mycek, podkre\u015bli\u0142a, \u017ce \u015bledczy zbadaj\u0105 zar\u00f3wno mo\u017cliw\u0105 awari\u0119, jak i ewentualne nieprawid\u0142owo\u015bci w zakresie zasad bezpiecze\u0144stwa:<\/p>\n\n\n\n<p>Czy ta wersja, \u017ce nie by\u0142o przez chwil\u0119 pr\u0105du, jest prawdziwa i czy mog\u0142o to by\u0107 przyczyn\u0105 tragedii, czy to by\u0142 wypadek przy pracy, czy mo\u017ce naruszone zosta\u0142y zasady bezpiecze\u0144stwa &#8211; wyja\u015bni\u0142a w rozmowie z \u201eFaktem\u201d.<\/p>\n\n\n\n<p>Cia\u0142o zmar\u0142ego trafi\u0142o ju\u017c do Zak\u0142adu Medycyny S\u0105dowej we Wroc\u0142awiu, gdzie zostanie przeprowadzona sekcja.<br><\/p>\n\n\n\n<p>Stanowisko Lidla<br>W odpowiedzi przes\u0142anej do \u201eFaktu\u201d sie\u0107 Lidl Polska z\u0142o\u017cy\u0142a kondolencje i podkre\u015bli\u0142a, \u017ce najwa\u017cniejsze jest wsparcie rodziny zmar\u0142ego oraz pracownik\u00f3w. W o\u015bwiadczeniu czytamy:<\/p>\n\n\n\n<p>W pierwszej kolejno\u015bci pragniemy z\u0142o\u017cy\u0107 najszczersze kondolencje Rodzinie, Bliskim i Wsp\u00f3\u0142pracownikom zmar\u0142ego Pracownika. (\u2026) Naszym priorytetem jest obecnie otoczenie opiek\u0105 rodziny zmar\u0142ego oraz naszego zespo\u0142u.<\/p>\n\n\n\n<p>Firma zaznaczy\u0142a r\u00f3wnie\u017c, \u017ce ze wzgl\u0119du na trwaj\u0105ce post\u0119powanie i poszanowanie prywatno\u015bci nie podaje szczeg\u00f3\u0142\u00f3w. Jednocze\u015bnie zapewnia:<\/p>\n\n\n\n<p>Spraw\u0119 badaj\u0105 odpowiednie s\u0142u\u017cby, z kt\u00f3rymi \u015bci\u015ble wsp\u00f3\u0142pracujemy.<\/p>\n\n\n\n<p>W dalszej cz\u0119\u015bci komunikatu Lidl podkre\u015bla, \u017ce dba\u0142o\u015b\u0107 o bezpiecze\u0144stwo pracownik\u00f3w jest \u201enajwy\u017cszym priorytetem\u201d, wskazuj\u0105c na rozbudowany system szkole\u0144, instrukta\u017cy oraz stosowanie \u015brodk\u00f3w ochrony indywidualnej i regularne serwisowanie sprz\u0119tu.<\/p>\n\n\n\n<p>Lokalne \u017ar\u00f3d\u0142a potwierdzaj\u0105, \u017ce zmar\u0142y 30-latek by\u0142 do\u015bwiadczonym pracownikiem. Jego \u015bmier\u0107 to ogromny cios dla rodziny, wsp\u00f3\u0142pracownik\u00f3w oraz spo\u0142eczno\u015bci w Dobroszycach.<br><\/p>\n\n\n\n<p><\/p>\n","protected":false},"excerpt":{"rendered":"Tragedia, kt\u00f3ra rozegra\u0142a si\u0119 w jednym z centr\u00f3w dystrybucyjnych Lidla na Dolnym \u015al\u0105sku, wstrz\u0105sn\u0119\u0142a zar\u00f3wno lokaln\u0105 spo\u0142eczno\u015bci\u0105, jak i pracownikami sieci w ca\u0142ej \n<a class=\"moretag\" href=\"https:\/\/swiat24.pl.ua\/?p=18307\"> [...]<\/a>","protected":false},"author":1,"featured_media":18308,"comment_status":"open","ping_status":"open","sticky":false,"template":"","format":"standard","meta":{"footnotes":""},"categories":[1],"tags":[],"class_list":["post-18307","post","type-post","status-publish","format-standard","has-post-thumbnail","hentry","category-blog"],"_links":{"self":[{"href":"https:\/\/swiat24.pl.ua\/index.php?rest_route=\/wp\/v2\/posts\/18307","targetHints":{"allow":["GET"]}}],"collection":[{"href":"https:\/\/swiat24.pl.ua\/index.php?rest_route=\/wp\/v2\/posts"}],"about":[{"href":"https:\/\/swiat24.pl.ua\/index.php?rest_route=\/wp\/v2\/types\/post"}],"author":[{"embeddable":true,"href":"https:\/\/swiat24.pl.ua\/index.php?rest_route=\/wp\/v2\/users\/1"}],"replies":[{"embeddable":true,"href":"https:\/\/swiat24.pl.ua\/index.php?rest_route=%2Fwp%2Fv2%2Fcomments&post=18307"}],"version-history":[{"count":1,"href":"https:\/\/swiat24.pl.ua\/index.php?rest_route=\/wp\/v2\/posts\/18307\/revisions"}],"predecessor-version":[{"id":18309,"href":"https:\/\/swiat24.pl.ua\/index.php?rest_route=\/wp\/v2\/posts\/18307\/revisions\/18309"}],"wp:featuredmedia":[{"embeddable":true,"href":"https:\/\/swiat24.pl.ua\/index.php?rest_route=\/wp\/v2\/media\/18308"}],"wp:attachment":[{"href":"https:\/\/swiat24.pl.ua\/index.php?rest_route=%2Fwp%2Fv2%2Fmedia&parent=18307"}],"wp:term":[{"taxonomy":"category","embeddable":true,"href":"https:\/\/swiat24.pl.ua\/index.php?rest_route=%2Fwp%2Fv2%2Fcategories&post=18307"},{"taxonomy":"post_tag","embeddable":true,"href":"https:\/\/swiat24.pl.ua\/index.php?rest_route=%2Fwp%2Fv2%2Ftags&post=18307"}],"curies":[{"name":"wp","href":"https:\/\/api.w.org\/{rel}","templated":true}]}}