{"id":18296,"date":"2025-11-27T12:08:37","date_gmt":"2025-11-27T12:08:37","guid":{"rendered":"https:\/\/swiat24.pl.ua\/?p=18296"},"modified":"2025-11-27T12:08:37","modified_gmt":"2025-11-27T12:08:37","slug":"ta-zmiana-zaboli-kancelarie-prezydenta-wiadomo-jakie-plany-na-rzad-tuska","status":"publish","type":"post","link":"https:\/\/swiat24.pl.ua\/?p=18296","title":{"rendered":"Ta zmiana zaboli Kancelari\u0119 Prezydenta. Wiadomo, jakie plany na rz\u0105d Tuska"},"content":{"rendered":"\n<p>Euforia po czerwcowym zwyci\u0119stwie Karola Nawrockiego ust\u0105pi\u0142a miejsca finansowej kalkulacji. Koalicja rz\u0105dz\u0105ca, szukaj\u0105c oszcz\u0119dno\u015bci w napi\u0119tym bud\u017cecie pa\u0144stwa, skierowa\u0142a wzrok na Krakowskie Przedmie\u015bcie. <\/p>\n\n\n\n<p>Planowane ci\u0119cia wydatk\u00f3w na funkcjonowanie Kancelarii Prezydenta spotka\u0142y si\u0119 z ostrym komentarzem.<\/p>\n\n\n\n<p>Trudna wsp\u00f3\u0142praca Pa\u0142acu z rz\u0105dem<br>Jeszcze do niedawna bud\u017cet Kancelarii Prezydenta (KPRP) r\u00f3s\u0142 w tempie, kt\u00f3rego mog\u0142y pozazdro\u015bci\u0107 inne instytucje publiczne. <\/p>\n\n\n\n<p>W ostatnich latach urz\u0119dowania poprzedniej g\u0142owy pa\u0144stwa wydatki te regularnie puch\u0142y, co t\u0142umaczono rosn\u0105cymi kosztami obs\u0142ugi zagranicznych wizyt, konieczno\u015bci\u0105 modernizacji zabytkowych obiekt\u00f3w oraz inflacj\u0105, kt\u00f3ra nie oszcz\u0119dza\u0142a r\u00f3wnie\u017c administracji centralnej. Jednak zmiana warty w Pa\u0142acu Prezydenckim, do kt\u00f3rej dosz\u0142o w czerwcu 2025 roku, przynios\u0142a diametraln\u0105 zmian\u0119 optyki.<\/p>\n\n\n\n<p>Karol Nawrocki, kt\u00f3ry obj\u0105\u0142 urz\u0105d w atmosferze ostrego sporu z rz\u0105dem Donalda Tuska, musi przygotowa\u0107 si\u0119 na rzeczywisto\u015b\u0107, w kt\u00f3rej ka\u017cda z\u0142ot\u00f3wka b\u0119dzie ogl\u0105dana z dw\u00f3ch stron przed wydaniem. <\/p>\n\n\n\n<p>Decyzja o zmianach w bud\u017cecie KPRP nie jest wy\u0142\u0105cznie zabiegiem ksi\u0119gowym, ale posiada pot\u0119\u017cny \u0142adunek polityczny. W polskim systemie ustrojowym prezydent, cho\u0107 posiada silny mandat pochodz\u0105cy z wybor\u00f3w powszechnych, nie dysponuje w\u0142asn\u0105 inicjatyw\u0105 w zakresie tworzenia bud\u017cetu pa\u0144stwa, jest w tej kwestii zale\u017cny od projektu rz\u0105dowego i decyzji parlamentarnej wi\u0119kszo\u015bci. Obecna koalicja rz\u0105dz\u0105ca, maj\u0105c w pami\u0119ci lata, gdy Kancelaria by\u0142a bastionem opozycji wobec ich polityki, zamierza skorzysta\u0107 z tego narz\u0119dzia bez skrupu\u0142\u00f3w.<br><\/p>\n\n\n\n<figure class=\"wp-block-image size-full\"><img loading=\"lazy\" decoding=\"async\" width=\"903\" height=\"693\" src=\"https:\/\/swiat24.pl.ua\/wp-content\/uploads\/2025\/11\/image-34.png\" alt=\"\" class=\"wp-image-18297\" srcset=\"https:\/\/swiat24.pl.ua\/wp-content\/uploads\/2025\/11\/image-34.png 903w, https:\/\/swiat24.pl.ua\/wp-content\/uploads\/2025\/11\/image-34-300x230.png 300w, https:\/\/swiat24.pl.ua\/wp-content\/uploads\/2025\/11\/image-34-768x589.png 768w\" sizes=\"auto, (max-width: 903px) 100vw, 903px\" \/><\/figure>\n\n\n\n<p>Argumentacja jest prosta i no\u015bna spo\u0142ecznie: w czasach, gdy obywatele i przedsi\u0119biorcy wci\u0105\u017c odczuwaj\u0105 skutki spowolnienia gospodarczego, w\u0142adza, a w szczeg\u00f3lno\u015bci o\u015brodek prezydencki, musi da\u0107 przyk\u0142ad oszcz\u0119dno\u015bci. <\/p>\n\n\n\n<p>Dla nowej administracji prezydenckiej oznacza to konieczno\u015b\u0107 bolesnej rewizji plan\u00f3w. Kancelaria Prezydenta to nie tylko sam prezydent i jego najbli\u017csi doradcy, ale pot\u0119\u017cna machina urz\u0119dnicza, zatrudniaj\u0105ca setki os\u00f3b, odpowiedzialna za obs\u0142ug\u0119 prawn\u0105, administracyjn\u0105 oraz utrzymanie rezydencji g\u0142owy pa\u0144stwa.<\/p>\n\n\n\n<p> Zmiany bud\u017cetowe, o kt\u00f3rych donosz\u0105 media, mog\u0105 wp\u0142yn\u0105\u0107 na polityk\u0119 kadrow\u0105, co postawi przed Nawrockim wyzwanie w kwestii pozyskiwania wysokiej klasy ekspert\u00f3w, niezb\u0119dnych do merytorycznego recenzowania ustaw przesy\u0142anych przez rz\u0105d. To w\u0142a\u015bnie na tym polu, legislacyjnym i kadrowym, rozegra si\u0119 pierwsza bitwa tej kadencji.<br><\/p>\n\n\n\n<p>Sejm pracuje nad ustaw\u0105 bud\u017cetow\u0105<br>Analizuj\u0105c szczeg\u00f3\u0142y rz\u0105dowych plan\u00f3w, wida\u0107 wyra\u017anie, \u017ce nie chodzi tu o kosmetyczne korekty. Ustawa bud\u017cetowa, kt\u00f3ra lada moment trafi pod obrady Sejmu, zak\u0142ada ograniczenie finansowania Kancelarii, co wi\u0105\u017ce si\u0119 z konieczno\u015bci\u0105 dostosowania wydatk\u00f3w do obecnych reali\u00f3w. W praktyce oznacza to mniejsze mo\u017cliwo\u015bci swobodnego dysponowania prezydenckim bud\u017cetem. Rz\u0105d Donalda Tuska planuje ograniczy\u0107 wydatki Kancelarii, ale i innych podmiot\u00f3w, o znacz\u0105ce kwoty w stosunku do pierwotnych projekt\u00f3w.<\/p>\n\n\n\n<p>Komisja Finans\u00f3w Publicznych, ko\u0144cz\u0105c w czwartek prace nad sprawozdaniem do projektu ustawy bud\u017cetowej na 2026 rok, zarekomendowa\u0142a przyj\u0119cie jednej z 109 zg\u0142oszonych poprawek. To w\u0142a\u015bnie ona wprowadza szeroko zakrojone ci\u0119cia w finansowaniu szeregu instytucji pa\u0144stwowych. Redukcje dotkn\u0105 mi\u0119dzy innymi Kancelarii Prezydenta RP, kt\u00f3rej bud\u017cet ma zosta\u0107 obni\u017cony o 12,75 mln z\u0142, a tak\u017ce Kancelarii Sejmu i Kancelarii Senatu, odpowiednio o 16,6 mln z\u0142 i 28,2 mln z\u0142. Powa\u017cne ograniczenia przewidziano te\u017c w wydatkach s\u0105downictwa i organ\u00f3w kontrolnych: S\u0105d Najwy\u017cszy ma straci\u0107 30 mln z\u0142, Naczelny S\u0105d Administracyjny 15,7 mln z\u0142, a Najwy\u017csza Izba Kontroli, a\u017c 89,7 mln z\u0142.<br><\/p>\n\n\n\n<figure class=\"wp-block-image size-full\"><img loading=\"lazy\" decoding=\"async\" width=\"903\" height=\"631\" src=\"https:\/\/swiat24.pl.ua\/wp-content\/uploads\/2025\/11\/image-35.png\" alt=\"\" class=\"wp-image-18298\" srcset=\"https:\/\/swiat24.pl.ua\/wp-content\/uploads\/2025\/11\/image-35.png 903w, https:\/\/swiat24.pl.ua\/wp-content\/uploads\/2025\/11\/image-35-300x210.png 300w, https:\/\/swiat24.pl.ua\/wp-content\/uploads\/2025\/11\/image-35-768x537.png 768w, https:\/\/swiat24.pl.ua\/wp-content\/uploads\/2025\/11\/image-35-120x85.png 120w\" sizes=\"auto, (max-width: 903px) 100vw, 903px\" \/><\/figure>\n\n\n\n<p>Zmniejszone maj\u0105 zosta\u0107 r\u00f3wnie\u017c \u015brodki dla Rzecznika Praw Obywatelskich (\u20137,8 mln z\u0142), Krajowej Rady Radiofonii i Telewizji (\u201310 mln z\u0142), Pa\u0144stwowej Inspekcji Pracy (\u2013105 mln z\u0142), Instytutu Pami\u0119ci Narodowej (\u201382,5 mln z\u0142) oraz Ministerstwa Sprawiedliwo\u015bci, kt\u00f3rego bud\u017cet ma zosta\u0107 obci\u0119ty o 165 mln z\u0142.<\/p>\n\n\n\n<p>\u0141\u0105cznie proponowane redukcje pozwol\u0105 zaoszcz\u0119dzi\u0107 blisko 569,6 mln z\u0142. Zgodnie z projektem \u015brodki te maj\u0105 zosta\u0107 przesuni\u0119te na wybrane obszary uznane za priorytetowe. Najwi\u0119kszy wzrost finansowania, o 280 mln z\u0142, otrzyma sektor szkolnictwa wy\u017cszego i nauki. Znacz\u0105co wzmocnione maj\u0105 zosta\u0107 tak\u017ce s\u0142u\u017cby specjalne: Agencja Bezpiecze\u0144stwa Wewn\u0119trznego (+165,2 mln z\u0142) oraz Agencja Wywiadu (+55 mln z\u0142). Projekt przewiduje r\u00f3wnie\u017c utworzenie nowej rezerwy celowej dla Narodowego Instytutu Wolno\u015bci (40 mln z\u0142) oraz zwi\u0119kszenie \u015brodk\u00f3w na promocj\u0119 turystyki w Polsce wschodniej (10 mln z\u0142).<\/p>\n\n\n\n<p>Po zako\u0144czeniu prac w komisji projekt ustawy bud\u017cetowej trafi teraz do drugiego czytania podczas posiedzenia plenarnego Sejmu. Nie ka\u017cdemu podobaj\u0105 si\u0119 wprowadzane poprawki.<br><\/p>\n\n\n\n<p>Decyzje rz\u0105du w ogniu krytyki<br>Planowane ci\u0119cia w bud\u017cecie Kancelarii Prezydenta wywo\u0142a\u0142y gwa\u0142towne reakcje ze strony obozu prezydenckiego oraz polityk\u00f3w zwi\u0105zanych z poprzedni\u0105 w\u0142adz\u0105. W rozmowie z \u201cFaktem\u201d Beata Kempa, by\u0142a europos\u0142anka PiS, a obecnie doradczyni prezydenta Karola Nawrockiego, ostro skrytykowa\u0142a propozycje rz\u0105du. Jej zdaniem dzia\u0142ania gabinetu Donalda Tuska cechuj\u0105 si\u0119 \u201dbrakiem klasy i ma\u0142ostkowo\u015bci\u0105\u201d, a polityka obecnej koalicji ma przypomina\u0107 &#8220;z\u0142o\u015bliwo\u015b\u0107 zgorzknia\u0142ego cz\u0142owieczka, godn\u0105 po\u017ca\u0142owania\u201d. Kempa odwo\u0142a\u0142a si\u0119 r\u00f3wnie\u017c do sytuacji z powodzi\u0105.<\/p>\n\n\n\n<p>Gdy by\u0142a pow\u00f3d\u017a, pan prezydent Andrzej Duda natychmiast przekaza\u0142 3 mln z\u0142 z bud\u017cetu na pomoc powodzianom, o kt\u00f3rych z reszt\u0105 zobowi\u0105zany do tego rz\u0105d w wielu miejscach zapomnia\u0142, co odnotowujemy w korespondencji.<\/p>\n\n\n\n<p>W wypowiedziach doradczyni pojawi\u0142 si\u0119 tak\u017ce w\u0105tek rzekomych wypowiedzi niemieckich polityk\u00f3w dotycz\u0105cych \u201czag\u0142odzenia Polak\u00f3w\u201d. Kempa twierdzi, \u017ce obecne w\u0142adze dzia\u0142aj\u0105 w duchu takiej retoryki, stosuj\u0105c finansowe ograniczenia wobec organ\u00f3w o charakterze konstytucyjnym. Warto jednak zaznaczy\u0107, \u017ce przywo\u0142ywane przez ni\u0105 sformu\u0142owanie zosta\u0142o w przesz\u0142o\u015bci wypaczone: w 2020 roku Katarina Barley m\u00f3wi\u0142a o mo\u017cliwo\u015bci \u201dfinansowego zag\u0142odzenia\u201d pa\u0144stw \u0142ami\u0105cych praworz\u0105dno\u015b\u0107, w znaczeniu ograniczenia \u015brodk\u00f3w unijnych. W Polsce zosta\u0142o to b\u0142\u0119dnie zinterpretowane jako dos\u0142owna gro\u017aba wymierzona w obywateli.<\/p>\n\n\n\n<p>Debata wok\u00f3\u0142 planowanych ci\u0119\u0107 nabiera wi\u0119c nie tylko wymiaru ekonomicznego, lecz tak\u017ce silnie emocjonalnego i symbolicznego. Z jednej strony rz\u0105d argumentuje konieczno\u015b\u0107 racjonalizacji wydatk\u00f3w, z drugiej za\u015b politycy zwi\u0105zani z Pa\u0142acem Prezydenckim postrzegaj\u0105 dzia\u0142ania koalicji jako pr\u00f3b\u0119 os\u0142abienia urz\u0119du g\u0142owy pa\u0144stwa. Konflikt o bud\u017cet staje si\u0119 tym samym kolejnym polem szerszej walki o interpretacj\u0119 roli instytucji pa\u0144stwowych i legitymizacj\u0119 ich dzia\u0142a\u0144.<br><\/p>\n","protected":false},"excerpt":{"rendered":"Euforia po czerwcowym zwyci\u0119stwie Karola Nawrockiego ust\u0105pi\u0142a miejsca finansowej kalkulacji. Koalicja rz\u0105dz\u0105ca, szukaj\u0105c oszcz\u0119dno\u015bci w napi\u0119tym bud\u017cecie pa\u0144stwa, skierowa\u0142a wzrok na Krakowskie Przedmie\u015bcie. \n<a class=\"moretag\" href=\"https:\/\/swiat24.pl.ua\/?p=18296\"> [...]<\/a>","protected":false},"author":1,"featured_media":18299,"comment_status":"open","ping_status":"open","sticky":false,"template":"","format":"standard","meta":{"footnotes":""},"categories":[1],"tags":[],"class_list":["post-18296","post","type-post","status-publish","format-standard","has-post-thumbnail","hentry","category-blog"],"_links":{"self":[{"href":"https:\/\/swiat24.pl.ua\/index.php?rest_route=\/wp\/v2\/posts\/18296","targetHints":{"allow":["GET"]}}],"collection":[{"href":"https:\/\/swiat24.pl.ua\/index.php?rest_route=\/wp\/v2\/posts"}],"about":[{"href":"https:\/\/swiat24.pl.ua\/index.php?rest_route=\/wp\/v2\/types\/post"}],"author":[{"embeddable":true,"href":"https:\/\/swiat24.pl.ua\/index.php?rest_route=\/wp\/v2\/users\/1"}],"replies":[{"embeddable":true,"href":"https:\/\/swiat24.pl.ua\/index.php?rest_route=%2Fwp%2Fv2%2Fcomments&post=18296"}],"version-history":[{"count":1,"href":"https:\/\/swiat24.pl.ua\/index.php?rest_route=\/wp\/v2\/posts\/18296\/revisions"}],"predecessor-version":[{"id":18300,"href":"https:\/\/swiat24.pl.ua\/index.php?rest_route=\/wp\/v2\/posts\/18296\/revisions\/18300"}],"wp:featuredmedia":[{"embeddable":true,"href":"https:\/\/swiat24.pl.ua\/index.php?rest_route=\/wp\/v2\/media\/18299"}],"wp:attachment":[{"href":"https:\/\/swiat24.pl.ua\/index.php?rest_route=%2Fwp%2Fv2%2Fmedia&parent=18296"}],"wp:term":[{"taxonomy":"category","embeddable":true,"href":"https:\/\/swiat24.pl.ua\/index.php?rest_route=%2Fwp%2Fv2%2Fcategories&post=18296"},{"taxonomy":"post_tag","embeddable":true,"href":"https:\/\/swiat24.pl.ua\/index.php?rest_route=%2Fwp%2Fv2%2Ftags&post=18296"}],"curies":[{"name":"wp","href":"https:\/\/api.w.org\/{rel}","templated":true}]}}