{"id":18291,"date":"2025-11-27T11:05:37","date_gmt":"2025-11-27T11:05:37","guid":{"rendered":"https:\/\/swiat24.pl.ua\/?p=18291"},"modified":"2025-11-27T11:05:37","modified_gmt":"2025-11-27T11:05:37","slug":"joe-biden-ze-lzami-w-oczach-oglasza-smutna-nowine","status":"publish","type":"post","link":"https:\/\/swiat24.pl.ua\/?p=18291","title":{"rendered":"Joe Biden ze \u0142zami w oczach og\u0142asza smutn\u0105 nowin\u0119"},"content":{"rendered":"\n<p>24 lipca 2024 roku prezydent Joe Biden zwr\u00f3ci\u0142 si\u0119 do narodu z Gabinetu Owalnego, g\u0142osem pe\u0142nym emocji i oczami b\u0142yszcz\u0105cymi \u0142zami, og\u0142aszaj\u0105c wycofanie si\u0119 z wy\u015bcigu prezydenckiego w 2024 roku. <\/p>\n\n\n\n<p>Ta nieoczekiwana decyzja zapad\u0142a po miesi\u0105cach narastaj\u0105cych obaw dotycz\u0105cych jego wieku i stanu zdrowia.<\/p>\n\n\n\n<p>kt\u00f3re nasili\u0142o si\u0119 po trudnej debacie pod koniec czerwca. W swoim pe\u0142nym emocji przem\u00f3wieniu Biden podkre\u015bli\u0142, \u017ce jego wyb\u00f3r zosta\u0142 dokonany w najlepszym interesie kraju i Partii Demokratycznej, stwierdzaj\u0105c: \u201eObrona demokracji jest wa\u017cniejsza ni\u017c jakikolwiek tytu\u0142\u201d.<\/p>\n\n\n\n<p>W otoczeniu rodziny \u2013 Pierwszej Damy Jill Biden, dzieci i wnuk\u00f3w \u2013 prezydent wspomina\u0142 swoj\u0105 drog\u0119 od skromnych pocz\u0105tk\u00f3w w Scranton w Pensylwanii do najwy\u017cszego urz\u0119du w kraju. Powiedzia\u0142:<\/p>\n\n\n\n<p>\u201eNigdzie indziej na \u015bwiecie dziecko z j\u0105kaniem, wywodz\u0105ce si\u0119 z skromnych pocz\u0105tk\u00f3w\u2026 nie mog\u0142oby pewnego dnia zasi\u0105\u015b\u0107 za biurkiem Resolute w Gabinecie Owalnym jako prezydent Stan\u00f3w Zjednoczonych\u201d. Ta wzruszaj\u0105ca chwila uwypukli\u0142a g\u0142\u0119bok\u0105, osobist\u0105 wi\u0119\u017a, jak\u0105 Biden czu\u0142 ze swoj\u0105 rol\u0105 i wag\u0119 decyzji, kt\u00f3r\u0105 podejmowa\u0142. CZYTAJ WI\u0118CEJ PONI\u017bEJ<\/p>\n","protected":false},"excerpt":{"rendered":"24 lipca 2024 roku prezydent Joe Biden zwr\u00f3ci\u0142 si\u0119 do narodu z Gabinetu Owalnego, g\u0142osem pe\u0142nym emocji i oczami b\u0142yszcz\u0105cymi \u0142zami, og\u0142aszaj\u0105c wycofanie \n<a class=\"moretag\" href=\"https:\/\/swiat24.pl.ua\/?p=18291\"> [...]<\/a>","protected":false},"author":1,"featured_media":18292,"comment_status":"open","ping_status":"open","sticky":false,"template":"","format":"standard","meta":{"footnotes":""},"categories":[1],"tags":[],"class_list":["post-18291","post","type-post","status-publish","format-standard","has-post-thumbnail","hentry","category-blog"],"_links":{"self":[{"href":"https:\/\/swiat24.pl.ua\/index.php?rest_route=\/wp\/v2\/posts\/18291","targetHints":{"allow":["GET"]}}],"collection":[{"href":"https:\/\/swiat24.pl.ua\/index.php?rest_route=\/wp\/v2\/posts"}],"about":[{"href":"https:\/\/swiat24.pl.ua\/index.php?rest_route=\/wp\/v2\/types\/post"}],"author":[{"embeddable":true,"href":"https:\/\/swiat24.pl.ua\/index.php?rest_route=\/wp\/v2\/users\/1"}],"replies":[{"embeddable":true,"href":"https:\/\/swiat24.pl.ua\/index.php?rest_route=%2Fwp%2Fv2%2Fcomments&post=18291"}],"version-history":[{"count":1,"href":"https:\/\/swiat24.pl.ua\/index.php?rest_route=\/wp\/v2\/posts\/18291\/revisions"}],"predecessor-version":[{"id":18293,"href":"https:\/\/swiat24.pl.ua\/index.php?rest_route=\/wp\/v2\/posts\/18291\/revisions\/18293"}],"wp:featuredmedia":[{"embeddable":true,"href":"https:\/\/swiat24.pl.ua\/index.php?rest_route=\/wp\/v2\/media\/18292"}],"wp:attachment":[{"href":"https:\/\/swiat24.pl.ua\/index.php?rest_route=%2Fwp%2Fv2%2Fmedia&parent=18291"}],"wp:term":[{"taxonomy":"category","embeddable":true,"href":"https:\/\/swiat24.pl.ua\/index.php?rest_route=%2Fwp%2Fv2%2Fcategories&post=18291"},{"taxonomy":"post_tag","embeddable":true,"href":"https:\/\/swiat24.pl.ua\/index.php?rest_route=%2Fwp%2Fv2%2Ftags&post=18291"}],"curies":[{"name":"wp","href":"https:\/\/api.w.org\/{rel}","templated":true}]}}