{"id":18252,"date":"2025-11-26T13:57:42","date_gmt":"2025-11-26T13:57:42","guid":{"rendered":"https:\/\/swiat24.pl.ua\/?p=18252"},"modified":"2025-11-26T13:57:42","modified_gmt":"2025-11-26T13:57:42","slug":"nie-zyje-aktor-znany-z-barw-szczescia-na-wspolnej-czy-prawa-agaty","status":"publish","type":"post","link":"https:\/\/swiat24.pl.ua\/?p=18252","title":{"rendered":"Nie \u017cyje aktor znany z \u201cBarw szcz\u0119\u015bcia\u201d, \u201cNa Wsp\u00f3lnej\u201d czy \u201cPrawa Agaty\u201d"},"content":{"rendered":"\n<p>Zmar\u0142 znany aktor. Zas\u0142yn\u0105\u0142 m.in. z serialu TVP, \u201cBarwy szcz\u0119\u015bcia\u201d. Artysta mia\u0142 73 lata, a informacj\u0119 o jego \u015bmierci potwierdzi\u0142a agencja aktorska \u201cSkene\u201d, z kt\u00f3r\u0105 by\u0142 zwi\u0105zany. <\/p>\n\n\n\n<p>W komunikacie przekazanym do wiadomo\u015bci publicznej mo\u017cemy przeczyta\u0107, \u017ce by\u0142 wyj\u0105tkow\u0105 osob\u0105. Fani kojarz\u0105 go z licznych produkcji, w kt\u00f3rych zagra\u0142 \u2013 w tym tak\u017ce z \u201cBarw szcz\u0119\u015bcia\u201d. Pogr\u0105\u017ceni w b\u00f3lu bliscy \u017cegnaj\u0105 artyst\u0119. Ze wszystkich stron nap\u0142ywaj\u0105 wyrazy wsp\u00f3\u0142czucia i s\u0142owa wsparcia.\u00a0<\/p>\n\n\n\n<p>Nie \u017cyje aktor znany z \u201cBarw szcz\u0119\u015bcia\u201d<br>Zmar\u0142y w\u0142a\u015bnie aktor urodzi\u0142 si\u0119 w 1950 roku w \u0141odzi. W latach 70. uko\u0144czy\u0142 Wydzia\u0142 Aktorski PWSFTiT w tym samym mie\u015bcie. Zadebiutowa\u0142 przed kamer\u0105 jako Kazimierz III Wielki w serialu \u201cZnak or\u0142a\u201d.&nbsp;<\/p>\n\n\n\n<p>Widzowie kojarz\u0105 go z wielu produkcji, w kt\u00f3rych wyst\u0105pi\u0142, w tym m.in. serialu \u201cBarwy szcz\u0119\u015bcia\u201d emitowanego przez telewizj\u0119 publiczn\u0105. Artysta zagra\u0142 r\u00f3wnie\u017c w \u201cVinci\u201d, \u201cEgo\u201d, \u201cOdwyk\u201d, \u201cPrawo Agaty\u201d, \u201cSmole\u0144sk\u201d, \u201cNa Wsp\u00f3lnej\u201d czy nominowanej do Oscara \u201cSukience\u201d.&nbsp;<\/p>\n\n\n\n<p>Nie \u017cyje Andrzej Glazer<br>\u201cZ przykro\u015bci\u0105 \u017cegnamy bliskiego nam, wyj\u0105tkowego aktora Andrzeja Glazera\u201d, napisa\u0142a na Facebooku Agencja Aktorka \u201cSkene\u201d. Fani aktora \u015bl\u0105 kondolencje i s\u0142owa otuchy do pogr\u0105\u017conej w rozpaczy rodziny i bliskich. Na ten moment nie wiadomo, co by\u0142o przyczyn\u0105 \u015bmierci artysty, ale nie mo\u017cna wykluczy\u0107, \u017ce by\u0142y to powody naturalne.&nbsp;<\/p>\n\n\n\n<p>Do rodziny ze wszystkich stron p\u0142yn\u0105 kondolencje<br>Prywatnie aktor by\u0142 ojcem Kamili P\u015bciuk, scenografki i kostiumografki w bran\u017cy rozrywkowej. To w\u0142a\u015bnie do niej nap\u0142ywa teraz nawi\u0119cej s\u0142\u00f3w wsp\u00f3\u0142czucia od zrozpaczonych fan\u00f3w. My r\u00f3wnie\u017c bliskim Andrzeja Glazera sk\u0142adamy kondolencje i najszczersze wyrazy wsp\u00f3\u0142czucia.<\/p>\n","protected":false},"excerpt":{"rendered":"Zmar\u0142 znany aktor. Zas\u0142yn\u0105\u0142 m.in. z serialu TVP, \u201cBarwy szcz\u0119\u015bcia\u201d. Artysta mia\u0142 73 lata, a informacj\u0119 o jego \u015bmierci potwierdzi\u0142a agencja aktorska \u201cSkene\u201d, \n<a class=\"moretag\" href=\"https:\/\/swiat24.pl.ua\/?p=18252\"> [...]<\/a>","protected":false},"author":1,"featured_media":18253,"comment_status":"open","ping_status":"open","sticky":false,"template":"","format":"standard","meta":{"footnotes":""},"categories":[1],"tags":[],"class_list":["post-18252","post","type-post","status-publish","format-standard","has-post-thumbnail","hentry","category-blog"],"_links":{"self":[{"href":"https:\/\/swiat24.pl.ua\/index.php?rest_route=\/wp\/v2\/posts\/18252","targetHints":{"allow":["GET"]}}],"collection":[{"href":"https:\/\/swiat24.pl.ua\/index.php?rest_route=\/wp\/v2\/posts"}],"about":[{"href":"https:\/\/swiat24.pl.ua\/index.php?rest_route=\/wp\/v2\/types\/post"}],"author":[{"embeddable":true,"href":"https:\/\/swiat24.pl.ua\/index.php?rest_route=\/wp\/v2\/users\/1"}],"replies":[{"embeddable":true,"href":"https:\/\/swiat24.pl.ua\/index.php?rest_route=%2Fwp%2Fv2%2Fcomments&post=18252"}],"version-history":[{"count":1,"href":"https:\/\/swiat24.pl.ua\/index.php?rest_route=\/wp\/v2\/posts\/18252\/revisions"}],"predecessor-version":[{"id":18254,"href":"https:\/\/swiat24.pl.ua\/index.php?rest_route=\/wp\/v2\/posts\/18252\/revisions\/18254"}],"wp:featuredmedia":[{"embeddable":true,"href":"https:\/\/swiat24.pl.ua\/index.php?rest_route=\/wp\/v2\/media\/18253"}],"wp:attachment":[{"href":"https:\/\/swiat24.pl.ua\/index.php?rest_route=%2Fwp%2Fv2%2Fmedia&parent=18252"}],"wp:term":[{"taxonomy":"category","embeddable":true,"href":"https:\/\/swiat24.pl.ua\/index.php?rest_route=%2Fwp%2Fv2%2Fcategories&post=18252"},{"taxonomy":"post_tag","embeddable":true,"href":"https:\/\/swiat24.pl.ua\/index.php?rest_route=%2Fwp%2Fv2%2Ftags&post=18252"}],"curies":[{"name":"wp","href":"https:\/\/api.w.org\/{rel}","templated":true}]}}