{"id":18176,"date":"2025-11-25T12:16:05","date_gmt":"2025-11-25T12:16:05","guid":{"rendered":"https:\/\/swiat24.pl.ua\/?p=18176"},"modified":"2025-11-25T12:16:05","modified_gmt":"2025-11-25T12:16:05","slug":"nie-zyje-andrzej-maciejewski","status":"publish","type":"post","link":"https:\/\/swiat24.pl.ua\/?p=18176","title":{"rendered":"Nie \u017cyje Andrzej Maciejewski"},"content":{"rendered":"\n<p>W poniedzia\u0142ek 24 listopada Polski Zwi\u0105zek Karate Tradycyjnego przekaza\u0142 bardzo smutn\u0105 wiadomo\u015b\u0107.<\/p>\n\n\n\n<p>W wieku 61 lat zmar\u0142 Andrzej Maciejewski.<\/p>\n\n\n\n<p>By\u0142 utytu\u0142owanym zawodnikiem, trenerem kadry narodowej i wieloletnim dzia\u0142aczem.<\/p>\n\n\n\n<p>Dla os\u00f3b interesuj\u0105cych si\u0119 karate w Polsce by\u0142 postaci\u0105 doskonale znan\u0105.<\/p>\n\n\n\n<p>To w\u0142a\u015bnie Maciejewski nale\u017ca\u0142 do prekursor\u00f3w tego sportu w naszym kraju.<\/p>\n\n\n\n<p>Jego wk\u0142ad w rozw\u00f3j karate jest nie do przecenienia.<\/p>\n\n\n\n<p>By\u0142 wielokrotnym mistrzem Polski.<\/p>\n\n\n\n<p>W 1992 roku zdoby\u0142 dru\u017cynowe mistrzostwo \u015bwiata.<\/p>\n\n\n\n<p>To w\u0142a\u015bnie jego sukcesy przyczyni\u0142y si\u0119 do rozkwitu karate tradycyjnego w Polsce.<\/p>\n\n\n\n<p>Na pocz\u0105tku nowego stulecia wspiera\u0142 budow\u0119 silnego Lubelskiego Zwi\u0105zku Karate Tradycyjnego.<\/p>\n\n\n\n<p>Maciejewski by\u0142 nie tylko wybitnym zawodnikiem.<\/p>\n\n\n\n<p>By\u0142 te\u017c cenionym trenerem i wychowawc\u0105 wielu pokole\u0144 karatek\u00f3w.<\/p>\n\n\n\n<p>Mia\u0142 okazj\u0119 prowadzi\u0107 reprezentacj\u0119 narodow\u0105.<\/p>\n\n\n\n<p>Dla wielu os\u00f3b by\u0142 mentorem, przewodnikiem i inspiracj\u0105.<\/p>\n\n\n\n<p>24 listopada Zwi\u0105zek poinformowa\u0142 oficjalnie o jego \u015bmierci.<\/p>\n\n\n\n<p>W mediach spo\u0142eczno\u015bciowych opublikowano poruszaj\u0105cy wpis.<\/p>\n\n\n\n<p>Podkre\u015blono w nim, \u017ce Maciejewski na zawsze pozostanie symbolem oddania karate.<\/p>\n\n\n\n<p>Przypomniano jego tytu\u0142 mistrza \u015bwiata z Montrealu z 1992 roku.<\/p>\n\n\n\n<p>Nazwano go koleg\u0105 z maty, mentorem i przyjacielem.<\/p>\n\n\n\n<p>Wskazano, \u017ce swoj\u0105 pasj\u0105 i energi\u0105 potrafi\u0142 zara\u017ca\u0107 innych.<\/p>\n\n\n\n<p>W kolejnym komunikacie zaznaczono, \u017ce ca\u0142e \u017cycie po\u015bwi\u0119ci\u0142 karate.<\/p>\n\n\n\n<p>By\u0142 liderem, nauczycielem i cz\u0142owiekiem, kt\u00f3ry troszczy\u0142 si\u0119 o spo\u0142eczno\u015b\u0107 tego sportu.<\/p>\n\n\n\n<p>Zarz\u0105d oraz cz\u0142onkowie PZKT z\u0142o\u017cyli rodzinie wyrazy wsp\u00f3\u0142czucia.<\/p>\n\n\n\n<p>Maciejewski pochodzi\u0142 z Bi\u0142goraju.<\/p>\n\n\n\n<p>Zmar\u0142 w Lublinie.<\/p>\n\n\n\n<p>Od 2004 roku pe\u0142ni\u0142 funkcj\u0119 wiceprezesa Zwi\u0105zku.<\/p>\n\n\n\n<p>W latach 2019\u20132024 by\u0142 jego prezesem.<\/p>\n\n\n\n<p>Pe\u0142ni\u0142 te\u017c funkcj\u0119 wiceprezesa ds. Europy w World Traditional Karate-Do Federation.<\/p>\n\n\n\n<p>Je\u015bli chcesz, mog\u0119 przygotowa\u0107 kolejny tekst w tym samym formacie.<\/p>\n","protected":false},"excerpt":{"rendered":"W poniedzia\u0142ek 24 listopada Polski Zwi\u0105zek Karate Tradycyjnego przekaza\u0142 bardzo smutn\u0105 wiadomo\u015b\u0107. W wieku 61 lat zmar\u0142 Andrzej Maciejewski. By\u0142 utytu\u0142owanym zawodnikiem, trenerem \n<a class=\"moretag\" href=\"https:\/\/swiat24.pl.ua\/?p=18176\"> [...]<\/a>","protected":false},"author":1,"featured_media":18177,"comment_status":"open","ping_status":"open","sticky":false,"template":"","format":"standard","meta":{"footnotes":""},"categories":[1],"tags":[],"class_list":["post-18176","post","type-post","status-publish","format-standard","has-post-thumbnail","hentry","category-blog"],"_links":{"self":[{"href":"https:\/\/swiat24.pl.ua\/index.php?rest_route=\/wp\/v2\/posts\/18176","targetHints":{"allow":["GET"]}}],"collection":[{"href":"https:\/\/swiat24.pl.ua\/index.php?rest_route=\/wp\/v2\/posts"}],"about":[{"href":"https:\/\/swiat24.pl.ua\/index.php?rest_route=\/wp\/v2\/types\/post"}],"author":[{"embeddable":true,"href":"https:\/\/swiat24.pl.ua\/index.php?rest_route=\/wp\/v2\/users\/1"}],"replies":[{"embeddable":true,"href":"https:\/\/swiat24.pl.ua\/index.php?rest_route=%2Fwp%2Fv2%2Fcomments&post=18176"}],"version-history":[{"count":1,"href":"https:\/\/swiat24.pl.ua\/index.php?rest_route=\/wp\/v2\/posts\/18176\/revisions"}],"predecessor-version":[{"id":18178,"href":"https:\/\/swiat24.pl.ua\/index.php?rest_route=\/wp\/v2\/posts\/18176\/revisions\/18178"}],"wp:featuredmedia":[{"embeddable":true,"href":"https:\/\/swiat24.pl.ua\/index.php?rest_route=\/wp\/v2\/media\/18177"}],"wp:attachment":[{"href":"https:\/\/swiat24.pl.ua\/index.php?rest_route=%2Fwp%2Fv2%2Fmedia&parent=18176"}],"wp:term":[{"taxonomy":"category","embeddable":true,"href":"https:\/\/swiat24.pl.ua\/index.php?rest_route=%2Fwp%2Fv2%2Fcategories&post=18176"},{"taxonomy":"post_tag","embeddable":true,"href":"https:\/\/swiat24.pl.ua\/index.php?rest_route=%2Fwp%2Fv2%2Ftags&post=18176"}],"curies":[{"name":"wp","href":"https:\/\/api.w.org\/{rel}","templated":true}]}}