{"id":18156,"date":"2025-11-24T15:51:11","date_gmt":"2025-11-24T15:51:11","guid":{"rendered":"https:\/\/swiat24.pl.ua\/?p=18156"},"modified":"2025-11-24T15:51:11","modified_gmt":"2025-11-24T15:51:11","slug":"polacy-nie-mieli-watpliwosci-ta-pierwsza-dama-deklasuje-konkurencje","status":"publish","type":"post","link":"https:\/\/swiat24.pl.ua\/?p=18156","title":{"rendered":"Polacy nie mieli w\u0105tpliwo\u015bci. Ta pierwsza dama deklasuje konkurencj\u0119"},"content":{"rendered":"\n<p>Naj\u015bwie\u017cszy sonda\u017c Wirtualnej Polski wyra\u017anie pokazuje, jak silnie Polacy uto\u017csamiaj\u0105 rol\u0119 pierwszej damy z aktywno\u015bci\u0105 spo\u0142eczn\u0105 i rozpoznawalnym stylem dzia\u0142ania.<\/p>\n\n\n\n<p> Wyniki te odzwierciedlaj\u0105 nie tylko ocen\u0119 poszczeg\u00f3lnych postaci, ale tak\u017ce spo\u0142eczne oczekiwania wobec funkcji, kt\u00f3ra wci\u0105\u017c ma realne znaczenie dla opinii publicznej.<\/p>\n\n\n\n<p>Jolanta Kwa\u015bniewska &#8211; \u201eikona stylu i spo\u0142ecznego zaanga\u017cowania\u201d<br>W sonda\u017cu zdecydowan\u0105 zwyci\u0119\u017cczyni\u0105 zosta\u0142a Jolanta Kwa\u015bniewska, zdobywaj\u0105c a\u017c 55% g\u0142os\u00f3w. To wynik, kt\u00f3ry jak m\u00f3wi\u0105 ankietowani &#8211; potwierdza jej status \u201enajbardziej wyrazistej i najbli\u017cszej ludziom pierwszej damy III RP\u201d.&nbsp;<\/p>\n\n\n\n<p>Pe\u0142ni\u0105c funkcj\u0119 w latach 1995\u20132005, zapisa\u0142a si\u0119 w pami\u0119ci jako osoba aktywna, charyzmatyczna i konsekwentnie buduj\u0105ca swoj\u0105 spo\u0142eczn\u0105 mark\u0119.<\/p>\n\n\n\n<p>Jej dzia\u0142alno\u015b\u0107 charytatywna, zw\u0142aszcza zwi\u0105zana z Fundacj\u0105 \u201ePorozumienie bez barier\u201d, sprawi\u0142a, \u017ce do dzi\u015b jest symbolem empatii i profesjonalizmu. Sonda\u017c pokazuje, \u017ce Polacy szczeg\u00f3lnie doceniaj\u0105 taki model pierwszej damy &#8211; obecnej, inspiruj\u0105cej i zaanga\u017cowanej.<br><\/p>\n\n\n\n<p>Pierwsza Dama Marta Nawrocka<br>Drugie miejsce w zestawieniu zaj\u0119\u0142a obecna ma\u0142\u017conka prezydenta, Marta Nawrocka, zdobywaj\u0105c 18% wskaza\u0144. Cho\u0107 w Pa\u0142acu Prezydenckim jest dopiero od 2025 roku, ju\u017c teraz jej dzia\u0142alno\u015b\u0107 pozytywnie ocenia 54% Polak\u00f3w.<\/p>\n\n\n\n<p>Respondenci podkre\u015blaj\u0105, \u017ce jej dotychczasowa kariera &#8211; od pracy w S\u0142u\u017cbie Celnej po walk\u0119 z przest\u0119pczo\u015bci\u0105 ekonomiczn\u0105 &#8211; nadaje jej wizerunkowi \u201eautentyczno\u015bci i si\u0142y\u201d. W opinii wielu Nawrocka reprezentuje nowoczesne podej\u015bcie do roli pierwszej damy: mniej ceremonialne, bardziej konkretne i oparte na latach realnego do\u015bwiadczenia zawodowego.<br><\/p>\n\n\n\n<p>Maria Kaczy\u0144ska<br>Trzecie miejsce w sonda\u017cu przypad\u0142o \u015bp. Marii Kaczy\u0144skiej (12%), kt\u00f3ra w latach 2005\u20132010 anga\u017cowa\u0142a si\u0119 w inicjatywy spo\u0142eczne, wsp\u00f3\u0142pracuj\u0105c m.in. z UNICEF i wspieraj\u0105c projekty takie jak Klinika Budzik.<\/p>\n\n\n\n<p>Ankietowani cz\u0119sto podkre\u015blali jej \u201e\u0142agodno\u015b\u0107, takt i autentyczn\u0105 trosk\u0119 o sprawy spo\u0142eczne\u201d. Jej dzia\u0142alno\u015b\u0107 zosta\u0142a przerwana tragedi\u0105 smole\u0144sk\u0105, co sprawia, \u017ce w pami\u0119ci Polak\u00f3w pozosta\u0142a jako osoba, kt\u00f3ra mog\u0142a zrobi\u0107 jeszcze wi\u0119cej.<\/p>\n\n\n\n<p>Wyniki badania jednoznacznie pokazuj\u0105, \u017ce Polacy najbardziej ceni\u0105 pierwsze damy, kt\u00f3re nie ograniczaj\u0105 si\u0119 do reprezentacji, ale realnie wp\u0142ywaj\u0105 na \u017cycie spo\u0142eczne, nadaj\u0105c swojej funkcji osobisty, wyrazisty charakter.<br><\/p>\n","protected":false},"excerpt":{"rendered":"Naj\u015bwie\u017cszy sonda\u017c Wirtualnej Polski wyra\u017anie pokazuje, jak silnie Polacy uto\u017csamiaj\u0105 rol\u0119 pierwszej damy z aktywno\u015bci\u0105 spo\u0142eczn\u0105 i rozpoznawalnym stylem dzia\u0142ania. Wyniki te odzwierciedlaj\u0105 \n<a class=\"moretag\" href=\"https:\/\/swiat24.pl.ua\/?p=18156\"> [...]<\/a>","protected":false},"author":1,"featured_media":18157,"comment_status":"open","ping_status":"open","sticky":false,"template":"","format":"standard","meta":{"footnotes":""},"categories":[1],"tags":[],"class_list":["post-18156","post","type-post","status-publish","format-standard","has-post-thumbnail","hentry","category-blog"],"_links":{"self":[{"href":"https:\/\/swiat24.pl.ua\/index.php?rest_route=\/wp\/v2\/posts\/18156","targetHints":{"allow":["GET"]}}],"collection":[{"href":"https:\/\/swiat24.pl.ua\/index.php?rest_route=\/wp\/v2\/posts"}],"about":[{"href":"https:\/\/swiat24.pl.ua\/index.php?rest_route=\/wp\/v2\/types\/post"}],"author":[{"embeddable":true,"href":"https:\/\/swiat24.pl.ua\/index.php?rest_route=\/wp\/v2\/users\/1"}],"replies":[{"embeddable":true,"href":"https:\/\/swiat24.pl.ua\/index.php?rest_route=%2Fwp%2Fv2%2Fcomments&post=18156"}],"version-history":[{"count":1,"href":"https:\/\/swiat24.pl.ua\/index.php?rest_route=\/wp\/v2\/posts\/18156\/revisions"}],"predecessor-version":[{"id":18158,"href":"https:\/\/swiat24.pl.ua\/index.php?rest_route=\/wp\/v2\/posts\/18156\/revisions\/18158"}],"wp:featuredmedia":[{"embeddable":true,"href":"https:\/\/swiat24.pl.ua\/index.php?rest_route=\/wp\/v2\/media\/18157"}],"wp:attachment":[{"href":"https:\/\/swiat24.pl.ua\/index.php?rest_route=%2Fwp%2Fv2%2Fmedia&parent=18156"}],"wp:term":[{"taxonomy":"category","embeddable":true,"href":"https:\/\/swiat24.pl.ua\/index.php?rest_route=%2Fwp%2Fv2%2Fcategories&post=18156"},{"taxonomy":"post_tag","embeddable":true,"href":"https:\/\/swiat24.pl.ua\/index.php?rest_route=%2Fwp%2Fv2%2Ftags&post=18156"}],"curies":[{"name":"wp","href":"https:\/\/api.w.org\/{rel}","templated":true}]}}