{"id":18153,"date":"2025-11-24T14:52:01","date_gmt":"2025-11-24T14:52:01","guid":{"rendered":"https:\/\/swiat24.pl.ua\/?p=18153"},"modified":"2025-11-24T14:52:01","modified_gmt":"2025-11-24T14:52:01","slug":"pilne-wystapienie-donalda-tuska-w-sejmie-stawka-jest-najwyzsza","status":"publish","type":"post","link":"https:\/\/swiat24.pl.ua\/?p=18153","title":{"rendered":"Pilne wyst\u0105pienie Donalda Tuska w Sejmie. \u201eStawka jest najwy\u017csza\u201d"},"content":{"rendered":"\n<p>Premier Donald Tusk podczas pilnego wyst\u0105pienia w Sejmie odni\u00f3s\u0142 si\u0119 do najnowszych ustale\u0144 polskich s\u0142u\u017cb dotycz\u0105cych rosn\u0105cego zagro\u017cenia aktami sabota\u017cu na terenie kraju. <\/p>\n\n\n\n<p>Jak podkre\u015bli\u0142, Polska sta\u0142a si\u0119 celem intensyfikuj\u0105cej si\u0119 rosyjskiej wojny hybrydowej, obejmuj\u0105cej pr\u00f3by podpale\u0144, ataki na infrastruktur\u0119 oraz dzia\u0142ania w cyberprzestrzeni. \u2013\u00a0<strong>Stawka jest najwy\u017csza: bezpiecze\u0144stwo Polek i Polak\u00f3w<\/strong>\u00a0\u2013 m\u00f3wi\u0142 premier, prosz\u0105c o jedno\u015b\u0107 polityczn\u0105 w obliczu zagro\u017ce\u0144.<\/p>\n\n\n\n<h3 class=\"wp-block-heading\">Sabota\u017c, zatrzymania i dzia\u0142ania rosyjskich s\u0142u\u017cb<\/h3>\n\n\n\n<p>Wyst\u0105pienie premiera by\u0142o reakcj\u0105 na raport Agencji Bezpiecze\u0144stwa Wewn\u0119trznego oraz powo\u0142anie komisji ds. wp\u0142yw\u00f3w rosyjskich. Tusk wskaza\u0142, \u017ce Polska jest obecnie jednym z g\u0142\u00f3wnych cel\u00f3w hybrydowych operacji Rosji, a ich skala wykracza poza powszechne dot\u0105d incydenty w sferze dezinformacji.<\/p>\n\n\n\n<p>Premier przypomnia\u0142 o serii zatrzyma\u0144 os\u00f3b podejrzanych o przygotowywanie akt\u00f3w dywersyjnych na zlecenie GRU. W\u015br\u00f3d nich znale\u017ali si\u0119 obywatele Ukrainy i Bia\u0142orusi, kt\u00f3rzy wed\u0142ug ustale\u0144 s\u0142u\u017cb mieli planowa\u0107 podpalenia i dzia\u0142ania wymierzone w infrastruktur\u0119 m.in. we Wroc\u0142awiu i Warszawie. Tusk podkre\u015bli\u0142, \u017ce s\u0105 to potwierdzone operacyjne ustalenia s\u0142u\u017cb, a nie medialne spekulacje.<\/p>\n\n\n\n<h3 class=\"wp-block-heading\">\u201eTarcza Wsch\u00f3d\u201d jako g\u0142\u00f3wny filar bezpiecze\u0144stwa<\/h3>\n\n\n\n<p>W swoim wyst\u0105pieniu premier odci\u0105\u0142 si\u0119 od sensacyjnych narracji o \u201emasowych wysadzeniach poci\u0105g\u00f3w\u201d. Zamiast tego wskaza\u0142 na realne dzia\u0142ania rz\u0105du \u2013 przede wszystkim Narodowy Program Odstraszania i Obrony&nbsp;<strong>\u201eTarcza Wsch\u00f3d\u201d<\/strong>. Jest to najwi\u0119kszy od lat projekt fortyfikacji oraz zabezpieczenia wschodniej granicy Polski, maj\u0105cy przeciwdzia\u0142a\u0107 zar\u00f3wno nielegalnej migracji inspirowanej przez Mi\u0144sk i Moskw\u0119, jak i potencjalnym zagro\u017ceniom militarnym.<\/p>\n\n\n\n<p>\u2013&nbsp;<strong>Musimy by\u0107 gotowi na ka\u017cdy scenariusz. Rosja nie zaatakuje pa\u0144stwa, kt\u00f3re jest silne, zjednoczone i dobrze chronione<\/strong>&nbsp;\u2013 m\u00f3wi\u0142 Tusk.<\/p>\n\n\n\n<h3 class=\"wp-block-heading\">Apel o odpowiedzialno\u015b\u0107 i ostre starcie z opozycj\u0105<\/h3>\n\n\n\n<p>Szef rz\u0105du zwr\u00f3ci\u0142 si\u0119 do ca\u0142ej klasy politycznej z apelem o powag\u0119 i odpowiedzialno\u015b\u0107. Cho\u0107 nie przedstawi\u0142 zestawu konkretnych \u201eprzykaza\u0144\u201d, jego przes\u0142anie opiera\u0142o si\u0119 na powtarzanych w ostatnich tygodniach zasadach:<\/p>\n\n\n\n<ul class=\"wp-block-list\">\n<li><strong>zero tolerancji dla agentury<\/strong>\u00a0i \u015bciganie powi\u0105za\u0144 z rosyjskimi s\u0142u\u017cbami,<\/li>\n\n\n\n<li><strong>jedno\u015b\u0107 z Zachodem<\/strong>\u00a0jako fundament bezpiecze\u0144stwa kraju,<\/li>\n\n\n\n<li><strong>odpowiedzialno\u015b\u0107 za s\u0142owa<\/strong>, by nie wzmacnia\u0107 narracji rosyjskiej propagandy.<\/li>\n<\/ul>\n\n\n\n<p>S\u0142owa premiera wywo\u0142a\u0142y gwa\u0142town\u0105 reakcj\u0119 opozycji. Politycy PiS zarzucali premierowi wykorzystywanie tematu bezpiecze\u0144stwa w celu \u201epolowania na czarownice\u201d. Tusk odpiera\u0142 zarzuty, wskazuj\u0105c na wieloletnie zaniedbania i tolerowanie postaw os\u0142abiaj\u0105cych wsp\u00f3\u0142prac\u0119 z Zachodem.<\/p>\n\n\n\n<h3 class=\"wp-block-heading\">Wnioski: czas pr\u00f3by dla pa\u0144stwa<\/h3>\n\n\n\n<p>Premier podkre\u015bli\u0142, \u017ce cho\u0107 nie ma mowy o otwartej wojnie konwencjonalnej w Polsce, zagro\u017cenie aktami dywersji jest realne i wymaga pe\u0142nej czujno\u015bci. S\u0142u\u017cby nie potwierdzi\u0142y \u017cadnych atak\u00f3w na dyplomat\u00f3w, jednak cyberataki i presja na granicy s\u0105 \u2013 jak wskaza\u0142 Tusk \u2013 codziennym narz\u0119dziem destabilizacji.<\/p>\n\n\n\n<p>\u2013&nbsp;<strong>W sprawach bezpiecze\u0144stwa nie mo\u017ce by\u0107 \u201emy\u201d i \u201eoni\u201d. Musi by\u0107 jedna, bezpieczna Polska<\/strong>&nbsp;\u2013 zako\u0144czy\u0142 premier, zapowiadaj\u0105c dalsze wzmacnianie s\u0142u\u017cb oraz inwestycje w infrastruktur\u0119 obronn\u0105.<\/p>\n","protected":false},"excerpt":{"rendered":"Premier Donald Tusk podczas pilnego wyst\u0105pienia w Sejmie odni\u00f3s\u0142 si\u0119 do najnowszych ustale\u0144 polskich s\u0142u\u017cb dotycz\u0105cych rosn\u0105cego zagro\u017cenia aktami sabota\u017cu na terenie kraju. \n<a class=\"moretag\" href=\"https:\/\/swiat24.pl.ua\/?p=18153\"> [...]<\/a>","protected":false},"author":1,"featured_media":18154,"comment_status":"open","ping_status":"open","sticky":false,"template":"","format":"standard","meta":{"footnotes":""},"categories":[1],"tags":[],"class_list":["post-18153","post","type-post","status-publish","format-standard","has-post-thumbnail","hentry","category-blog"],"_links":{"self":[{"href":"https:\/\/swiat24.pl.ua\/index.php?rest_route=\/wp\/v2\/posts\/18153","targetHints":{"allow":["GET"]}}],"collection":[{"href":"https:\/\/swiat24.pl.ua\/index.php?rest_route=\/wp\/v2\/posts"}],"about":[{"href":"https:\/\/swiat24.pl.ua\/index.php?rest_route=\/wp\/v2\/types\/post"}],"author":[{"embeddable":true,"href":"https:\/\/swiat24.pl.ua\/index.php?rest_route=\/wp\/v2\/users\/1"}],"replies":[{"embeddable":true,"href":"https:\/\/swiat24.pl.ua\/index.php?rest_route=%2Fwp%2Fv2%2Fcomments&post=18153"}],"version-history":[{"count":1,"href":"https:\/\/swiat24.pl.ua\/index.php?rest_route=\/wp\/v2\/posts\/18153\/revisions"}],"predecessor-version":[{"id":18155,"href":"https:\/\/swiat24.pl.ua\/index.php?rest_route=\/wp\/v2\/posts\/18153\/revisions\/18155"}],"wp:featuredmedia":[{"embeddable":true,"href":"https:\/\/swiat24.pl.ua\/index.php?rest_route=\/wp\/v2\/media\/18154"}],"wp:attachment":[{"href":"https:\/\/swiat24.pl.ua\/index.php?rest_route=%2Fwp%2Fv2%2Fmedia&parent=18153"}],"wp:term":[{"taxonomy":"category","embeddable":true,"href":"https:\/\/swiat24.pl.ua\/index.php?rest_route=%2Fwp%2Fv2%2Fcategories&post=18153"},{"taxonomy":"post_tag","embeddable":true,"href":"https:\/\/swiat24.pl.ua\/index.php?rest_route=%2Fwp%2Fv2%2Ftags&post=18153"}],"curies":[{"name":"wp","href":"https:\/\/api.w.org\/{rel}","templated":true}]}}