{"id":18119,"date":"2025-11-24T12:28:39","date_gmt":"2025-11-24T12:28:39","guid":{"rendered":"https:\/\/swiat24.pl.ua\/?p=18119"},"modified":"2025-11-24T12:28:39","modified_gmt":"2025-11-24T12:28:39","slug":"tragedia-na-polskiej-trasie-nie-zyja-4-osoby-w-akcji-wszystkie-sluzby","status":"publish","type":"post","link":"https:\/\/swiat24.pl.ua\/?p=18119","title":{"rendered":"Tragedia na polskiej trasie. Nie \u017cyj\u0105 4 osoby, w akcji wszystkie s\u0142u\u017cby"},"content":{"rendered":"\n<p>Do potwornego wypadku dosz\u0142o w poniedzia\u0142ek 24 listopada w godzinach porannych na jednej z polskich tras. Niestety, ale w wyniku zderzenia dw\u00f3ch samochod\u00f3w osobowych oraz dw\u00f3ch ci\u0119\u017car\u00f3wek zgin\u0119\u0142y 4 osoby. <\/p>\n\n\n\n<p>Na miejscu zdarzenia trwa pilna akcja s\u0142u\u017cb. Droga na miejscu jest ca\u0142kowicie zablokowana.<\/p>\n\n\n\n<p>Tragedia na polskiej trasie. Zderzy\u0142y si\u0119 2 osob\u00f3wki oraz ci\u0119\u017car\u00f3wki<br>Z\u0142e warunki na drogach, czy te\u017c chwila nieuwagi mog\u0105 mie\u0107 fatalne konsekwencje. Niestety, ale do tragicznego wypadku dosz\u0142o o poranku w poniedzia\u0142ek 24 listopada na jednej z polskich tras.<\/p>\n\n\n\n<p> Oko\u0142o godziny 6;40 s\u0142u\u017cby otrzyma\u0142y pilne wezwanie do incydentu, kt\u00f3ry rozegra\u0142 si\u0119 na trasie S8 w rejonie miejscowo\u015bci Chojny (woj. \u0142\u00f3dzkie).<\/p>\n\n\n\n<p>Jak informuje TVN24, zderzy\u0142y si\u0119 tam dwa samochody osobowe oraz dwa ci\u0119\u017carowe.<br><\/p>\n\n\n\n<p>Nie \u017cyj\u0105 cztery osoby. Tragiczny poniedzia\u0142ek<br>Tragedia mia\u0142a miejsce na jezdni w kierunku Wroc\u0142awia. Pocz\u0105tkowo lokalne s\u0142u\u017cby informowa\u0142y o dw\u00f3ch ofiarach, jednak po przeprowadzonych dzia\u0142aniach poinformowano, \u017ce nie uda\u0142o si\u0119 uratowa\u0107 kolejnych dw\u00f3ch os\u00f3b.<\/p>\n\n\n\n<p>Wiadomo, \u017ce aktualnie droga w kierunku Wroc\u0142awia jest obecnie ca\u0142kowicie zablokowana, a utrudnienia mog\u0105 potrwa\u0107 co najmniej cztery godziny.<br><\/p>\n\n\n\n<blockquote class=\"twitter-tweet\" data-media-max-width=\"560\"><p lang=\"pl\" dir=\"ltr\"> Uwaga kierowcy! Wypadek na S8 <br>Dzi\u015b, oko\u0142o godz. 6:30 w miejscowo\u015bci Chojny (140. km trasy S8, kierunek Wroc\u0142aw) dosz\u0142o do wypadku drogowego.<br> Trasa S8 jest ca\u0142kowicie zablokowana<br> Wyznaczono objazd przez w\u0119ze\u0142 Z\u0142oczew \u2013 DW-482 \u2013 S8.<br>Prosimy o zachowanie ostro\u017cno\u015bci i\u2026 <a href=\"https:\/\/t.co\/P662DBxrsM\">pic.twitter.com\/P662DBxrsM<\/a><\/p>&mdash; \u0141\u00f3dzka Policja (@policja_lodzka) <a href=\"https:\/\/twitter.com\/policja_lodzka\/status\/1992855941281190382?ref_src=twsrc%5Etfw\">November 24, 2025<\/a><\/blockquote> <script async src=\"https:\/\/platform.twitter.com\/widgets.js\" charset=\"utf-8\"><\/script>\n\n\n\n<p><\/p>\n","protected":false},"excerpt":{"rendered":"Do potwornego wypadku dosz\u0142o w poniedzia\u0142ek 24 listopada w godzinach porannych na jednej z polskich tras. Niestety, ale w wyniku zderzenia dw\u00f3ch samochod\u00f3w \n<a class=\"moretag\" href=\"https:\/\/swiat24.pl.ua\/?p=18119\"> [...]<\/a>","protected":false},"author":1,"featured_media":18120,"comment_status":"open","ping_status":"open","sticky":false,"template":"","format":"standard","meta":{"footnotes":""},"categories":[1],"tags":[],"class_list":["post-18119","post","type-post","status-publish","format-standard","has-post-thumbnail","hentry","category-blog"],"_links":{"self":[{"href":"https:\/\/swiat24.pl.ua\/index.php?rest_route=\/wp\/v2\/posts\/18119","targetHints":{"allow":["GET"]}}],"collection":[{"href":"https:\/\/swiat24.pl.ua\/index.php?rest_route=\/wp\/v2\/posts"}],"about":[{"href":"https:\/\/swiat24.pl.ua\/index.php?rest_route=\/wp\/v2\/types\/post"}],"author":[{"embeddable":true,"href":"https:\/\/swiat24.pl.ua\/index.php?rest_route=\/wp\/v2\/users\/1"}],"replies":[{"embeddable":true,"href":"https:\/\/swiat24.pl.ua\/index.php?rest_route=%2Fwp%2Fv2%2Fcomments&post=18119"}],"version-history":[{"count":1,"href":"https:\/\/swiat24.pl.ua\/index.php?rest_route=\/wp\/v2\/posts\/18119\/revisions"}],"predecessor-version":[{"id":18121,"href":"https:\/\/swiat24.pl.ua\/index.php?rest_route=\/wp\/v2\/posts\/18119\/revisions\/18121"}],"wp:featuredmedia":[{"embeddable":true,"href":"https:\/\/swiat24.pl.ua\/index.php?rest_route=\/wp\/v2\/media\/18120"}],"wp:attachment":[{"href":"https:\/\/swiat24.pl.ua\/index.php?rest_route=%2Fwp%2Fv2%2Fmedia&parent=18119"}],"wp:term":[{"taxonomy":"category","embeddable":true,"href":"https:\/\/swiat24.pl.ua\/index.php?rest_route=%2Fwp%2Fv2%2Fcategories&post=18119"},{"taxonomy":"post_tag","embeddable":true,"href":"https:\/\/swiat24.pl.ua\/index.php?rest_route=%2Fwp%2Fv2%2Ftags&post=18119"}],"curies":[{"name":"wp","href":"https:\/\/api.w.org\/{rel}","templated":true}]}}