{"id":18081,"date":"2025-11-23T17:33:35","date_gmt":"2025-11-23T17:33:35","guid":{"rendered":"https:\/\/swiat24.pl.ua\/?p=18081"},"modified":"2025-11-23T17:33:35","modified_gmt":"2025-11-23T17:33:35","slug":"czarzasty-podjal-decyzje-ws-grzegorza-brauna","status":"publish","type":"post","link":"https:\/\/swiat24.pl.ua\/?p=18081","title":{"rendered":"Czarzasty podj\u0105\u0142 decyzj\u0119 ws. Grzegorza Brauna"},"content":{"rendered":"\n<p>W ostatnich dniach w polityce pojawi\u0142o si\u0119 kolejne napi\u0119cie zwi\u0105zane z zachowaniem jednego z najbardziej kontrowersyjnych parlamentarzyst\u00f3w.<\/p>\n\n\n\n<p> Dyskusja dotyczy nie tylko debaty publicznej, ale te\u017c zasad funkcjonowania Sejmu i granic akceptowalnych wypowiedzi przedstawicieli pa\u0144stwa. Marsza\u0142ek W\u0142odzimierz Czarzasty musia\u0142 odnie\u015b\u0107 si\u0119 do sytuacji, kt\u00f3ra odbi\u0142a si\u0119 szerokim echem.<\/p>\n\n\n\n<p>Historia napi\u0119\u0107 i wcze\u015bniejsze konflikty<br>Grzegorz Braun od lat wzbudza kontrowersje swoimi wypowiedziami i dzia\u0142aniami w Sejmie oraz Parlamencie Europejskim. <\/p>\n\n\n\n<p>W przesz\u0142o\u015bci wielokrotnie dochodzi\u0142o do interwencji s\u0142u\u017cb sejmowych i wszczynania post\u0119powa\u0144 sprawdzaj\u0105cych wobec jego zachowa\u0144, kt\u00f3re by\u0142y postrzegane jako naruszaj\u0105ce powag\u0119 parlamentu.<\/p>\n\n\n\n<p> R\u00f3wnie\u017c w innych instytucjach pa\u0144stwowych pojawia\u0142y si\u0119 sygna\u0142y, \u017ce dzia\u0142ania Brauna wymagaj\u0105 kontroli \u2013 zar\u00f3wno Ministerstwo Sprawiedliwo\u015bci, jak i prokuratura monitorowa\u0142y jego aktywno\u015b\u0107.\u00a0<\/p>\n\n\n\n<p>Lista wcze\u015bniejszych incydent\u00f3w jest d\u0142uga i obejmuje m.in. dewastacj\u0119 element\u00f3w wystawy o tematyce LGBT oraz dzia\u0142ania wbrew obowi\u0105zuj\u0105cym zasadom debaty publicznej. To wszystko buduje kontekst, w kt\u00f3rym decyzje marsza\u0142ka Czarzastego staj\u0105 si\u0119 zrozumia\u0142e dla obserwator\u00f3w politycznych.<br><\/p>\n\n\n\n<figure class=\"wp-block-image size-full\"><img loading=\"lazy\" decoding=\"async\" width=\"910\" height=\"510\" src=\"https:\/\/swiat24.pl.ua\/wp-content\/uploads\/2025\/11\/image-28.png\" alt=\"\" class=\"wp-image-18082\" srcset=\"https:\/\/swiat24.pl.ua\/wp-content\/uploads\/2025\/11\/image-28.png 910w, https:\/\/swiat24.pl.ua\/wp-content\/uploads\/2025\/11\/image-28-300x168.png 300w, https:\/\/swiat24.pl.ua\/wp-content\/uploads\/2025\/11\/image-28-768x430.png 768w\" sizes=\"auto, (max-width: 910px) 100vw, 910px\" \/><\/figure>\n\n\n\n<p>Reakcja marsza\u0142ka i utrzymanie zakazu<br>Ostatnie wydarzenia sprawi\u0142y, \u017ce Czarzasty zaj\u0105\u0142 stanowisko w spos\u00f3b jednoznaczny. Wypowied\u017a Brauna wyg\u0142oszona w pobli\u017cu Muzeum Auschwitz-Birkenau, dotycz\u0105ca rzekomej \u201eeksterytorialno\u015bci\u201d terenu by\u0142ego obozu, wywo\u0142a\u0142a fal\u0119 oburzenia w mediach i w\u015br\u00f3d polityk\u00f3w.&nbsp;<\/p>\n\n\n\n<p>Marsza\u0142ek Sejmu podkre\u015bli\u0142, \u017ce tego rodzaju sformu\u0142owania wykraczaj\u0105 poza granice dopuszczalnej debaty, naruszaj\u0105 podstawowe standardy i zagra\u017caj\u0105 bezpiecze\u0144stwu oraz powadze instytucji.&nbsp;<\/p>\n\n\n\n<p>W rezultacie Czarzasty zdecydowa\u0142, \u017ce zakaz wst\u0119pu Grzegorza Brauna do Sejmu zostaje utrzymany bezterminowo. Podkre\u015bli\u0142 r\u00f3wnie\u017c, \u017ce decyzja ta wynika nie tylko z pojedynczej wypowiedzi, lecz z ca\u0142okszta\u0142tu wcze\u015bniejszych dzia\u0142a\u0144 pos\u0142a.<br><\/p>\n\n\n\n<figure class=\"wp-block-image size-full\"><img loading=\"lazy\" decoding=\"async\" width=\"912\" height=\"514\" src=\"https:\/\/swiat24.pl.ua\/wp-content\/uploads\/2025\/11\/image-29.png\" alt=\"\" class=\"wp-image-18083\" srcset=\"https:\/\/swiat24.pl.ua\/wp-content\/uploads\/2025\/11\/image-29.png 912w, https:\/\/swiat24.pl.ua\/wp-content\/uploads\/2025\/11\/image-29-300x169.png 300w, https:\/\/swiat24.pl.ua\/wp-content\/uploads\/2025\/11\/image-29-768x433.png 768w, https:\/\/swiat24.pl.ua\/wp-content\/uploads\/2025\/11\/image-29-388x220.png 388w\" sizes=\"auto, (max-width: 912px) 100vw, 912px\" \/><\/figure>\n\n\n\n<p>Kolejne konsekwencje prawne i znaczenie decyzji<br>Utrzymany zakaz to tylko jeden z element\u00f3w szerszej sytuacji prawnej, w kt\u00f3rej znajduje si\u0119 Braun. W grudniu ma rozpocz\u0105\u0107 si\u0119 jego proces dotycz\u0105cy incydentu z 2023 roku, kiedy zgasi\u0142 \u015bwiece chanukowe w Sejmie. Dodatkowo Parlament Europejski uchyli\u0142 mu immunitet w sprawach dotycz\u0105cych naruszenia nietykalno\u015bci lekarki oraz publikowania tre\u015bci mog\u0105cych pod\u017cega\u0107 do nienawi\u015bci.&nbsp;<\/p>\n\n\n\n<p>Decyzja marsza\u0142ka Sejmu ma wi\u0119c wymiar symboliczny i praktyczny: pokazuje, \u017ce powtarzaj\u0105ce si\u0119 dzia\u0142ania naruszaj\u0105ce zasady debaty publicznej i nara\u017caj\u0105ce innych ludzi b\u0119d\u0105 spotyka\u0142y si\u0119 z konsekwencjami. Dla \u015brodowiska politycznego stanowi to sygna\u0142, \u017ce instytucje publiczne mog\u0105 reagowa\u0107 w spos\u00f3b zdecydowany, gdy zachowania parlamentarzyst\u00f3w przekraczaj\u0105 granice przyzwoito\u015bci i prawa.<br><\/p>\n\n\n\n<p><\/p>\n","protected":false},"excerpt":{"rendered":"W ostatnich dniach w polityce pojawi\u0142o si\u0119 kolejne napi\u0119cie zwi\u0105zane z zachowaniem jednego z najbardziej kontrowersyjnych parlamentarzyst\u00f3w. Dyskusja dotyczy nie tylko debaty publicznej, \n<a class=\"moretag\" href=\"https:\/\/swiat24.pl.ua\/?p=18081\"> [...]<\/a>","protected":false},"author":1,"featured_media":18084,"comment_status":"open","ping_status":"open","sticky":false,"template":"","format":"standard","meta":{"footnotes":""},"categories":[1],"tags":[],"class_list":["post-18081","post","type-post","status-publish","format-standard","has-post-thumbnail","hentry","category-blog"],"_links":{"self":[{"href":"https:\/\/swiat24.pl.ua\/index.php?rest_route=\/wp\/v2\/posts\/18081","targetHints":{"allow":["GET"]}}],"collection":[{"href":"https:\/\/swiat24.pl.ua\/index.php?rest_route=\/wp\/v2\/posts"}],"about":[{"href":"https:\/\/swiat24.pl.ua\/index.php?rest_route=\/wp\/v2\/types\/post"}],"author":[{"embeddable":true,"href":"https:\/\/swiat24.pl.ua\/index.php?rest_route=\/wp\/v2\/users\/1"}],"replies":[{"embeddable":true,"href":"https:\/\/swiat24.pl.ua\/index.php?rest_route=%2Fwp%2Fv2%2Fcomments&post=18081"}],"version-history":[{"count":1,"href":"https:\/\/swiat24.pl.ua\/index.php?rest_route=\/wp\/v2\/posts\/18081\/revisions"}],"predecessor-version":[{"id":18085,"href":"https:\/\/swiat24.pl.ua\/index.php?rest_route=\/wp\/v2\/posts\/18081\/revisions\/18085"}],"wp:featuredmedia":[{"embeddable":true,"href":"https:\/\/swiat24.pl.ua\/index.php?rest_route=\/wp\/v2\/media\/18084"}],"wp:attachment":[{"href":"https:\/\/swiat24.pl.ua\/index.php?rest_route=%2Fwp%2Fv2%2Fmedia&parent=18081"}],"wp:term":[{"taxonomy":"category","embeddable":true,"href":"https:\/\/swiat24.pl.ua\/index.php?rest_route=%2Fwp%2Fv2%2Fcategories&post=18081"},{"taxonomy":"post_tag","embeddable":true,"href":"https:\/\/swiat24.pl.ua\/index.php?rest_route=%2Fwp%2Fv2%2Ftags&post=18081"}],"curies":[{"name":"wp","href":"https:\/\/api.w.org\/{rel}","templated":true}]}}