{"id":18078,"date":"2025-11-23T17:10:22","date_gmt":"2025-11-23T17:10:22","guid":{"rendered":"https:\/\/swiat24.pl.ua\/?p=18078"},"modified":"2025-11-23T17:10:22","modified_gmt":"2025-11-23T17:10:22","slug":"czarzasty-wyglosil-pierwsze-oredzie-jako-marszalek-sejmu","status":"publish","type":"post","link":"https:\/\/swiat24.pl.ua\/?p=18078","title":{"rendered":"Czarzasty wyg\u0142osi\u0142 pierwsze or\u0119dzie jako marsza\u0142ek Sejmu"},"content":{"rendered":"\n<p>W\u0142odzimierz Czarzasty, po wyborze na marsza\u0142ka Sejmu X kadencji, przedstawi\u0142 swoje pierwsze or\u0119dzie skierowane do obywateli.<\/p>\n\n\n\n<p> Zapowiedzia\u0142 w nim, \u017ce b\u0119dzie stra\u017cnikiem praw Sejmu, demokratycznego ustroju oraz Konstytucji, gwarantuj\u0105c prowadzenie obrad w duchu sprawiedliwo\u015bci spo\u0142ecznej, pluralizmu i r\u00f3wno\u015bci.<\/p>\n\n\n\n<h3 class=\"wp-block-heading\">Zapowied\u017a wsp\u00f3\u0142pracy i odpowiedzialno\u015bci<\/h3>\n\n\n\n<p>Nowy marsza\u0142ek podkre\u015bli\u0142, \u017ce zamierza wsp\u00f3\u0142pracowa\u0107 ze wszystkimi parlamentarzystami, niezale\u017cnie od ich pogl\u0105d\u00f3w politycznych. W swoim przem\u00f3wieniu podzi\u0119kowa\u0142 Szymonowi Ho\u0142owni za dotychczasow\u0105 prac\u0119, wskazuj\u0105c, \u017ce zmiana na stanowisku marsza\u0142ka potwierdza stabilno\u015b\u0107 koalicji rz\u0105dz\u0105cej.<\/p>\n\n\n\n<p>Czarzasty zaznaczy\u0142, \u017ce dzia\u0142a w imieniu 11 milion\u00f3w wyborc\u00f3w, kt\u00f3rzy powierzyli obecnej wi\u0119kszo\u015bci mandat do rz\u0105dzenia. Podkre\u015bli\u0142, \u017ce nadchodz\u0105ce dwa lata maj\u0105 by\u0107 okresem korzystnym dla kraju i jego obywateli.<\/p>\n\n\n\n<h3 class=\"wp-block-heading\">Weto marsza\u0142kowskie wobec populizmu i ochrona ustroju<\/h3>\n\n\n\n<p>W swoim wyst\u0105pieniu Czarzasty zapowiedzia\u0142 zdecydowan\u0105 reakcj\u0119 na projekty ustaw, kt\u00f3re uzna za populistyczne, szkodliwe lub pozbawione realnych \u017ar\u00f3de\u0142 finansowania. Podkre\u015bli\u0142 r\u00f3wnie\u017c, \u017ce b\u0119dzie sta\u0142 na stra\u017cy ustale\u0144 wynikaj\u0105cych z referendum konstytucyjnego z 1997 roku.<\/p>\n\n\n\n<p>Wskaza\u0142, \u017ce podstawowe zasady ustroju s\u0105 jasne: prezydent reprezentuje pa\u0144stwo, natomiast rz\u0105d realizuje w\u0142adz\u0119 wykonawcz\u0105. Zapowiedzia\u0142 sprzeciw wobec pr\u00f3b tworzenia systemu, w kt\u00f3rym ca\u0142a w\u0142adza skupia\u0142aby si\u0119 w r\u0119kach jednej osoby, przypominaj\u0105c, \u017ce Polacy nie akceptuj\u0105 takich modeli rz\u0105d\u00f3w.<\/p>\n\n\n\n<h3 class=\"wp-block-heading\">Sejm otwarty, tolerancyjny i proeuropejski<\/h3>\n\n\n\n<p>Marsza\u0142ek zadeklarowa\u0142, \u017ce Sejm pozostanie miejscem wymiany pogl\u0105d\u00f3w, otwartym na r\u00f3\u017cnorodno\u015b\u0107 i tolerancj\u0119. Zadeklarowa\u0142 pe\u0142ne poparcie dla obecno\u015bci Polski w Unii Europejskiej i NATO, podkre\u015blaj\u0105c ich kluczow\u0105 rol\u0119 w zapewnieniu bezpiecze\u0144stwa kraju.<\/p>\n\n\n\n<p>Czarzasty og\u0142osi\u0142 r\u00f3wnie\u017c wprowadzenie zakazu sprzeda\u017cy alkoholu na terenie Sejmu oraz zapowiedzia\u0142 kontrol\u0119 poselskich kilometr\u00f3wek. Na zako\u0144czenie wyrazi\u0142 nadziej\u0119 na spokojne, stabilne dwa lata pracy parlamentarnej, kt\u00f3re maj\u0105 przynie\u015b\u0107 korzy\u015bci ca\u0142emu spo\u0142ecze\u0144stwu.<\/p>\n","protected":false},"excerpt":{"rendered":"W\u0142odzimierz Czarzasty, po wyborze na marsza\u0142ka Sejmu X kadencji, przedstawi\u0142 swoje pierwsze or\u0119dzie skierowane do obywateli. Zapowiedzia\u0142 w nim, \u017ce b\u0119dzie stra\u017cnikiem praw \n<a class=\"moretag\" href=\"https:\/\/swiat24.pl.ua\/?p=18078\"> [...]<\/a>","protected":false},"author":1,"featured_media":18079,"comment_status":"open","ping_status":"open","sticky":false,"template":"","format":"standard","meta":{"footnotes":""},"categories":[1],"tags":[],"class_list":["post-18078","post","type-post","status-publish","format-standard","has-post-thumbnail","hentry","category-blog"],"_links":{"self":[{"href":"https:\/\/swiat24.pl.ua\/index.php?rest_route=\/wp\/v2\/posts\/18078","targetHints":{"allow":["GET"]}}],"collection":[{"href":"https:\/\/swiat24.pl.ua\/index.php?rest_route=\/wp\/v2\/posts"}],"about":[{"href":"https:\/\/swiat24.pl.ua\/index.php?rest_route=\/wp\/v2\/types\/post"}],"author":[{"embeddable":true,"href":"https:\/\/swiat24.pl.ua\/index.php?rest_route=\/wp\/v2\/users\/1"}],"replies":[{"embeddable":true,"href":"https:\/\/swiat24.pl.ua\/index.php?rest_route=%2Fwp%2Fv2%2Fcomments&post=18078"}],"version-history":[{"count":1,"href":"https:\/\/swiat24.pl.ua\/index.php?rest_route=\/wp\/v2\/posts\/18078\/revisions"}],"predecessor-version":[{"id":18080,"href":"https:\/\/swiat24.pl.ua\/index.php?rest_route=\/wp\/v2\/posts\/18078\/revisions\/18080"}],"wp:featuredmedia":[{"embeddable":true,"href":"https:\/\/swiat24.pl.ua\/index.php?rest_route=\/wp\/v2\/media\/18079"}],"wp:attachment":[{"href":"https:\/\/swiat24.pl.ua\/index.php?rest_route=%2Fwp%2Fv2%2Fmedia&parent=18078"}],"wp:term":[{"taxonomy":"category","embeddable":true,"href":"https:\/\/swiat24.pl.ua\/index.php?rest_route=%2Fwp%2Fv2%2Fcategories&post=18078"},{"taxonomy":"post_tag","embeddable":true,"href":"https:\/\/swiat24.pl.ua\/index.php?rest_route=%2Fwp%2Fv2%2Ftags&post=18078"}],"curies":[{"name":"wp","href":"https:\/\/api.w.org\/{rel}","templated":true}]}}