{"id":18075,"date":"2025-11-23T15:07:48","date_gmt":"2025-11-23T15:07:48","guid":{"rendered":"https:\/\/swiat24.pl.ua\/?p=18075"},"modified":"2025-11-23T15:07:48","modified_gmt":"2025-11-23T15:07:48","slug":"moja-babcia-zawsze-wbijala-gozdziki-w-cebule-dlatego-2","status":"publish","type":"post","link":"https:\/\/swiat24.pl.ua\/?p=18075","title":{"rendered":"Moja babcia zawsze wbija\u0142a go\u017adziki w cebul\u0119: dlatego"},"content":{"rendered":"\n<h2 class=\"wp-block-heading\">W kuchni niekt\u00f3re zwyczaje mog\u0105 wydawa\u0107 si\u0119 dziwne, dop\u00f3ki nie zrozumie si\u0119 ich prawdziwego celu.<\/h2>\n\n\n\n<p>Kiedy zobaczy\u0142em, jak moja babcia wbija go\u017adziki w cebul\u0119, pocz\u0105tkowo pomy\u015bla\u0142em, \u017ce to kolejna stara, bezsensowna tradycja.<\/p>\n\n\n\n<p>Jednak po spr\u00f3bowaniu jej potraw od razu zrozumia\u0142em, dlaczego nigdy nie gotowa\u0142a bez tego magicznego sk\u0142adnika.<\/p>\n\n\n\n<h2 class=\"wp-block-heading\">Sekret cebuli z kolcami<\/h2>\n\n\n\n<figure class=\"wp-block-image\"><img decoding=\"async\" src=\"https:\/\/www.blogsanteplus.com\/wp-content\/uploads\/1679662670013.jpg\" alt=\"\" class=\"wp-image-212557\"\/><\/figure>\n\n\n\n<p>Go\u017adziki&nbsp;&nbsp;&nbsp;cz\u0119sto kojarz\u0105 si\u0119 z&nbsp;&nbsp;<strong>gor\u0105cymi&nbsp;<\/strong><strong>napojami<\/strong>&nbsp;, takimi jak&nbsp;&nbsp;<strong>grzane wino<\/strong>&nbsp;&nbsp;czy&nbsp;&nbsp;<strong>zimowe napary<\/strong>&nbsp;, ale&nbsp;&nbsp;<strong>ich kulinarny potencja\u0142 wykracza daleko poza to<\/strong>&nbsp;. Ta intensywnie aromatyczna przyprawa to&nbsp;&nbsp;<strong>naturalny wzmacniacz smaku<\/strong>&nbsp;, kt\u00f3ry wzbogaca&nbsp;&nbsp;<strong>duszone potrawy<\/strong>&nbsp;, &nbsp;dodaj\u0105c im&nbsp;&nbsp;<strong>subtelnego i eleganckiego aromatu<\/strong>&nbsp;.<\/p>\n\n\n\n<p>Sztuczka&nbsp;<strong>nabijania cebuli<\/strong>&nbsp;&nbsp;polega na&nbsp;&nbsp;<strong>wbiciu 5 do 6 z\u0105bk\u00f3w w obran\u0105 cebul\u0119<\/strong>&nbsp;&nbsp;przed dodaniem jej do potrawy podczas gotowania.&nbsp;&nbsp;<strong>Ta metoda pozwala na stopniowe uwalnianie aromat\u00f3w<\/strong>&nbsp;, bez ich przyt\u0142aczania, a jednocze\u015bnie nadaje&nbsp;&nbsp;<strong>potrawom charakteru<\/strong>&nbsp;.<\/p>\n\n\n\n<h2 class=\"wp-block-heading\">Jak wykorzysta\u0107 cebul\u0119 w gotowaniu?<\/h2>\n\n\n\n<figure class=\"wp-block-image\"><img decoding=\"async\" src=\"https:\/\/www.blogsanteplus.com\/wp-content\/uploads\/lexique-piquer-3000x2000-1.jpg\" alt=\"\" class=\"wp-image-212558\"\/><\/figure>\n\n\n\n<p>Ta&nbsp;&nbsp;<strong>tradycyjna technika<\/strong>&nbsp;&nbsp;to&nbsp;&nbsp;<strong>klasyka kuchni francuskiej<\/strong>&nbsp;. Oto jak&nbsp;&nbsp;<strong>\u0142atwo w\u0142\u0105czy\u0107 j\u0105<\/strong>&nbsp;&nbsp;do swoich przepis\u00f3w:<\/p>\n\n\n\n<ul class=\"wp-block-list\">\n<li><strong>W bulionie<\/strong>\u00a0\u00a0: Wrzucony do\u00a0\u00a0<strong>garnka z gotuj\u0105c\u0105 si\u0119 wod\u0105,<\/strong>\u00a0\u00a0z\u00a0\u00a0<strong>warzywami i zio\u0142ami<\/strong>\u00a0, wzbogaca\u00a0\u00a0\u00a0smak\u00a0<strong>zup i bulion\u00f3w .<\/strong><\/li>\n\n\n\n<li><strong>W gulaszu lub zapiekance<\/strong>\u00a0\u00a0:\u00a0<strong>Nadziewana cebula\u00a0<\/strong><strong>doskonale<\/strong>\u00a0\u00a0uzupe\u0142nia\u00a0\u00a0\u00a0wo\u0142owin\u0119\u00a0\u00a0<strong>po burgundzku<\/strong>\u00a0\u00a0lub\u00a0\u00a0<strong>potrawk\u0119 duszon\u0105 w sosie w\u0142asnym<\/strong>\u00a0, nadaj\u0105c jej\u00a0\u00a0<strong>subteln\u0105 z\u0142o\u017cono\u015b\u0107 aromatyczn\u0105<\/strong>\u00a0.<\/li>\n\n\n\n<li><strong>Z pieczonym mi\u0119sem<\/strong>\u00a0\u00a0: Umieszczony na\u00a0\u00a0<strong>blasze do pieczenia<\/strong>\u00a0\u00a0z\u00a0\u00a0<strong>pieczon\u0105 wieprzowin\u0105 lub drobiem<\/strong>\u00a0, nadaje mi\u0119su smak,\u00a0\u00a0<strong>nie przyt\u0142aczaj\u0105c jego naturalnego smaku<\/strong>\u00a0.<\/li>\n\n\n\n<li><strong>Podczas gotowania ry\u017cu lub soczewicy<\/strong>\u00a0\u00a0: Dodany do\u00a0\u00a0<strong>wody<\/strong>\u00a0podczas gotowania zapobiega\u00a0\u00a0<strong>uzyskaniu md\u0142ego smaku<\/strong>\u00a0\u00a0i nadaje\u00a0\u00a0<strong>ziarnom delikatnie korzenny aromat<\/strong>\u00a0.<\/li>\n<\/ul>\n\n\n\n<h2 class=\"wp-block-heading\">Dlaczego warto zastosowa\u0107 t\u0119 wskaz\u00f3wk\u0119?<\/h2>\n\n\n\n<p>Cebula&nbsp;<strong>\u0107wiekowana<\/strong>&nbsp;&nbsp;nie tylko&nbsp;&nbsp;<strong>wzbogaca smak<\/strong>&nbsp;&nbsp;potraw; posiada r\u00f3wnie\u017c&nbsp;&nbsp;<strong>inne nieoczekiwane korzy\u015bci<\/strong>&nbsp;&nbsp;:<\/p>\n\n\n\n<ul class=\"wp-block-list\">\n<li><strong>Naturalny wzmacniacz smaku<\/strong>\u00a0\u00a0:\u00a0\u00a0<strong>Nie ma potrzeby dodawania soli i innych przypraw<\/strong>\u00a0, go\u017adziki\u00a0\u00a0<strong>wystarcz\u0105, aby wydoby\u0107 smak<\/strong>\u00a0.<\/li>\n\n\n\n<li><strong>Alternatywa dla \u015bwie\u017cych zi\u00f3\u0142<\/strong>\u00a0\u00a0: Idealna\u00a0\u00a0<strong>zim\u0105<\/strong>\u00a0, gdy\u00a0\u00a0\u00a0brakuje\u00a0<strong>bazylii i pietruszki .<\/strong><\/li>\n\n\n\n<li><strong>\u0141atwiejsze trawienie<\/strong>\u00a0\u00a0:\u00a0\u00a0<strong>Go\u017adziki<\/strong>\u00a0\u00a0maj\u0105\u00a0\u00a0<strong>w\u0142a\u015bciwo\u015bci wspomagaj\u0105ce trawienie i antybakteryjne<\/strong>\u00a0, idealne po\u00a0\u00a0<strong>ci\u0119\u017ckostrawnym posi\u0142ku<\/strong>\u00a0.<\/li>\n<\/ul>\n\n\n\n<h2 class=\"wp-block-heading\">Tradycja warta wypr\u00f3bowania bez wahania<\/h2>\n\n\n\n<p><strong>Je\u015bli szukasz prostego i skutecznego<\/strong>&nbsp;sposobu&nbsp;&nbsp;&nbsp;na dodanie&nbsp;&nbsp;<strong>g\u0142\u0119bi<\/strong>&nbsp;&nbsp;swoim potrawom, wypr\u00f3buj&nbsp;<strong>sztuczk\u0119 z cebul\u0105 nabijan\u0105 na<\/strong>&nbsp;\u0107wiartki .&nbsp;&nbsp;<strong>Kiedy raz jej spr\u00f3bujesz, nie b\u0119dziesz m\u00f3g\u0142 bez niej \u017cy\u0107<\/strong>&nbsp;&nbsp;!&nbsp;&nbsp;<strong>Gotowy, aby nada\u0107 swoim przepisom odrobin\u0119 kulinarnej magii?<\/strong><\/p>\n","protected":false},"excerpt":{"rendered":"W kuchni niekt\u00f3re zwyczaje mog\u0105 wydawa\u0107 si\u0119 dziwne, dop\u00f3ki nie zrozumie si\u0119 ich prawdziwego celu. Kiedy zobaczy\u0142em, jak moja babcia wbija go\u017adziki w \n<a class=\"moretag\" href=\"https:\/\/swiat24.pl.ua\/?p=18075\"> [...]<\/a>","protected":false},"author":1,"featured_media":18076,"comment_status":"open","ping_status":"open","sticky":false,"template":"","format":"standard","meta":{"footnotes":""},"categories":[1],"tags":[],"class_list":["post-18075","post","type-post","status-publish","format-standard","has-post-thumbnail","hentry","category-blog"],"_links":{"self":[{"href":"https:\/\/swiat24.pl.ua\/index.php?rest_route=\/wp\/v2\/posts\/18075","targetHints":{"allow":["GET"]}}],"collection":[{"href":"https:\/\/swiat24.pl.ua\/index.php?rest_route=\/wp\/v2\/posts"}],"about":[{"href":"https:\/\/swiat24.pl.ua\/index.php?rest_route=\/wp\/v2\/types\/post"}],"author":[{"embeddable":true,"href":"https:\/\/swiat24.pl.ua\/index.php?rest_route=\/wp\/v2\/users\/1"}],"replies":[{"embeddable":true,"href":"https:\/\/swiat24.pl.ua\/index.php?rest_route=%2Fwp%2Fv2%2Fcomments&post=18075"}],"version-history":[{"count":1,"href":"https:\/\/swiat24.pl.ua\/index.php?rest_route=\/wp\/v2\/posts\/18075\/revisions"}],"predecessor-version":[{"id":18077,"href":"https:\/\/swiat24.pl.ua\/index.php?rest_route=\/wp\/v2\/posts\/18075\/revisions\/18077"}],"wp:featuredmedia":[{"embeddable":true,"href":"https:\/\/swiat24.pl.ua\/index.php?rest_route=\/wp\/v2\/media\/18076"}],"wp:attachment":[{"href":"https:\/\/swiat24.pl.ua\/index.php?rest_route=%2Fwp%2Fv2%2Fmedia&parent=18075"}],"wp:term":[{"taxonomy":"category","embeddable":true,"href":"https:\/\/swiat24.pl.ua\/index.php?rest_route=%2Fwp%2Fv2%2Fcategories&post=18075"},{"taxonomy":"post_tag","embeddable":true,"href":"https:\/\/swiat24.pl.ua\/index.php?rest_route=%2Fwp%2Fv2%2Ftags&post=18075"}],"curies":[{"name":"wp","href":"https:\/\/api.w.org\/{rel}","templated":true}]}}