{"id":18067,"date":"2025-11-23T14:35:17","date_gmt":"2025-11-23T14:35:17","guid":{"rendered":"https:\/\/swiat24.pl.ua\/?p=18067"},"modified":"2025-11-23T14:35:17","modified_gmt":"2025-11-23T14:35:17","slug":"ziobro-zjawil-sie-na-antenie-tv-republika-prosto-z-budapesztu-uderzyl-w-donalda-tuska","status":"publish","type":"post","link":"https:\/\/swiat24.pl.ua\/?p=18067","title":{"rendered":"Ziobro zjawi\u0142 si\u0119 na antenie TV Republika. Prosto z Budapesztu uderzy\u0142 w Donalda Tuska"},"content":{"rendered":"\n<p>Podczas gdy w kraju temperatura sporu wok\u00f3\u0142 Funduszu Sprawiedliwo\u015bci osi\u0105ga punkt wrzenia, a prokuratura stawia kolejne zarzuty, by\u0142y minister sprawiedliwo\u015bci Zbigniew Ziobro nadaje ze stolicy W\u0119gier.<\/p>\n\n\n\n<p> W rozmowie z TV Republika, nagranej w cieniu historycznego pomnika, polityk nie szcz\u0119dzi\u0142 ostrych s\u0142\u00f3w pod adresem obecnego rz\u0105du.<\/p>\n\n\n\n<p>Zbigniew Ziobro wyjecha\u0142 na W\u0119gry<br>Zbigniew Ziobro to posta\u0107, kt\u00f3ra od ponad dw\u00f3ch dekad budzi w polskiej polityce skrajne emocje, a jego droga na szczyty w\u0142adzy naznaczona jest ci\u0105g\u0142ym balansowaniem na kraw\u0119dzi prawa i politycznej bezwzgl\u0119dno\u015bci. <\/p>\n\n\n\n<p>Jako architekt reform wymiaru sprawiedliwo\u015bci w rz\u0105dach Zjednoczonej Prawicy, sta\u0142 si\u0119 twarz\u0105 zmian, kt\u00f3re przez obecn\u0105 koalicj\u0119 rz\u0105dz\u0105c\u0105 oraz instytucje europejskie okre\u015blane s\u0105 mianem demonta\u017cu praworz\u0105dno\u015bci. <\/p>\n\n\n\n<p>Dzi\u015b jednak uwaga opinii publicznej oraz \u015bledczych koncentruje si\u0119 nie tyle na reformach ustrojowych, ile na sposobie zarz\u0105dzania finansami publicznymi, a konkretnie Funduszem Sprawiedliwo\u015bci. To w\u0142a\u015bnie ten celowy fundusz, powo\u0142any w teorii do pomocy ofiarom przest\u0119pstw, sta\u0142 si\u0119 politycznym &#8220;by\u0107 albo nie by\u0107&#8221; dla lidera Suwerennej Polski.<\/p>\n\n\n\n<figure class=\"wp-block-image size-full\"><img loading=\"lazy\" decoding=\"async\" width=\"905\" height=\"590\" src=\"https:\/\/swiat24.pl.ua\/wp-content\/uploads\/2025\/11\/image-26.png\" alt=\"\" class=\"wp-image-18068\" srcset=\"https:\/\/swiat24.pl.ua\/wp-content\/uploads\/2025\/11\/image-26.png 905w, https:\/\/swiat24.pl.ua\/wp-content\/uploads\/2025\/11\/image-26-300x196.png 300w, https:\/\/swiat24.pl.ua\/wp-content\/uploads\/2025\/11\/image-26-768x501.png 768w\" sizes=\"auto, (max-width: 905px) 100vw, 905px\" \/><\/figure>\n\n\n\n<p>\u015aledztwo dotycz\u0105ce nieprawid\u0142owo\u015bci w wydatkowaniu \u015brodk\u00f3w z Funduszu Sprawiedliwo\u015bci to obecnie jeden z priorytet\u00f3w prokuratury, kt\u00f3ra bada, czy setki milion\u00f3w z\u0142otych nie zosta\u0142y zdefraudowane lub wykorzystane do budowania kapita\u0142u politycznego konkretnej partii, zamiast trafi\u0107 do potrzebuj\u0105cych. Zarzuty s\u0105 powa\u017cne i dotycz\u0105 ustawiania konkurs\u00f3w na dotacje, finansowania zaprzyja\u017anionych organizacji czy zakupu system\u00f3w inwigilacji, co w konsekwencji doprowadzi\u0142o do procedury uchylenia immunitetu poselskiego by\u0142emu ministrowi. Decyzja Sejmu w tej sprawie otworzy\u0142a drog\u0119 do poci\u0105gni\u0119cia Ziobry do odpowiedzialno\u015bci karnej, co w polskiej rzeczywisto\u015bci politycznej jest wydarzeniem bez precedensu. Dodatkowo prokuratura podj\u0119\u0142a decyzj\u0119 o zabezpieczeniu maj\u0105tku pos\u0142a, co sta\u0142o si\u0119 g\u0142\u00f3wnym tematem jego najnowszego wyst\u0105pienia.<\/p>\n\n\n\n<p>W obliczu narastaj\u0105cych problem\u00f3w prawnych i zdrowotnych, Zbigniew Ziobro zmaga si\u0119 bowiem z nowotworem prze\u0142yku, jego aktywno\u015b\u0107 medialna sta\u0142a si\u0119 rzadsza, lecz bardziej wyrazista. Narracja obozu by\u0142ego ministra jest jasna: dzia\u0142ania prokuratury to polityczna zemsta, a sam Ziobro jest ofiar\u0105 systemu, kt\u00f3ry pr\u00f3buje zniszczy\u0107 przeciwnik\u00f3w obecnego premiera. W tym kontek\u015bcie ka\u017cdy publiczny gest, ka\u017cda wypowied\u017a i miejsce, w kt\u00f3rym si\u0119 pojawia, s\u0105 starannie re\u017cyserowane, aby wzmacnia\u0107 przekaz. Sytuacja ta polaryzuje spo\u0142ecze\u0144stwo, stawiaj\u0105c pytania o granice odpowiedzialno\u015bci polityk\u00f3w oraz skuteczno\u015b\u0107 rozlicze\u0144, kt\u00f3re w przesz\u0142o\u015bci cz\u0119sto ko\u0144czy\u0142y si\u0119 jedynie na medialnych zapowiedziach.<br><\/p>\n\n\n\n<p>To st\u0105d Zbigniew Ziobro nada\u0142 komunikat<br>Pojawienie si\u0119 Zbigniewa Ziobry w Budapeszcie nie jest jedynie wyjazdem zagranicznym; to manifestacja polityczna osadzona w g\u0142\u0119bokim kontek\u015bcie historycznym, kt\u00f3ry ma rezonowa\u0107 z prawicowym elektoratem. Wyb\u00f3r stolicy W\u0119gier, kraju rz\u0105dzonego przez Viktora Orbana, postrzeganego przez polsk\u0105 prawic\u0119 jako ostoja konserwatywnych warto\u015bci w Europie, jest sygna\u0142em o poszukiwaniu sojusznik\u00f3w w walce z, jak to okre\u015bla \u015brodowisko Ziobry, brukselskim dyktatem. Jednak to konkretna lokalizacja wywiadu dla TV Republika przyci\u0105ga najwi\u0119ksz\u0105 uwag\u0119 analityk\u00f3w symboliki politycznej. Ziobro stan\u0105\u0142 na tle pomnika upami\u0119tniaj\u0105cego powstanie w\u0119gierskie z lat 1848-1849, b\u0119d\u0105ce cz\u0119\u015bci\u0105 Wiosny Lud\u00f3w.<br><\/p>\n\n\n\n<figure class=\"wp-block-image size-full\"><img loading=\"lazy\" decoding=\"async\" width=\"906\" height=\"678\" src=\"https:\/\/swiat24.pl.ua\/wp-content\/uploads\/2025\/11\/image-27.png\" alt=\"\" class=\"wp-image-18069\" srcset=\"https:\/\/swiat24.pl.ua\/wp-content\/uploads\/2025\/11\/image-27.png 906w, https:\/\/swiat24.pl.ua\/wp-content\/uploads\/2025\/11\/image-27-300x225.png 300w, https:\/\/swiat24.pl.ua\/wp-content\/uploads\/2025\/11\/image-27-768x575.png 768w\" sizes=\"auto, (max-width: 906px) 100vw, 906px\" \/><\/figure>\n\n\n\n<p>Wyb\u00f3r tego t\u0142a to czytelne nawi\u0105zanie do historycznego braterstwa broni Polak\u00f3w i W\u0119gr\u00f3w, walcz\u0105cych rami\u0119 w rami\u0119 przeciwko zaborcom i imperialnym pot\u0119gom tamtego okresu, czyli Austrii i Rosji. Pomnik ten jest symbolem walki o suwerenno\u015b\u0107 i wolno\u015b\u0107 narod\u00f3w, a obecno\u015b\u0107 tam polskich dow\u00f3dc\u00f3w, z genera\u0142em J\u00f3zefem Bemem na czele, do dzi\u015b stanowi fundament przyja\u017ani obu narod\u00f3w. Ziobro, ustawiaj\u0105c si\u0119 w tym miejscu, mo\u017ce wykorzystywa\u0107 t\u0119 symbolik\u0119, aby wpisa\u0107 swoj\u0105 obecn\u0105 sytuacj\u0119, bycie na celowniku prokuratury i rz\u0105du Donalda Tuska, w heroiczny mit walki o niepodleg\u0142o\u015b\u0107.<\/p>\n\n\n\n<p>W\u0119gry, a w szczeg\u00f3lno\u015bci Budapeszt, od lat stanowi\u0105 dla \u015brodowiska Suwerennej Polski punkt odniesienia w kwestii prowadzenia polityki suwerenno\u015bciowej i oporu wobec g\u0142\u00f3wnego nurtu Unii Europejskiej. W kontek\u015bcie spekulacji o mo\u017cliwym wniosku o areszt i wydaniu Europejskiego Nakazu Aresztowania, obecno\u015b\u0107 Ziobry w kraju, kt\u00f3ry wielokrotnie kontestowa\u0142 decyzje unijnych trybuna\u0142\u00f3w, mo\u017ce by\u0107 odczytywana dwuznacznie. Z jednej strony jako demonstracja politycznej przyja\u017ani, z drugiej jako sygna\u0142, \u017ce by\u0142y minister mo\u017ce szuka\u0107 oparcia w jurysdykcjach, kt\u00f3re nie b\u0119d\u0105 sk\u0142onne do bezrefleksyjnej wsp\u00f3\u0142pracy z obecnym polskim rz\u0105dem.<br><\/p>\n\n\n\n<p>Zbigniew Ziobro uderza w Donalda Tuska<br>W rozmowie na antenie TV Republika Zbigniew Ziobro nie ograniczy\u0142 si\u0119 jedynie do symbolicznych gest\u00f3w, ale przeszed\u0142 do bezpo\u015bredniej ofensywy werbalnej, uderzaj\u0105c w Donalda Tuska z niespotykan\u0105 dot\u0105d ostro\u015bci\u0105. Okre\u015blenie wsp\u00f3\u0142pracownik\u00f3w i \u015brodowiska politycznego premiera konkretnym okre\u015bleniem to celowy zabieg retoryczny, maj\u0105cy na celu nie tylko deprecjacj\u0119 oponent\u00f3w, ale wr\u0119cz ich dehumanizacj\u0119 w oczach konserwatywnego wyborcy. Ziobro, stoj\u0105c na w\u0119gierskiej ziemi, oskar\u017cy\u0142 obecny rz\u0105d o dzia\u0142anie na polityczne zlecenie, sugeruj\u0105c, \u017ce dzia\u0142ania prokuratury i s\u0142u\u017cb specjalnych s\u0105 sterowane r\u0119cznie z kancelarii premiera, a ich celem jest fizyczna i polityczna eliminacja przeciwnik\u00f3w.<\/p>\n\n\n\n<p>estem niewinny, nie przestrasz\u0105 mnie, nie dam si\u0119 z\u0142ama\u0107. Ze spokojem na to patrz\u0119. Jestem przekonany, \u017ce fina\u0142 b\u0119dzie z\u0142y, ale dla Tuska i tej zgrai, kt\u00f3ra wykorzystuje prokuratur\u0119 nielegalnie przej\u0119t\u0105 do niszczenia opozycji, do zemsty, do odwetu, ale fina\u0142 b\u0119dzie dla nich niedobry &#8211; m\u00f3wi\u0142 Ziobro.<\/p>\n\n\n\n<p>By\u0142y Prokurator Generalny w swoim wyst\u0105pieniu podkre\u015bla\u0142, \u017ce nie zamierza sk\u0142ada\u0107 broni, a jego obecno\u015b\u0107 w \u017cyciu publicznym, nawet z zagranicy, jest dowodem na to, \u017ce nie da si\u0119 go uciszy\u0107. Ziobro buduje narracj\u0119, w kt\u00f3rej dzia\u0142ania rz\u0105du Tuska, a tak\u017ce Romana Giertycha, Tomasz Grodzki i inni politycy obozu rz\u0105dz\u0105cego, s\u0105 elementem zorganizowanej nagonki, maj\u0105cej na celu przykrycie rzekomych niekompetencji obecnej w\u0142adzy oraz realizacj\u0119 &#8220;zemsty&#8221; za lata rz\u0105d\u00f3w Zjednoczonej Prawicy.<\/p>\n\n\n\n<p>Zabezpieczenie to dalszy ci\u0105g zemsty Tuska za liczne \u015bledztwa, kt\u00f3re ujawni\u0142y ogromn\u0105 korupcj\u0119 i z\u0142odziejstwo w jego najbli\u017cszym otoczeniu. Wystarczy przypomina\u0107: Nowaka, Giertycha, Grodzkiego, Gaw\u0142owskiego, Karpi\u0144skiego, ca\u0142e grono jego najbli\u017cszych wsp\u00f3\u0142pracownik\u00f3w, wysokich funkcjonariuszy pa\u0144stwa z jego ramienia &#8211; kontynuowa\u0142 Ziobro.<br><\/p>\n","protected":false},"excerpt":{"rendered":"Podczas gdy w kraju temperatura sporu wok\u00f3\u0142 Funduszu Sprawiedliwo\u015bci osi\u0105ga punkt wrzenia, a prokuratura stawia kolejne zarzuty, by\u0142y minister sprawiedliwo\u015bci Zbigniew Ziobro nadaje \n<a class=\"moretag\" href=\"https:\/\/swiat24.pl.ua\/?p=18067\"> [...]<\/a>","protected":false},"author":1,"featured_media":18070,"comment_status":"open","ping_status":"open","sticky":false,"template":"","format":"standard","meta":{"footnotes":""},"categories":[1],"tags":[],"class_list":["post-18067","post","type-post","status-publish","format-standard","has-post-thumbnail","hentry","category-blog"],"_links":{"self":[{"href":"https:\/\/swiat24.pl.ua\/index.php?rest_route=\/wp\/v2\/posts\/18067","targetHints":{"allow":["GET"]}}],"collection":[{"href":"https:\/\/swiat24.pl.ua\/index.php?rest_route=\/wp\/v2\/posts"}],"about":[{"href":"https:\/\/swiat24.pl.ua\/index.php?rest_route=\/wp\/v2\/types\/post"}],"author":[{"embeddable":true,"href":"https:\/\/swiat24.pl.ua\/index.php?rest_route=\/wp\/v2\/users\/1"}],"replies":[{"embeddable":true,"href":"https:\/\/swiat24.pl.ua\/index.php?rest_route=%2Fwp%2Fv2%2Fcomments&post=18067"}],"version-history":[{"count":1,"href":"https:\/\/swiat24.pl.ua\/index.php?rest_route=\/wp\/v2\/posts\/18067\/revisions"}],"predecessor-version":[{"id":18071,"href":"https:\/\/swiat24.pl.ua\/index.php?rest_route=\/wp\/v2\/posts\/18067\/revisions\/18071"}],"wp:featuredmedia":[{"embeddable":true,"href":"https:\/\/swiat24.pl.ua\/index.php?rest_route=\/wp\/v2\/media\/18070"}],"wp:attachment":[{"href":"https:\/\/swiat24.pl.ua\/index.php?rest_route=%2Fwp%2Fv2%2Fmedia&parent=18067"}],"wp:term":[{"taxonomy":"category","embeddable":true,"href":"https:\/\/swiat24.pl.ua\/index.php?rest_route=%2Fwp%2Fv2%2Fcategories&post=18067"},{"taxonomy":"post_tag","embeddable":true,"href":"https:\/\/swiat24.pl.ua\/index.php?rest_route=%2Fwp%2Fv2%2Ftags&post=18067"}],"curies":[{"name":"wp","href":"https:\/\/api.w.org\/{rel}","templated":true}]}}