{"id":18055,"date":"2025-11-23T10:48:54","date_gmt":"2025-11-23T10:48:54","guid":{"rendered":"https:\/\/swiat24.pl.ua\/?p=18055"},"modified":"2025-11-23T10:48:54","modified_gmt":"2025-11-23T10:48:54","slug":"zle-wiesci-dla-nawrockiego-najnowszy-sondaz-mowi-wszystko-polacy-maja-watpliwosci","status":"publish","type":"post","link":"https:\/\/swiat24.pl.ua\/?p=18055","title":{"rendered":"Z\u0142e wie\u015bci dla Nawrockiego. Najnowszy sonda\u017c m\u00f3wi wszystko, Polacy maj\u0105 w\u0105tpliwo\u015bci"},"content":{"rendered":"\n<p>Miodowy miesi\u0105c nowej prezydentury definitywnie dobieg\u0142 ko\u0144ca, a nastroje w Pa\u0142acu Prezydenckim staj\u0105 si\u0119 ponure. <\/p>\n\n\n\n<p>Min\u0119\u0142o zaledwie trzy miesi\u0105ce od zaprzysi\u0119\u017cenia Karola Nawrockiego na urz\u0105d Prezydenta, a entuzjazm jego sztabowc\u00f3w zderzy\u0142 si\u0119 z brutaln\u0105 rzeczywisto\u015bci\u0105 sonda\u017cow\u0105. Polacy wyrazili swoje zdanie na temat jego niezale\u017cno\u015bci.<\/p>\n\n\n\n<p>Karol Nawrocki zosta\u0142 prezydentem Polski<br>Jeszcze w trakcie gor\u0105cej, wiosennej kampanii wyborczej w 2025 roku sztab Karola Nawrockiego, wspierany przez pot\u0119\u017cn\u0105 machin\u0119 Prawa i Sprawiedliwo\u015bci, robi\u0142 wszystko, by odklei\u0107 od kandydata etykiet\u0119 partyjnego nominata.<\/p>\n\n\n\n<p> Narracja o &#8220;kandydacie obywatelskim\u201d, historyku i pa\u0144stwowcu, wspieranym przez szerokie spektrum \u015brodowisk patriotycznych, a nie tylko aparat partyjny, by\u0142a kluczem do zwyci\u0119stwa nad kandydatem Koalicji Obywatelskiej. Strategia ta, polegaj\u0105ca na chowaniu partyjnych logotyp\u00f3w i eksponowaniu bia\u0142o-czerwonych flag, okaza\u0142a si\u0119 skuteczna przy urnach, pozwalaj\u0105c na minimalne, ale jednak zwyci\u0119stwo.<br><\/p>\n\n\n\n<figure class=\"wp-block-image size-full\"><img loading=\"lazy\" decoding=\"async\" width=\"901\" height=\"713\" src=\"https:\/\/swiat24.pl.ua\/wp-content\/uploads\/2025\/11\/image-24.png\" alt=\"\" class=\"wp-image-18056\" srcset=\"https:\/\/swiat24.pl.ua\/wp-content\/uploads\/2025\/11\/image-24.png 901w, https:\/\/swiat24.pl.ua\/wp-content\/uploads\/2025\/11\/image-24-300x237.png 300w, https:\/\/swiat24.pl.ua\/wp-content\/uploads\/2025\/11\/image-24-768x608.png 768w\" sizes=\"auto, (max-width: 901px) 100vw, 901px\" \/><\/figure>\n\n\n\n<p>Jednak w zderzeniu z tward\u0105 polityczn\u0105 rzeczywisto\u015bci\u0105 trudnej kohabitacji z rz\u0105dem Donalda Tuska misternie tkany wizerunek zaczyna p\u0119ka\u0107 w szwach. Wyborcy, zm\u0119czeni latami politycznego teatru, oczekiwali nowej jako\u015bci i realnego arbitra\u017cu, tymczasem pierwsze miesi\u0105ce urz\u0119dowania przynios\u0142y seri\u0119 decyzji, kt\u00f3re przez krytyk\u00f3w s\u0105 interpretowane jako bezpo\u015brednia realizacja instrukcji prezesa Jaros\u0142awa Kaczy\u0144skiego.<\/p>\n\n\n\n<p>Rzeczywisto\u015b\u0107 skrzeczy, a polityczne gesty wykonywane przez Pa\u0142ac Prezydencki nie znajduj\u0105 zrozumienia u szerokiej opinii publicznej. Sierpniowa Rada Gabinetowa, kt\u00f3ra w za\u0142o\u017ceniu otoczenia prezydenta mia\u0142a by\u0107 otwarciem nowego rozdzia\u0142u merytorycznej wsp\u00f3\u0142pracy z Rad\u0105 Ministr\u00f3w, sta\u0142a si\u0119 symbolem ch\u0142odu i braku zaufania mi\u0119dzy dwoma o\u015brodkami w\u0142adzy wykonawczej. Prezydent, mimo pr\u00f3b budowania w\u0142asnej, autorskiej agendy, skupionej wok\u00f3\u0142 bezpiecze\u0144stwa historycznego, suwerenno\u015bci energetycznej i ochrony polskiej wsi, w oczach opinii publicznej wci\u0105\u017c walczy o podstawow\u0105 podmiotowo\u015b\u0107. Polityczny gorset, w kt\u00f3rym Karol Nawrocki wszed\u0142 do Pa\u0142acu, zamiast si\u0119 luzowa\u0107 wraz z up\u0142ywem czasu i rosn\u0105cym autorytetem urz\u0119du, zdaje si\u0119 zaciska\u0107 coraz mocniej.<br><\/p>\n\n\n\n<p>W\u0105tpliwo\u015bci co do niezale\u017cno\u015bci Karola Nawrockiego<br>Utrwalaj\u0105cy si\u0119 brak wiary w niezale\u017cno\u015b\u0107 prezydenta to nie tylko problem wizerunkowy, kt\u00f3ry mo\u017cna przykry\u0107 now\u0105 kampani\u0105 PR-ow\u0105, ale przede wszystkim pot\u0119\u017cny problem polityczny, drastycznie os\u0142abiaj\u0105cy pozycj\u0119 negocjacyjn\u0105 g\u0142owy pa\u0144stwa w ka\u017cdym starciu z rz\u0105dem. Donald Tusk, b\u0119d\u0105cy wytrawnym graczem politycznym z europejskim do\u015bwiadczeniem, doskonale wyczuwa t\u0119 s\u0142abo\u015b\u0107 i bezlito\u015bnie j\u0105 wykorzystuje. Z bada\u0144 opinii publicznej wy\u0142ania si\u0119 wyra\u017any trend: w warunkach kohabitacji to szef rz\u0105du narzuca tematy i narracj\u0119, spychaj\u0105c prezydenta do defensywy i naro\u017cnika &#8220;hamulcowego\u201d. Rz\u0105d skutecznie buduje przekaz, w kt\u00f3rym ka\u017cda prezydencka inicjatywa ustawodawcza czy weto s\u0105 przedstawiane jako sabota\u017c zlecany przez prezesa PiS, co zwalnia premiera z konieczno\u015bci merytorycznego odnoszenia si\u0119 do zastrze\u017ce\u0144 Pa\u0142acu.<br><\/p>\n\n\n\n<figure class=\"wp-block-image size-full\"><img loading=\"lazy\" decoding=\"async\" width=\"908\" height=\"614\" src=\"https:\/\/swiat24.pl.ua\/wp-content\/uploads\/2025\/11\/image-25.png\" alt=\"\" class=\"wp-image-18057\" srcset=\"https:\/\/swiat24.pl.ua\/wp-content\/uploads\/2025\/11\/image-25.png 908w, https:\/\/swiat24.pl.ua\/wp-content\/uploads\/2025\/11\/image-25-300x203.png 300w, https:\/\/swiat24.pl.ua\/wp-content\/uploads\/2025\/11\/image-25-768x519.png 768w\" sizes=\"auto, (max-width: 908px) 100vw, 908px\" \/><\/figure>\n\n\n\n<p>Je\u015bli Karol Nawrocki nie wykona w najbli\u017cszych miesi\u0105cach gwa\u0142townego zwrotu, na przyk\u0142ad wetuj\u0105c ustaw\u0119 wa\u017cn\u0105 dla aparatu PiS, ale szkodliw\u0105 z punktu widzenia centrum, lub inicjuj\u0105c ponadpartyjny projekt ustawodawczy wbrew woli Nowogrodzkiej (np. w kwestiach obronno\u015bci czy demografii), grozi mu syndrom \u201cbelwederskiej samotno\u015bci\u201d. Etykieta \u201dd\u0142ugopisu prezesa\u201d, kt\u00f3ra nies\u0142usznie lub s\u0142usznie przylgn\u0119\u0142a do jego poprzednika w pewnych okresach, a teraz jest transferowana na niego, z ka\u017cdym tygodniem zastyga coraz mocniej jak szybkoschn\u0105cy beton. Wchodzimy w kluczowy okres prac nad bud\u017cetem na 2026 rok, a to b\u0119dzie ostateczny test.<\/p>\n\n\n\n<p>Je\u015bli prezydent zdecyduje si\u0119 na odes\u0142anie ustawy bud\u017cetowej do Trybuna\u0142u Konstytucyjnego, ryzykuj\u0105c skr\u00f3cenie kadencji parlamentu i polityczny chaos, ostatecznie potwierdzi w oczach centrum swoj\u0105 rol\u0119 jako narz\u0119dzia w r\u0119kach partii. Je\u015bli j\u0105 podpisze, narazi si\u0119 na gniew swojego politycznego zaplecza, ale mo\u017ce zyska\u0107 milimetr przestrzeni na w\u0142asn\u0105 podmiotowo\u015b\u0107. Paradoks sytuacji polega na tym, \u017ce wysokie poparcie w\u015br\u00f3d m\u0142odych i wci\u0105\u017c spory kredyt zaufania na prowincji daj\u0105 potencja\u0142 na prezydentur\u0119 nowoczesn\u0105, dynamiczn\u0105 i aktywn\u0105. Pytanie tylko, czy Karol Nawrocki odwa\u017cy si\u0119 po ten potencja\u0142 si\u0119gn\u0105\u0107, ryzykuj\u0105c otwarty konflikt ze swoim \u015brodowiskiem, czy te\u017c wybierze bezpieczn\u0105, ale wizerunkowo i politycznie zab\u00f3jcz\u0105 rol\u0119 partyjnego zak\u0142adnika. Czas na decyzj\u0119 ucieka, a sonda\u017cowe s\u0142upki nieub\u0142aganie lec\u0105 w d\u00f3\u0142, zwiastuj\u0105c, \u017ce marzenia o drugiej kadencji mog\u0105 sko\u0144czy\u0107 si\u0119 szybciej, ni\u017c ktokolwiek przypuszcza\u0142.\u00a0<br><\/p>\n\n\n\n<p>Polacy ocenili niezale\u017cno\u015b\u0107 Karola Nawrockiego<br>Najwi\u0119kszym problemem Karola Nawrockiego nie s\u0105 jednak z\u0142o\u015bliwe komentarze premiera czy ataki sprzyjaj\u0105cych rz\u0105dowi medi\u00f3w, ale twarde, nieub\u0142agane dane p\u0142yn\u0105ce z bada\u0144 opinii publicznej. Sonda\u017c Og\u00f3lnopolski Panel Badawczy Ariadna przeprowadzony dla Wirtualnej Polski w po\u0142owie listopada 2025 roku nie pozostawia z\u0142udze\u0144 i powinien wywo\u0142a\u0107 alarm na zapleczu prezydenta: Polacy gremialnie nie wierz\u0105 w niezale\u017cno\u015b\u0107 g\u0142owy pa\u0144stwa.<\/p>\n\n\n\n<p>A\u017c 46 proc. respondent\u00f3w uwa\u017ca, \u017ce prezydent nie jest niezale\u017cny od wp\u0142yw\u00f3w Prawa i Sprawiedliwo\u015bci oraz osobistego wp\u0142ywu Jaros\u0142awa Kaczy\u0144skiego. W tej grupie a\u017c blisko 27 proc. ankietowanych uwa\u017ca go za \u201cbardzo zale\u017cnego\u201d, a 19 proc. za raczej zale\u017cnego, co \u015bwiadczy o g\u0142\u0119bokim zakorzenieniu tego pogl\u0105du w \u015bwiadomo\u015bci spo\u0142ecznej. To niepokoj\u0105cy wynik, zw\u0142aszcza je\u015bli we\u017amiemy pod uwag\u0119, \u017ce od wybor\u00f3w min\u0105\u0142 czas, w kt\u00f3rym prezydent mia\u0142 kilka okazji, cho\u0107by podczas mianowania genera\u0142\u00f3w czy wyst\u0105pie\u0144 zagranicznych, by pokaza\u0107 swoj\u0105 autonomi\u0119. Wiar\u0119 w podmiotowo\u015b\u0107 Nawrockiego deklaruje obecnie jedynie 32 proc. badanych, co jest wynikiem poni\u017cej poziomu poparcia, jakie uzyska\u0142 w drugiej turze wybor\u00f3w.<\/p>\n\n\n\n<p>Co gorsza dla Pa\u0142acu Prezydenckiego, tendencja ta nie jest wynikiem jednorazowego wahni\u0119cia, lecz odzwierciedla szerszy klimat polityczny, w kt\u00f3rym oczekiwanie na wyrazist\u0105, samodzieln\u0105 postaw\u0119 g\u0142owy pa\u0144stwa pozostaje niezaspokojone. Zwraca si\u0119 uwag\u0119, \u017ce nawet tam, gdzie prezydent podejmowa\u0142 dzia\u0142ania potencjalnie sprzyjaj\u0105ce budowaniu w\u0142asnego wizerunku, brakowa\u0142o im konsekwencji lub komunikacyjnej mocy zdolnej przebi\u0107 dominuj\u0105ce narracje. W efekcie obraz Nawrockiego jako polityka funkcjonuj\u0105cego w cieniu poprzedniego obozu rz\u0105dz\u0105cego utrwala si\u0119, zamiast stopniowo zanika\u0107.<\/p>\n\n\n\n<p>Ankietowani byli osi\u0105gani przez badaczy za pomoc\u0105 internetu (metoda CAWI) podczas bada\u0144 przeprowadzonych 13-14 listopada. W sonda\u017cu uczestniczy\u0142o 1050 pe\u0142noletnich os\u00f3b z Polski, reprezentuj\u0105cych zr\u00f3\u017cnicowane \u015brodowiska i profesje oraz mieszkaj\u0105cych w miejscowo\u015bciach o r\u00f3\u017cnej wielko\u015bci.<br><\/p>\n","protected":false},"excerpt":{"rendered":"Miodowy miesi\u0105c nowej prezydentury definitywnie dobieg\u0142 ko\u0144ca, a nastroje w Pa\u0142acu Prezydenckim staj\u0105 si\u0119 ponure. Min\u0119\u0142o zaledwie trzy miesi\u0105ce od zaprzysi\u0119\u017cenia Karola Nawrockiego \n<a class=\"moretag\" href=\"https:\/\/swiat24.pl.ua\/?p=18055\"> [...]<\/a>","protected":false},"author":1,"featured_media":18058,"comment_status":"open","ping_status":"open","sticky":false,"template":"","format":"standard","meta":{"footnotes":""},"categories":[1],"tags":[],"class_list":["post-18055","post","type-post","status-publish","format-standard","has-post-thumbnail","hentry","category-blog"],"_links":{"self":[{"href":"https:\/\/swiat24.pl.ua\/index.php?rest_route=\/wp\/v2\/posts\/18055","targetHints":{"allow":["GET"]}}],"collection":[{"href":"https:\/\/swiat24.pl.ua\/index.php?rest_route=\/wp\/v2\/posts"}],"about":[{"href":"https:\/\/swiat24.pl.ua\/index.php?rest_route=\/wp\/v2\/types\/post"}],"author":[{"embeddable":true,"href":"https:\/\/swiat24.pl.ua\/index.php?rest_route=\/wp\/v2\/users\/1"}],"replies":[{"embeddable":true,"href":"https:\/\/swiat24.pl.ua\/index.php?rest_route=%2Fwp%2Fv2%2Fcomments&post=18055"}],"version-history":[{"count":1,"href":"https:\/\/swiat24.pl.ua\/index.php?rest_route=\/wp\/v2\/posts\/18055\/revisions"}],"predecessor-version":[{"id":18059,"href":"https:\/\/swiat24.pl.ua\/index.php?rest_route=\/wp\/v2\/posts\/18055\/revisions\/18059"}],"wp:featuredmedia":[{"embeddable":true,"href":"https:\/\/swiat24.pl.ua\/index.php?rest_route=\/wp\/v2\/media\/18058"}],"wp:attachment":[{"href":"https:\/\/swiat24.pl.ua\/index.php?rest_route=%2Fwp%2Fv2%2Fmedia&parent=18055"}],"wp:term":[{"taxonomy":"category","embeddable":true,"href":"https:\/\/swiat24.pl.ua\/index.php?rest_route=%2Fwp%2Fv2%2Fcategories&post=18055"},{"taxonomy":"post_tag","embeddable":true,"href":"https:\/\/swiat24.pl.ua\/index.php?rest_route=%2Fwp%2Fv2%2Ftags&post=18055"}],"curies":[{"name":"wp","href":"https:\/\/api.w.org\/{rel}","templated":true}]}}